{"id":702178,"date":"2025-01-24T21:20:11","date_gmt":"2025-01-25T01:20:11","guid":{"rendered":"https:\/\/unifranz.edu.bo\/?p=702178"},"modified":"2025-01-24T21:43:32","modified_gmt":"2025-01-25T01:43:32","slug":"historias-detras-de-una-sonrisa-el-caso-clinico-de-hiperdoncia-multiple-con-final-feliz","status":"publish","type":"post","link":"https:\/\/unifranz.edu.bo\/pt\/blog\/historias-detras-de-una-sonrisa-el-caso-clinico-de-hiperdoncia-multiple-con-final-feliz\/","title":{"rendered":"Historias detr\u00e1s de una sonrisa: el caso cl\u00ednico de hiperdoncia m\u00faltiple con final feliz"},"content":{"rendered":"<p>A sus 23 a\u00f1os, Mario (nombre convencional para preservar su privacidad) se enfrentaba a un diagn\u00f3stico inusual: hiperdoncia m\u00faltiple no sindr\u00f3mica. Esta condici\u00f3n, caracterizada por la presencia de piezas dentarias supernumerarias, hab\u00eda comenzado a manifestarse cuando ten\u00eda 19 a\u00f1os y empezaba a complicar su calidad de vida.&nbsp;<\/p>\n\n\n\n<blockquote class=\"wp-block-quote is-layout-flow wp-block-quote-is-layout-flow\">\n<h2 class=\"wp-block-heading\" id=\"h-sentia-molestias-constantes-en-los-maxilares-especialmente-con-la-erupcion-de-los-terceros-molares-inferiores-relato-el-paciente-durante-su-primera-consulta-fue-entonces-cuando-una-radiografia-panoramica-revelo-la-presencia-de-varias-piezas-adicionales-alojadas-en-regiones-paramolares-las-cuales-no-solo-alteraban-la-estetica-dental-sino-que-tambien-comprometian-su-salud-bucal\">\u201cSent\u00eda molestias constantes en los maxilares, especialmente con la erupci\u00f3n de los terceros molares inferiores\u201d, relat\u00f3 el paciente durante su primera consulta. Fue entonces cuando una radiograf\u00eda panor\u00e1mica revel\u00f3 la presencia de varias piezas adicionales alojadas en regiones paramolares, las cuales no solo alteraban la est\u00e9tica dental, sino que tambi\u00e9n compromet\u00edan su salud bucal.<\/h2>\n<\/blockquote>\n\n\n\n<p>El tratamiento interdisciplinario y quir\u00fargico de este caso estuvo liderado por Dami\u00e1n M. Bertiz Loza, m\u00e9dico dentista y docente de la carrera de Odontolog\u00eda de la Universidad Franz Tamayo, Unifranz.<\/p>\n\n\n\n<p>\u201cEstos casos son poco frecuentes y representan menos del 1% de la poblaci\u00f3n, especialmente cuando no est\u00e1n asociados a s\u00edndromes espec\u00edficos\u201d, explica el especialista a prop\u00f3sito del estudio del caso cl\u00ednico, que fue tratado exitosamente para evitar futuras complicaciones.<\/p>\n\n\n\n<p>Las piezas supernumerarias pueden darse en cualquiera de las dos denticiones del hombre, ya sea temporaria o permanente, en uno o varios grupos dentarios. Su diagn\u00f3stico generalmente es incidental, pero de vital importancia para evitar complicaciones en su proceso de evoluci\u00f3n.<\/p>\n\n\n\n<h2 class=\"wp-block-heading\" id=\"h-hiperdoncia-cuando-los-dientes-desafian-las-normas\"><strong>Hiperdoncia: cuando los dientes desaf\u00edan las normas<\/strong><\/h2>\n\n\n\n<p>Las piezas dentarias supernumerarias, conocidas tambi\u00e9n como hiperdoncias, son anomal\u00edas dentales que alteran la f\u00f3rmula habitual de 32 dientes en la dentici\u00f3n permanente o 20 en la decidua (dientes de leche que suelen acompa\u00f1arnos durante nuestros primeros a\u00f1os de vida). Aunque su origen exacto sigue siendo incierto, varias teor\u00edas apuntan a la divisi\u00f3n del germen dentario o la hiperactividad de la l\u00e1mina dental como posibles causas.<\/p>\n\n\n\n<p>\u201cEn la mayor\u00eda de los casos, las hiperdoncias se identifican de forma incidental durante ex\u00e1menes radiogr\u00e1ficos de rutina. Sin embargo, cuando las piezas comienzan a erupcionar, pueden generar dolor, api\u00f1amiento dental, alteraciones est\u00e9ticas y da\u00f1os en las estructuras adyacentes\u201d, explica Bertiz.&nbsp;<\/p>\n\n\n\n<p>Este fue precisamente el escenario que enfrent\u00f3 Mario (caso cl\u00ednico), cuyo diagn\u00f3stico temprano permiti\u00f3 una intervenci\u00f3n quir\u00fargica efectiva.<\/p>\n\n\n\n<h2 class=\"wp-block-heading\" id=\"h-la-cirugia-un-enfoque-preciso-y-multidisciplinario\"><strong>La cirug\u00eda: un enfoque preciso y multidisciplinario<\/strong><\/h2>\n\n\n\n<p>Mario fue sometido a una cirug\u00eda bajo anestesia general para la extracci\u00f3n de las piezas supernumerarias bilaterales ubicadas en la regi\u00f3n paramolar inferior.&nbsp;<\/p>\n\n\n\n<p>\u201cLa planificaci\u00f3n previa al procedimiento es clave. Contar con im\u00e1genes diagn\u00f3sticas detalladas, como radiograf\u00edas panor\u00e1micas y tomograf\u00edas computarizadas, nos permite abordar quir\u00fargicamente las zonas afectadas con mayor seguridad\u201d, destaca el odont\u00f3logo.<\/p>\n\n\n\n<p>El procedimiento incluy\u00f3 la incisi\u00f3n de la mucosa en las \u00e1reas linguales, el levantamiento de colgajos quir\u00fargicos y una osteotom\u00eda cuidadosa para evitar da\u00f1ar estructuras anat\u00f3micas cr\u00edticas, como nervios y gl\u00e1ndulas salivales.&nbsp;<\/p>\n\n\n\n<blockquote class=\"wp-block-quote is-layout-flow wp-block-quote-is-layout-flow\">\n<p>\u201cLa precisi\u00f3n en cada paso es fundamental para minimizar riesgos y garantizar la recuperaci\u00f3n del paciente\u201d, a\u00f1ade el especialista.<\/p>\n<\/blockquote>\n\n\n\n<p>Tras la extracci\u00f3n de las piezas supernumerarias, se realiz\u00f3 la s\u00edntesis del lecho quir\u00fargico utilizando suturas reabsorbibles, seguidas de un riguroso protocolo postoperatorio que incluy\u00f3 analg\u00e9sicos, antibi\u00f3ticos y enjuagues antis\u00e9pticos. La evoluci\u00f3n de Mario fue satisfactoria, logrando una cicatrizaci\u00f3n completa en solo 15 d\u00edas.<\/p>\n\n\n\n<h2 class=\"wp-block-heading\" id=\"h-la-importancia-del-diagnostico-y-tratamiento-oportuno\"><strong>La importancia del diagn\u00f3stico y tratamiento oportuno<\/strong><\/h2>\n\n\n\n<p>El caso de Mario ilustra c\u00f3mo un diagn\u00f3stico temprano y un enfoque interdisciplinario pueden marcar la diferencia en la salud bucal de los pacientes.&nbsp;<\/p>\n\n\n\n<p>\u201cEs crucial que las personas acudan a revisiones peri\u00f3dicas con su odont\u00f3logo. Muchas de estas alteraciones son asintom\u00e1ticas y, si no se tratan a tiempo, pueden derivar en complicaciones m\u00e1s graves\u201d, enfatiza Bertiz.<\/p>\n\n\n\n<p>Adem\u00e1s, este tipo de intervenciones no solo tienen un impacto funcional, sino tambi\u00e9n emocional. \u201cRecuperar la sonrisa de un paciente y mejorar su calidad de vida es nuestra mayor recompensa como profesionales de la salud\u201d, concluye.<\/p>\n\n\n\n<p>Este caso cl\u00ednico, documentado por el equipo de especialistas y difundido en Vitalia, una revista cient\u00edfica acad\u00e9mica de Paraguay, no solo enriquece el campo de la odontolog\u00eda, sino que tambi\u00e9n subraya la importancia de compartir experiencias para mejorar la pr\u00e1ctica profesional.<\/p>","protected":false},"excerpt":{"rendered":"<p>A sus 23 a\u00f1os, Mario (nombre convencional para preservar su privacidad) se enfrentaba a un diagn\u00f3stico inusual: hiperdoncia m\u00faltiple no sindr\u00f3mica. Esta condici\u00f3n, caracterizada por la presencia de piezas dentarias supernumerarias, hab\u00eda comenzado a manifestarse cuando ten\u00eda 19 a\u00f1os y empezaba a complicar su calidad de vida.\u00a0<\/p>","protected":false},"author":50,"featured_media":702179,"comment_status":"open","ping_status":"open","sticky":false,"template":"","format":"standard","meta":{"_acf_changed":false,"footnotes":""},"categories":[60,2980],"tags":[10648,9972,1422,186,3908,242],"class_list":["post-702178","post","type-post","status-publish","format-standard","has-post-thumbnail","hentry","category-blog","category-odontologia-es-2","tag-hiperdoncia","tag-historias-de-bolivia","tag-innovacion-en-educacion","tag-odontologia","tag-sonrisa","tag-unifranz"],"acf":[],"_links":{"self":[{"href":"https:\/\/unifranz.edu.bo\/pt\/wp-json\/wp\/v2\/posts\/702178","targetHints":{"allow":["GET"]}}],"collection":[{"href":"https:\/\/unifranz.edu.bo\/pt\/wp-json\/wp\/v2\/posts"}],"about":[{"href":"https:\/\/unifranz.edu.bo\/pt\/wp-json\/wp\/v2\/types\/post"}],"author":[{"embeddable":true,"href":"https:\/\/unifranz.edu.bo\/pt\/wp-json\/wp\/v2\/users\/50"}],"replies":[{"embeddable":true,"href":"https:\/\/unifranz.edu.bo\/pt\/wp-json\/wp\/v2\/comments?post=702178"}],"version-history":[{"count":1,"href":"https:\/\/unifranz.edu.bo\/pt\/wp-json\/wp\/v2\/posts\/702178\/revisions"}],"predecessor-version":[{"id":702182,"href":"https:\/\/unifranz.edu.bo\/pt\/wp-json\/wp\/v2\/posts\/702178\/revisions\/702182"}],"wp:featuredmedia":[{"embeddable":true,"href":"https:\/\/unifranz.edu.bo\/pt\/wp-json\/wp\/v2\/media\/702179"}],"wp:attachment":[{"href":"https:\/\/unifranz.edu.bo\/pt\/wp-json\/wp\/v2\/media?parent=702178"}],"wp:term":[{"taxonomy":"category","embeddable":true,"href":"https:\/\/unifranz.edu.bo\/pt\/wp-json\/wp\/v2\/categories?post=702178"},{"taxonomy":"post_tag","embeddable":true,"href":"https:\/\/unifranz.edu.bo\/pt\/wp-json\/wp\/v2\/tags?post=702178"}],"curies":[{"name":"wp","href":"https:\/\/api.w.org\/{rel}","templated":true}]}}