{"id":69783,"date":"2021-09-10T17:02:39","date_gmt":"2021-09-10T21:02:39","guid":{"rendered":"https:\/\/unifranz.edu.bo\/?p=69783"},"modified":"2021-09-10T17:02:39","modified_gmt":"2021-09-10T21:02:39","slug":"tedxunifranz-puede-una-charla-mover-el-mundo","status":"publish","type":"post","link":"https:\/\/unifranz.edu.bo\/pt\/noticias\/tedxunifranz-puede-una-charla-mover-el-mundo\/","title":{"rendered":"TEDxUNIFRANZ: \u00bfPUEDE UNA CHARLA MOVER EL MUNDO?"},"content":{"rendered":"<p><em>UNIFRANZ se suma a un movimiento que inspira, conecta y comparte acciones que cambian vidas o hacen frente a problemas y desaf\u00edos globales: TEDxUnifranz<\/em><\/p>\n<p>Desde distintas experiencias y enfoques se pueden generar ideas innovadoras, iniciativas transgresoras y proyectos que trasciendan y transforman. Pero esas experiencias de \u00e9xito deben estar acompa\u00f1adas de la motivaci\u00f3n, inspiraci\u00f3n y colaboraci\u00f3n de los expertos que nos mostrar\u00e1n que el camino no ser\u00e1 f\u00e1cil, pero el recorrido ser\u00e1 el \u00fanico aprendizaje posible para la creaci\u00f3n y transformaci\u00f3n.<\/p>\n<p>Esta iniciativa busca generar experiencias de \u00e9xito que provoquen un espacio de reflexi\u00f3n con la comunidad estudiantil.<\/p>\n<p><em>\u201cPorque <\/em><em>nosotros queremos que nuestros estudiantes no solamente sean innovadores y creativos, sino que sean personas \u00edntegras y emp\u00e1ticas, que tengan responsabilidad social; que entiendan que no se trata de ser ricos sino felices; que no se trata de alimentar el ego, sino de ver c\u00f3mo pueden con sus conocimientos y aprendizajes apoyar a los dem\u00e1s, para generar un impacto positivo a su entorno\u201d,<\/em> destaco Ver\u00f3nica Agreda de Pazos, Rectora UNIFRANZ.<\/p>\n<p>Esta experimentaci\u00f3n es necesaria para la puesta en marcha y transformaci\u00f3n de nuestras ideas, por eso Bolivia espera con ansias la charla <strong><em>TEDxUNIFRANZ<\/em><\/strong>: <strong><em>\u201cIdeas que vale la pena difundir\u201d<\/em><\/strong>, prevista para el pr\u00f3ximo s\u00e1bado 11 de septiembre.<\/p>\n<p>La expectativa que se genera, fue graficada de la mejor manera por Sa\u00fal Cornejo, estudiante UNIFRANZ de Publicidad y Marketing: <em>\u201cMe encuentro ansioso por escuchar una charla TEDx en mi universidad, esta iniciativa es una gran oportunidad para nosotros de poder conocer ideas sobre tecnolog\u00eda, entretenimiento y dise\u00f1o, que nos llevar\u00e1n a poner en pr\u00e1ctica nuestros proyectos integradores\u00bb.<\/em><\/p>\n<p>Participa de estas 5 charlas que cambiar\u00e1n tu percepci\u00f3n sobre temas tan diversos como gastronom\u00eda, movilidad urbana, experimentaci\u00f3n hasta usar los sentidos para conectar con tu comunidad:<\/p>\n<ul>\n<li><strong>Carlos Soruco<\/strong>, Co-fundador de QUANTUM (emprendedor y asesor en startups)<\/li>\n<li><strong>Omaira Saucedo<\/strong>, Co-fundadora de tuGerente, (reconocida por el MIT Technology Review para Latinoam\u00e9rica menores de 35 a\u00f1os)<\/li>\n<li><strong>Santos Coaquira<\/strong>, Fundador de Pasionaria (Chef apasionado por la gastronom\u00eda y la revalorizaci\u00f3n de los productos locales).<\/li>\n<li><strong>Diego Su\u00e1rez<\/strong>, Jefe de Experimentaci\u00f3n en el LABoratorio de Aceleraci\u00f3n PNUD (especializado en Dise\u00f1o Avanzado y Arquitectura Digital)<\/li>\n<li><strong>Eliana L\u00f3pez<\/strong>, CEO Molotov Lovertising (creadora de experiencias de Marca y Branded Content).<\/li>\n<\/ul>\n<p>El <strong><em>TEDxUNIFRANZ<\/em><\/strong> ser\u00e1 transmitido a las 18:00 hrs. mediante Live Streaming, desde Santa Cruz de la Sierra en el siguiente enlace:\u00a0https:\/\/www.facebook.com\/unifranz.edu<\/p>\n<p><strong>Sobre UNIFRANZ<\/strong><\/p>\n<p>La Universidad Privada Franz Tamayo \u2013 UNIFRANZ con 28 a\u00f1os de trayectoria en educaci\u00f3n superior, mantiene el compromiso de acompa\u00f1ar la evoluci\u00f3n de la sociedad en este mundo globalizado. Su actual modelo pedag\u00f3gico tiene un enfoque por competencias que se apoya en tres pilares: el saber, el saber hacer y el saber ser, a fin de formar profesionales con talento de clase mundial. Igualmente, UNIFRANZ considera vital la internacionalizaci\u00f3n en su visi\u00f3n de una universidad disruptiva y transformadora que apunta a cambiar el modelo educativo en Bolivia.<\/p>\n<p>Cuenta con una infraestructura de m\u00e1s 65.000 metros cuadrados construidos en La Paz, El Alto, Cochabamba y Santa Cruz. Esta ecuaci\u00f3n resume el futuro de la educaci\u00f3n; donde convergen lo mejor del aprendizaje presencial y virtual, gracias a una innovadora sinergia entre el aprendizaje e-learning que recurre a clases virtuales en entornos sincr\u00f3nicos y asincr\u00f3nicos y el aprendizaje pr\u00e1ctico que se desarrolla en un entorno presencial equivalente al mundo laboral. La combinaci\u00f3n de aprendizajes permite potenciar las competencias que requiere un profesional de clase mundial.<\/p>\n<p><strong>Sobre TEDx<\/strong><\/p>\n<p><strong>TED<\/strong>\u00a0(acr\u00f3nimo de\u00a0<strong>Tecnolog\u00eda, Entretenimiento, Dise\u00f1o<\/strong>) es una organizaci\u00f3n sin \u00e1nimo de lucro estadounidense dedicada a las \u00abIdeas dignas de difundir\u00bb. TED fue ideado por Richard Saul Wurman, quien fund\u00f3 la organizaci\u00f3n junto a Harry Marks el febrero de 1984 en forma de conferencia. TED es ampliamente conocida por su congreso anual\u00a0(<strong><em>TED Conference<\/em><\/strong>)\u00a0y sus charlas\u00a0(<strong><em>TED Talks<\/em><\/strong>)\u00a0que cubren un amplio espectro de temas que incluyen ciencias, arte y dise\u00f1o, pol\u00edtica, educaci\u00f3n, cultura, negocios, asuntos globales, tecnolog\u00eda, desarrollo y entretenimiento.<\/p>","protected":false},"excerpt":{"rendered":"<p>UNIFRANZ se suma a un movimiento que inspira, conecta y comparte acciones que cambian vidas o hacen frente a problemas y desaf\u00edos globales: TEDxUnifranz Desde distintas experiencias y enfoques se pueden generar ideas innovadoras, iniciativas transgresoras y proyectos que trasciendan y transforman. Pero esas experiencias de \u00e9xito deben estar acompa\u00f1adas de la motivaci\u00f3n, inspiraci\u00f3n y &hellip; <a href=\"https:\/\/unifranz.edu.bo\/pt\/noticias\/tedxunifranz-puede-una-charla-mover-el-mundo\/\">Continued<\/a><\/p>","protected":false},"author":45,"featured_media":69784,"comment_status":"open","ping_status":"open","sticky":false,"template":"","format":"standard","meta":{"_acf_changed":false,"footnotes":""},"categories":[60,1004,45,1710,1708,1608,1690,29,274,1686,1774],"tags":[1798,43,1800,1796,242],"class_list":["post-69783","post","type-post","status-publish","format-standard","has-post-thumbnail","hentry","category-blog","category-estudiantes","category-eventos","category-expertos","category-innovacion","category-internacionalizacion","category-marketing","category-noticias","category-santa-cruz","category-tecnologia","category-teletrabajo","tag-ideas-que-vale-la-pena-difundir","tag-santa-cruz","tag-tedx-es","tag-tedxunifranz","tag-unifranz"],"acf":[],"_links":{"self":[{"href":"https:\/\/unifranz.edu.bo\/pt\/wp-json\/wp\/v2\/posts\/69783","targetHints":{"allow":["GET"]}}],"collection":[{"href":"https:\/\/unifranz.edu.bo\/pt\/wp-json\/wp\/v2\/posts"}],"about":[{"href":"https:\/\/unifranz.edu.bo\/pt\/wp-json\/wp\/v2\/types\/post"}],"author":[{"embeddable":true,"href":"https:\/\/unifranz.edu.bo\/pt\/wp-json\/wp\/v2\/users\/45"}],"replies":[{"embeddable":true,"href":"https:\/\/unifranz.edu.bo\/pt\/wp-json\/wp\/v2\/comments?post=69783"}],"version-history":[{"count":1,"href":"https:\/\/unifranz.edu.bo\/pt\/wp-json\/wp\/v2\/posts\/69783\/revisions"}],"predecessor-version":[{"id":69785,"href":"https:\/\/unifranz.edu.bo\/pt\/wp-json\/wp\/v2\/posts\/69783\/revisions\/69785"}],"wp:featuredmedia":[{"embeddable":true,"href":"https:\/\/unifranz.edu.bo\/pt\/wp-json\/wp\/v2\/media\/69784"}],"wp:attachment":[{"href":"https:\/\/unifranz.edu.bo\/pt\/wp-json\/wp\/v2\/media?parent=69783"}],"wp:term":[{"taxonomy":"category","embeddable":true,"href":"https:\/\/unifranz.edu.bo\/pt\/wp-json\/wp\/v2\/categories?post=69783"},{"taxonomy":"post_tag","embeddable":true,"href":"https:\/\/unifranz.edu.bo\/pt\/wp-json\/wp\/v2\/tags?post=69783"}],"curies":[{"name":"wp","href":"https:\/\/api.w.org\/{rel}","templated":true}]}}