{"id":696905,"date":"2025-01-12T00:00:53","date_gmt":"2025-01-12T04:00:53","guid":{"rendered":"https:\/\/unifranz.edu.bo\/?p=696905"},"modified":"2025-01-12T09:29:02","modified_gmt":"2025-01-12T13:29:02","slug":"periodismo-la-carrera-que-apasiona-al-poeta-y-reportero-de-guerra-milan-m-a-gonzales","status":"publish","type":"post","link":"https:\/\/unifranz.edu.bo\/pt\/blog\/periodismo-la-carrera-que-apasiona-al-poeta-y-reportero-de-guerra-milan-m-a-gonzales\/","title":{"rendered":"Periodismo, la carrera que apasiona al poeta y reportero de guerra Milan M. A. Gonz\u00e1les"},"content":{"rendered":"<p>Los ojos de Milan M. A. Gonz\u00e1les han visto la muerte de cerca, \u00e9l fue corresponsal de la guerra entre Ucrania y Rusia. Pudiendo levantar un arma, \u00e9l decidi\u00f3 cargar su m\u00e1quina port\u00e1til y se dedic\u00f3 a reportar lo que suced\u00eda en el conflicto b\u00e9lico.<\/p>\n\n\n\n<p>\u00c9l es un ardiente defensor del \u201cmejor oficio del mundo\u201d y afirma que el buen Periodismo no va a desaparecer. \u201cCreo que es un sin sentido vaticinar el fin del periodismo. Sin duda, la tecnolog\u00eda ha generado grandes cambios en el periodismo. Si antes era la prensa y el papel en un taller de imprenta, hoy lo es la pantalla y los editores de texto los que nos facilitan el trabajo\u201d, remarca.<\/p>\n\n\n\n<p>Milan lleva varios a\u00f1os de docente y es palabra autorizada para aconsejar a las nuevas generaciones y \u00e9l recomienda una lectura constante de peri\u00f3dicos y la b\u00fasqueda permanente de calidad de informaci\u00f3n. Es m\u00e1s, afirma: \u201cPara quienes desean ser parte del periodismo existen muchas posibilidades y Unifranz (Universidad Franz Tamayo) ha dado un paso de excelencia al decidir formar profesionales en esta \u00e1rea\u201d, sentenci\u00f3.<\/p>\n\n\n\n<p>En la actualidad, Unifranz es la \u00fanica universidad en Bolivia que tiene la carrera de Periodismo con t\u00edtulo de licenciatura, adem\u00e1s cuenta con docentes que han trabajado en medios de comunicaci\u00f3n y son capaces de guiar a los estudiantes en los terrenos de lo que Garc\u00eda M\u00e1rquez denomin\u00f3 \u201cel mejor oficio del mundo\u201d.<\/p>\n\n\n\n<p>Cuando habla del periodismo, Gonz\u00e1les se decanta a favor de la experiencia educativa del Aprender- Haciendo. \u201c\u00c9ste es un camino sensato a seguir, primero porque de esta manera los estudiantes se dan cuenta si es su llamado o no. En segundo lugar, porque te permite comprender la diferencia entre la teor\u00eda y la praxis\u201d.<\/p>\n\n\n\n<p>Milan recuerda que en 2012, cuando era docente de Fotograf\u00eda Period\u00edstica, su mentor David Fleurant le recomend\u00f3 sacar del aula a sus estudiantes y llevarlos al campo de la acci\u00f3n. \u201cHoy por hoy existe la necesidad cr\u00edtica de conectar a los j\u00f3venes con la realidad\u201d, indica Gonz\u00e1les. Recientemente uno de sus alumnos de aquella clase 2012 trabaja como corresponsal en Mosc\u00fa para el reconocido peri\u00f3dico alem\u00e1n Die Welt; \u00e9ste le dijo que sus clases fueron de gran utilidad para su vida profesional.<\/p>\n\n\n\n<blockquote class=\"wp-block-quote is-layout-flow wp-block-quote-is-layout-flow\">\n<p>\u201c\u2018Learning by Doing\u2019 o Aprender Haciendo es una teor\u00eda inspiradora del fil\u00f3sofo norteamericano John Dewey, dichas ideas se hicieron globales alrededor de 1920. Dewey resaltaba que el aprender haciendo exig\u00eda disciplina, y que el resultado se conectaba con la comunidad y la vida social, ya que la educaci\u00f3n es un proceso de vida permanente, sobre el cual se construye la democracia. Esta visi\u00f3n me resulta esencial para el periodismo\u201d.<\/p>\n<\/blockquote>\n\n\n\n<p>Unifranz organiza cada a\u00f1o el TEDx, charlas motivacionales de personajes inspiradoras. En noviembre de 2024, uno de estos speakers fue Gonzales. \u00c9l durante su charla habl\u00f3 de una de sus pasiones, la poes\u00eda; aunque en realidad es una persona con varios apasionamientos.<\/p>\n\n\n\n<p>Milan es un todoterreno. Adem\u00e1s de ejercer el periodismo, \u00e9l es gestor cultural, editor, fot\u00f3grafo, conferencista y docente. En 2002 cre\u00f3 los talleres Mentaliza Alma en el psiqui\u00e1trico de Sucre, Bolivia; tambi\u00e9n impuls\u00f3 el Taller Libertalia que se desarrolla en c\u00e1rceles de Bolivia, Chile y Guatemala hasta la actualidad. Es fundador de la banda Die Prallheit (La Plenitud) con la que propone el g\u00e9nero musical poes\u00eda-rock. Contribuye con diversos medios de prensa como ser el peri\u00f3dico La Raz\u00f3n, Bolivia; Revista Suyay, Per\u00fa; The Rhode Island Catholic, Estados Unidos; Radio BLN.FM, Alemania; la revista Zitty o el matutino Mittelbayerische, Alemania, entre otros. Fue corresponsal del peri\u00f3dico P\u00e1gina Siete.<\/p>\n\n\n\n<p><\/p>","protected":false},"excerpt":{"rendered":"<p>Para Milan, periodista y docente, el periodismo no muere: tecnolog\u00eda lo transforma. Su consejo: lectura diaria y b\u00fasqueda de informaci\u00f3n de calidad.<\/p>","protected":false},"author":44,"featured_media":696947,"comment_status":"open","ping_status":"open","sticky":false,"template":"","format":"standard","meta":{"_acf_changed":false,"footnotes":""},"categories":[60],"tags":[5124,386,210,248,278,10615,218,4142,10616,242],"class_list":["post-696905","post","type-post","status-publish","format-standard","has-post-thumbnail","hentry","category-blog","tag-aulas","tag-estudiantes","tag-innovacion","tag-internacionalizacion","tag-periodismo","tag-rusia","tag-tecnologia","tag-tedx-unifranz","tag-ucrania","tag-unifranz"],"acf":[],"_links":{"self":[{"href":"https:\/\/unifranz.edu.bo\/pt\/wp-json\/wp\/v2\/posts\/696905","targetHints":{"allow":["GET"]}}],"collection":[{"href":"https:\/\/unifranz.edu.bo\/pt\/wp-json\/wp\/v2\/posts"}],"about":[{"href":"https:\/\/unifranz.edu.bo\/pt\/wp-json\/wp\/v2\/types\/post"}],"author":[{"embeddable":true,"href":"https:\/\/unifranz.edu.bo\/pt\/wp-json\/wp\/v2\/users\/44"}],"replies":[{"embeddable":true,"href":"https:\/\/unifranz.edu.bo\/pt\/wp-json\/wp\/v2\/comments?post=696905"}],"version-history":[{"count":3,"href":"https:\/\/unifranz.edu.bo\/pt\/wp-json\/wp\/v2\/posts\/696905\/revisions"}],"predecessor-version":[{"id":697233,"href":"https:\/\/unifranz.edu.bo\/pt\/wp-json\/wp\/v2\/posts\/696905\/revisions\/697233"}],"wp:featuredmedia":[{"embeddable":true,"href":"https:\/\/unifranz.edu.bo\/pt\/wp-json\/wp\/v2\/media\/696947"}],"wp:attachment":[{"href":"https:\/\/unifranz.edu.bo\/pt\/wp-json\/wp\/v2\/media?parent=696905"}],"wp:term":[{"taxonomy":"category","embeddable":true,"href":"https:\/\/unifranz.edu.bo\/pt\/wp-json\/wp\/v2\/categories?post=696905"},{"taxonomy":"post_tag","embeddable":true,"href":"https:\/\/unifranz.edu.bo\/pt\/wp-json\/wp\/v2\/tags?post=696905"}],"curies":[{"name":"wp","href":"https:\/\/api.w.org\/{rel}","templated":true}]}}