{"id":693361,"date":"2025-01-06T19:18:55","date_gmt":"2025-01-06T23:18:55","guid":{"rendered":"https:\/\/unifranz.edu.bo\/?p=693361"},"modified":"2025-01-06T19:18:55","modified_gmt":"2025-01-06T23:18:55","slug":"mamani-mamani-2-0-estudiantes-presentan-una-propuesta-creativa-de-imagen","status":"publish","type":"post","link":"https:\/\/unifranz.edu.bo\/pt\/blog\/mamani-mamani-2-0-estudiantes-presentan-una-propuesta-creativa-de-imagen\/","title":{"rendered":"Mamani Mamani 2.0: estudiantes presentan una propuesta creativa de imagen digital"},"content":{"rendered":"<p>Roberto Mamani Mamani es uno de los artistas estelares de Bolivia y embajador del arte nacional en las m\u00e1s importantes galer\u00edas del mundo. Es famoso por sus obras repletas de colores brillantes y simbolismo, que rinden homenaje a la cultura aymara y a la diversidad de las tradiciones andinas. Con el objetivo de potenciar su presencia en las redes sociales, estudiantes de la carrera de Dise\u00f1o Gr\u00e1fico y Producci\u00f3n Crossmedia de la Universidad Franz Tamayo, Unifranz La Paz, desarrollaron una campa\u00f1a publicitaria innovadora como parte del proceso educativo del \u201caprender haciendo\u201d. El pintor destac\u00f3 el aporte creativo de j\u00f3venes que buscan impulsar su presencia en el mundo virtual.<\/p>\n<p>Carla Ticona, estudiante y participante del proyecto, agradeci\u00f3 la apertura del artista para potenciar su imagen en las plataformas digitales. \u201cEscogimos trabajar con Mamani Mamani porque \u00e9l es un referente de la cultura boliviana, es reconocido en el mundo entero. A pesar de todo, creemos que \u00e9l necesitaba una especie de refresh. Nuestro objetivo es ayudarlo a crecer m\u00e1s y llevar su obra a nuevos horizontes en el mundo digital\u201d, coment\u00f3.<\/p>\n<p>La estrategia visual desarrollada por los estudiantes incluye la adecuaci\u00f3n del logotipo para el artista y, sobre todo, la optimizaci\u00f3n de sus redes sociales para alinearlas con las demandas del p\u00fablico actual. El objetivo principal es modernizar la presencia digital del pintor sin perder la esencia de su arte.<\/p>\n<p>La obra de Mamani Mamani reivindica la tradici\u00f3n y los s\u00edmbolos ind\u00edgenas aymaras pintados con colores vibrantes. En sus cuadros hay soles, c\u00f3ndores, lunas, rostros ind\u00edgenas, monta\u00f1as, achachis, chinas morenas y cielos que se mezclan con sus pinceles. Hizo exposiciones en Washington, Tokio, M\u00fanich, China, Singapur y Londres; adem\u00e1s de otros salones en Am\u00e9rica y diferentes partes del mundo.<\/p>\n<p><strong>La necesidad de renovarse <\/strong><\/p>\n<p>Con una sonrisa dibujada en el rostro, el artista confiesa: \u201cEntiendo la importancia de adaptarse a los tiempos modernos y valoro el trabajo de Unifranz realizado en torno a mi obra; especialmente en el \u00e1mbito digital, que es fundamental hoy en d\u00eda. (\u2026) Yo vengo de la escuela tradicional, aquella que mira la televisi\u00f3n, escucha las radios y lee los peri\u00f3dicos. La mirada de los j\u00f3venes es una puerta para entrar al mundo digital\u201d. Mamani Mamani, sabe que debe renovarse para mantenerse vigente y a la vanguardia del arte boliviano.<\/p>\n<p>La presentaci\u00f3n del proyecto visual digital cont\u00f3 con la participaci\u00f3n de alumnos y docentes de Unifranz, quienes tambi\u00e9n disfrutaron de una exposici\u00f3n de las obras de Mamani Mamani. Algunos asistentes incluso adquirieron cuadros firmados por el renombrado pintor.<\/p>\n<p>\u201cHay seguidores de mi obra entre ni\u00f1os y j\u00f3venes. Creo que los colores y las formas simb\u00f3licas, como soles, lunas, rayos y arco\u00edris, son lo que les atrae. Me alegra y satisface que compartan esta manera de entender nuestra cosmovisi\u00f3n\u201d, coment\u00f3 el artista.<\/p>\n<p><iframe loading=\"lazy\" title=\"Mamani Mamani 2.0: estudiantes de Unifranz presentan una propuesta creativa de imagen digital\" width=\"500\" height=\"281\" src=\"https:\/\/www.youtube.com\/embed\/m9m7ZpOIOqA?feature=oembed\" frameborder=\"0\" allow=\"accelerometer; autoplay; clipboard-write; encrypted-media; gyroscope; picture-in-picture; web-share\" referrerpolicy=\"strict-origin-when-cross-origin\" allowfullscreen><\/iframe><\/p>\n<p>Por su parte, Iyorbanka Cuiza, directora de la carrera de Dise\u00f1o Gr\u00e1fico y Producci\u00f3n Crossmedia, subray\u00f3 el esfuerzo y compromiso de los estudiantes. \u201cEste trabajo nos muestra el nivel de profesionales que se forman en Unifranz. Ellos ya interact\u00faan con empresas importantes en el pa\u00eds y fuera de nuestras fronteras, al igual que con personalidades de talla internacional como el famoso artista\u201d, se\u00f1al\u00f3.<\/p>\n<p>Ejemplos de experiencias similares hay m\u00e1s. As\u00ed, tres estudiantes de Dise\u00f1o Gr\u00e1fico y Producci\u00f3n Crossmedia de Unifranz, redise\u00f1aron la marca de Wayward Vegan, en Seattle, Estados Unidos. Se trata de un reconocido restaurante vegano que mejor\u00f3 su imagen gracias a esta casa de estudios superiores.<\/p>\n<p>Los egresados de Dise\u00f1o Gr\u00e1fico y Producci\u00f3n Crossmedia en Unifranz se destacan como creadores de soluciones visuales innovadoras en un entorno digital y globalizado. A trav\u00e9s de la comunicaci\u00f3n gr\u00e1fica, audiovisual y el dise\u00f1o web, desarrollan marcas y productos competitivos que generan impacto y relevancia. Su talento les permite responder a los desaf\u00edos de la comunicaci\u00f3n publicitaria, contribuyendo al desarrollo cultural y comercial de diversos sectores. Para m\u00e1s informaci\u00f3n de la carrera, ingresar al link https:\/\/unifranz.edu.bo\/landings\/estudiar-diseno-grafico-produccion-crossmedia\/<\/p>\n<p>Ahora la apuesta es mejorar a\u00fan m\u00e1s la imagen de Mamani Mamani, quien qued\u00f3 agradecido con Unifranz. \u201cQue el esp\u00edritu de Los Andes acompa\u00f1e a la Universidad\u201d, se\u00f1al\u00f3 el artista despu\u00e9s de la presentaci\u00f3n del proyecto integrador de los estudiantes.<\/p>","protected":false},"excerpt":{"rendered":"<p>Roberto Mamani Mamani es uno de los artistas estelares de Bolivia y embajador del arte nacional en las m\u00e1s importantes galer\u00edas del mundo. Es famoso por sus obras repletas de colores brillantes y simbolismo, que rinden homenaje a la cultura aymara y a la diversidad de las tradiciones andinas. Con el objetivo de potenciar su &hellip; <a href=\"https:\/\/unifranz.edu.bo\/pt\/blog\/mamani-mamani-2-0-estudiantes-presentan-una-propuesta-creativa-de-imagen\/\">Continued<\/a><\/p>","protected":false},"author":44,"featured_media":693380,"comment_status":"open","ping_status":"open","sticky":false,"template":"","format":"standard","meta":{"_acf_changed":false,"footnotes":""},"categories":[60],"tags":[5842,10596,244,5306,10595,10597,10594,10593,1340,242],"class_list":["post-693361","post","type-post","status-publish","format-standard","has-post-thumbnail","hentry","category-blog","tag-alcandia-de-la-paz","tag-andino","tag-arte","tag-artista","tag-aymara","tag-colorido","tag-dibujos","tag-mamani","tag-pintura","tag-unifranz"],"acf":[],"_links":{"self":[{"href":"https:\/\/unifranz.edu.bo\/pt\/wp-json\/wp\/v2\/posts\/693361","targetHints":{"allow":["GET"]}}],"collection":[{"href":"https:\/\/unifranz.edu.bo\/pt\/wp-json\/wp\/v2\/posts"}],"about":[{"href":"https:\/\/unifranz.edu.bo\/pt\/wp-json\/wp\/v2\/types\/post"}],"author":[{"embeddable":true,"href":"https:\/\/unifranz.edu.bo\/pt\/wp-json\/wp\/v2\/users\/44"}],"replies":[{"embeddable":true,"href":"https:\/\/unifranz.edu.bo\/pt\/wp-json\/wp\/v2\/comments?post=693361"}],"version-history":[{"count":3,"href":"https:\/\/unifranz.edu.bo\/pt\/wp-json\/wp\/v2\/posts\/693361\/revisions"}],"predecessor-version":[{"id":693395,"href":"https:\/\/unifranz.edu.bo\/pt\/wp-json\/wp\/v2\/posts\/693361\/revisions\/693395"}],"wp:featuredmedia":[{"embeddable":true,"href":"https:\/\/unifranz.edu.bo\/pt\/wp-json\/wp\/v2\/media\/693380"}],"wp:attachment":[{"href":"https:\/\/unifranz.edu.bo\/pt\/wp-json\/wp\/v2\/media?parent=693361"}],"wp:term":[{"taxonomy":"category","embeddable":true,"href":"https:\/\/unifranz.edu.bo\/pt\/wp-json\/wp\/v2\/categories?post=693361"},{"taxonomy":"post_tag","embeddable":true,"href":"https:\/\/unifranz.edu.bo\/pt\/wp-json\/wp\/v2\/tags?post=693361"}],"curies":[{"name":"wp","href":"https:\/\/api.w.org\/{rel}","templated":true}]}}