{"id":689821,"date":"2024-12-29T22:42:57","date_gmt":"2024-12-30T02:42:57","guid":{"rendered":"https:\/\/unifranz.edu.bo\/?p=689821"},"modified":"2024-12-29T22:47:54","modified_gmt":"2024-12-30T02:47:54","slug":"el-periodismo-como-herramienta-de-la-cultura-de-paz","status":"publish","type":"post","link":"https:\/\/unifranz.edu.bo\/pt\/unifranz\/el-periodismo-como-herramienta-de-la-cultura-de-paz\/","title":{"rendered":"El periodismo como herramienta de la cultura de paz, en los ojos de un corresponsal de guerra"},"content":{"rendered":"<p>En medio de un mundo en el que la violencia est\u00e1 a la orden del d\u00eda, la labor de los periodistas siempre debe ser la de abogar por la paz y mediante su trabajo, buscar soluciones pac\u00edficas y acordadas, se\u00f1ala Milan Gonzales, escritor y corresponsal de guerra.<\/p>\n<p>\u201cSer corresponsal de guerra es algo que he ido labrando durante un cuarto de siglo. Primero, como aprendiz en la escritura, llevando la palabra a talleres de terapia ocupacional en hospitales psiqui\u00e1tricos y luego en c\u00e1rceles de diferentes pa\u00edses. Esto me ha contribuido y me ha enriquecido, desde luego, para afinar mi trabajo como periodista, tanto como corresponsal, columnista y finalmente entrevistador, para luego terminar en el campo de batalla como corresponsal de guerra, respondiendo al deber\u201d, explica.<\/p>\n<p>El corresponsal y escritor fue una de las personalidades que particip\u00f3 en la cuarta versi\u00f3n del TEDx Unifranz 2024, un evento organizado por la Universidad Franz Tamayo que present\u00f3 historias inspiradoras de bolivianos sobresalientes.<\/p>\n<p>Los reportes de Gonzales desde Ucrania buscaron, en primer lugar, contar las historias de las personas y sus esfuerzos durante el conflicto b\u00e9lico, pero tambi\u00e9n presentar un mensaje de paz y de fortaleza, denunciando las atrocidades que trae la guerra.<\/p>\n<p><iframe loading=\"lazy\" title=\"YouTube video player\" src=\"https:\/\/www.youtube.com\/embed\/KukeejhgLxI?si=JGyvsK0PedOkqx9X\" width=\"560\" height=\"315\" frameborder=\"0\" allowfullscreen=\"allowfullscreen\"><\/iframe><\/p>\n<p>\u201cCreo que la guerra es un demonio de mil cabezas y tiene que llegar un momento en que haya un antes y un despu\u00e9s. Porque cada ser humano est\u00e1 lidiando con algo, tiene una batalla que pelear, y creo que la guerra te permite ver que la confrontaci\u00f3n solo lleva a la derrota. Lo que uno necesita es justamente labrar un camino hacia la paz\u201d, expresa el corresponsal.<\/p>\n<p>El periodista y escritor vivi\u00f3 en carne propia los primeros meses de la guerra entre Rusia y Ucrania, desde donde envi\u00f3 reportes a medios nacionales que mostraban la crudeza de la guerra y la importancia de aportar a la paz a trav\u00e9s de las historias.<\/p>\n<p>\u201cCada uno de nosotros, desde su vida, puede contribuir al enriquecimiento de la sociedad, a la paz y a manifestar su historia. En mi caso, historias de otros, porque ya no se trata solo de m\u00ed, sino de los otros. Cuando logramos aunar esfuerzos es cuando se materializan los mejores resultados. Tenemos que ponernos un prop\u00f3sito y ese prop\u00f3sito debe ser la paz\u201d, acota.<\/p>\n<h3><b>Cultura de paz, \u00e9tica y valores<\/b><\/h3>\n<p>La paz, como valor, principio y objetivo, es inherente a la dignidad humana y a los derechos humanos.<\/p>\n<p>El triunfo de la cultura de paz significa la derrota de la violencia, y este logro s\u00f3lo es posible mediante el reconocimiento de los derechos humanos y la gesti\u00f3n de conflictos a trav\u00e9s del di\u00e1logo y la negociaci\u00f3n.<\/p>\n<p>En \u00faltima instancia, la paz se materializa cuando se garantiza el respeto y la protecci\u00f3n de los derechos humanos, promoviendo una sociedad m\u00e1s justa y equitativa para todos.<\/p>\n<p>La cultura de paz y los derechos humanos est\u00e1n inextricablemente ligados. La paz no puede existir sin el respeto a los derechos humanos, y una cultura de paz fortalece la protecci\u00f3n de estos derechos, creando un entorno donde todos pueden vivir con dignidad y justicia. En Bolivia, y en el mundo, la promoci\u00f3n y protecci\u00f3n de los derechos humanos son esenciales para construir un futuro de paz sostenible y duradera.<\/p>\n<p>A decir de Gonzales, el periodismo tiene un papel preponderante en alcanzar esta cultura de paz; sin embargo, es necesario que los profesionales se formen en \u00e9tica, moral y valores, de manera que no pierdan su camino. Ya que los periodistas deben ser, en primer lugar, humanos y, en segundo lugar, profesionales.<\/p>\n<p>\u201cEl periodismo debe plantearse esto y, tambi\u00e9n, incluir clases de \u00e9tica y moral. Porque uno de los grandes conflictos es presentarse como periodista sin valores. Una cosa es la neutralidad, pero otra muy distinta es sentirse desprovisto de valores. El periodista no se define primero por un t\u00edtulo, se define como ser humano. Por eso es que cada uno parte de ese llamado al cumplimiento, pero tambi\u00e9n del respeto a la profesi\u00f3n\u201d, manifiesta.<\/p>\n<p>En el camino del periodista, el autor agrega que siempre habr\u00e1 errores y fracasos, pero que es importante cometerlos, porque \u00e9stos, al final nos dejan importantes ense\u00f1anzas.<\/p>\n<p>\u201cEs esencial tomarse el tiempo, tropezarse y caer, y aprender de los errores que hemos cometido. Es clave darnos cuenta que no ser\u00e1 el primer ni el \u00faltimo error que cometamos a lo largo de nuestras existencias. Es esencial abrazar el error, pero despu\u00e9s de abrazar el error, tambi\u00e9n reconocer la falta. Creo que esto se aplica no solo a los j\u00f3venes, sino a la sociedad en general. No basta con criticar, debemos ser cr\u00edticos constructivos, pero tambi\u00e9n desarrollar con urgencia la autocr\u00edtica\u201d, acota.<\/p>","protected":false},"excerpt":{"rendered":"<p>En medio de un mundo en el que la violencia est\u00e1 a la orden del d\u00eda, la labor de los periodistas siempre debe ser la de abogar por la paz y mediante su trabajo, buscar soluciones pac\u00edficas y acordadas, se\u00f1ala Milan Gonzales, escritor y corresponsal de guerra. \u201cSer corresponsal de guerra es algo que he &hellip; <a href=\"https:\/\/unifranz.edu.bo\/pt\/unifranz\/el-periodismo-como-herramienta-de-la-cultura-de-paz\/\">Continued<\/a><\/p>","protected":false},"author":45,"featured_media":689822,"comment_status":"open","ping_status":"open","sticky":false,"template":"","format":"standard","meta":{"_acf_changed":false,"footnotes":""},"categories":[2068,5136,1782],"tags":[1422,4886,278,4142,242],"class_list":["post-689821","post","type-post","status-publish","format-standard","has-post-thumbnail","hentry","category-periodismo-es","category-tedx-unifranz","category-unifranz","tag-innovacion-en-educacion","tag-paz","tag-periodismo","tag-tedx-unifranz","tag-unifranz"],"acf":[],"_links":{"self":[{"href":"https:\/\/unifranz.edu.bo\/pt\/wp-json\/wp\/v2\/posts\/689821","targetHints":{"allow":["GET"]}}],"collection":[{"href":"https:\/\/unifranz.edu.bo\/pt\/wp-json\/wp\/v2\/posts"}],"about":[{"href":"https:\/\/unifranz.edu.bo\/pt\/wp-json\/wp\/v2\/types\/post"}],"author":[{"embeddable":true,"href":"https:\/\/unifranz.edu.bo\/pt\/wp-json\/wp\/v2\/users\/45"}],"replies":[{"embeddable":true,"href":"https:\/\/unifranz.edu.bo\/pt\/wp-json\/wp\/v2\/comments?post=689821"}],"version-history":[{"count":3,"href":"https:\/\/unifranz.edu.bo\/pt\/wp-json\/wp\/v2\/posts\/689821\/revisions"}],"predecessor-version":[{"id":689825,"href":"https:\/\/unifranz.edu.bo\/pt\/wp-json\/wp\/v2\/posts\/689821\/revisions\/689825"}],"wp:featuredmedia":[{"embeddable":true,"href":"https:\/\/unifranz.edu.bo\/pt\/wp-json\/wp\/v2\/media\/689822"}],"wp:attachment":[{"href":"https:\/\/unifranz.edu.bo\/pt\/wp-json\/wp\/v2\/media?parent=689821"}],"wp:term":[{"taxonomy":"category","embeddable":true,"href":"https:\/\/unifranz.edu.bo\/pt\/wp-json\/wp\/v2\/categories?post=689821"},{"taxonomy":"post_tag","embeddable":true,"href":"https:\/\/unifranz.edu.bo\/pt\/wp-json\/wp\/v2\/tags?post=689821"}],"curies":[{"name":"wp","href":"https:\/\/api.w.org\/{rel}","templated":true}]}}