{"id":689802,"date":"2024-12-29T22:18:34","date_gmt":"2024-12-30T02:18:34","guid":{"rendered":"https:\/\/unifranz.edu.bo\/?p=689802"},"modified":"2024-12-29T22:18:34","modified_gmt":"2024-12-30T02:18:34","slug":"tedx-unifranz-um-chamado-aos-jovens-para-que-aceitem-o-desafio-de-transformar-o-mundo","status":"publish","type":"post","link":"https:\/\/unifranz.edu.bo\/pt\/unifranz\/tedx-unifranz-um-chamado-aos-jovens-para-que-aceitem-o-desafio-de-transformar-o-mundo\/","title":{"rendered":"TEDx Unifranz: Um chamado aos jovens para que aceitem o desafio de transformar o mundo"},"content":{"rendered":"<p>Inspirar para transformar nosso mundo \u00e9 poss\u00edvel, com muito trabalho e comprometimento. Isso foi demonstrado por seis figuras importantes da m\u00fasica, jornalismo, gastronomia, rob\u00f3tica, fotografia e design, que compartilharam suas hist\u00f3rias no TEDx Unifranz 2024, mostrando como suas decis\u00f5es e esfor\u00e7os tiveram um impacto positivo no mundo. Essas experi\u00eancias nos lembram que cada caminho que escolhemos pode ser uma fonte de mudan\u00e7a para o nosso ambiente.<\/p>\n<p>\u201cEsta noite tivemos tr\u00eas grandes mulheres e tr\u00eas grandes homens que n\u00e3o apenas admiramos, mas que vimos crescer com o tempo e se transformar. Eles s\u00e3o a prova de como a Bol\u00edvia tem talento para exportar. Eles vieram para compartilhar suas experi\u00eancias, para nos mostrar como o que fazem todos os dias transformou suas vidas, como encontraram um prop\u00f3sito, uma raz\u00e3o de ser, para construir comunidades mais justas, mais humanas e conectadas \u00e0s suas ra\u00edzes. Entender o prop\u00f3sito de por que fazemos as coisas \u00e9 o que os une\u201d, disse Ver\u00f3nica \u00c1greda, reitora da Universidade Franz Tamayo, Unifranz.<\/p>\n<p>Em sua quarta edi\u00e7\u00e3o, o TEDx Unifranz reuniu em La Paz o renomado fot\u00f3grafo Antonio \u201cTony\u201d Su\u00e1rez, o m\u00fasico \u00c1lvaro \u201cConejo\u201d Arce, a chef Camila Lech\u00edn, a designer e gerente cultural Susana Machicao, o escritor e correspondente de guerra Milan Gonz\u00e1les e a engenheira eletr\u00f4nica e mestre de obras Grecia Bello, que compartilharam suas hist\u00f3rias na noite de quinta-feira, 28 de novembro, no teatro Kuu Inti.<\/p>\n<p>\u201cCozinhar para mim \u00e9 um ato de amor\u201d, foi assim que Camila Lech\u00edn, considerada uma das 50 melhores chefs da Am\u00e9rica Latina, come\u00e7ou sua hist\u00f3ria, para quem a comida tem um poder transformador.<\/p>\n<p>\u201cCozinhar n\u00e3o s\u00f3 me transformou, como tamb\u00e9m mudou sociedades. Imagine que, no s\u00e9culo XVII, a fome dizimava popula\u00e7\u00f5es inteiras, at\u00e9 que chegou a nossa batata andina\u201d, disse a chef que alcan\u00e7ou sucesso no mundo da gastronomia com sua filosofia de cozinha sustent\u00e1vel, uma abordagem inovadora e consciente que combina t\u00e9cnicas culin\u00e1rias de vanguarda com produtos locais, celebrando a biodiversidade do pa\u00eds e o respeito e equil\u00edbrio do meio ambiente.<\/p>\n<p>Milan Gonz\u00e1les, no palco do TEDx Unifranz, garantiu que \u201ca palavra \u00e9 luz, cura e traz paz em tempos de viol\u00eancia\u201d. Durante seu discurso, ele contou sua experi\u00eancia na cobertura jornal\u00edstica da invas\u00e3o russa \u00e0 Ucr\u00e2nia e destacou o poder transformador da palavra como ferramenta para construir um mundo de paz.<\/p>\n<p>Para \u00c1greda, essas hist\u00f3rias de transforma\u00e7\u00e3o, contadas com maestria por cada um dos participantes, coincidem plenamente com o prop\u00f3sito da Unifranz, que busca transformar a educa\u00e7\u00e3o no pa\u00eds e no mundo: \u201cEssas hist\u00f3rias de vida, em constante transforma\u00e7\u00e3o, nos mostram como \u00e9 poss\u00edvel mudar nossas sociedades e comunidades, demonstrando que a transforma\u00e7\u00e3o do mundo \u00e9 uma realidade alcan\u00e7\u00e1vel\u201d.<\/p>\n<h3><strong>Hist\u00f3rias que inspiram<\/strong><\/h3>\n<p>Os seis palestrantes, a partir de seus contextos e de suas obras, promovem um mundo de paz, a preserva\u00e7\u00e3o das ra\u00edzes e a cria\u00e7\u00e3o de redes de colabora\u00e7\u00e3o, elementos fundamentais para um pa\u00eds rico em recursos humanos e com enorme potencial de desenvolvimento.<\/p>\n<p>O TEDx Unifranz \u00e9 um evento organizado pela universidade, sob licen\u00e7a do TED (Technology, Entertainment, Design). Ele busca disseminar \u201cideias que valem a pena ser compartilhadas\u201d na comunidade de l\u00edderes inovadores, empreendedores e l\u00edderes de v\u00e1rios setores.<\/p>\n<p>Qual \u00e9 o meu prop\u00f3sito e por que estou aqui? perguntou Grecia Bello, mestre de fabrica\u00e7\u00e3o do Fab Lab Santa Cruz, ao contar sua motiva\u00e7\u00e3o para criar a \u201cArakua\u201d, uma m\u00e1quina que converte garrafas pl\u00e1sticas em fibras t\u00eaxteis semelhantes ao algod\u00e3o. Sua contribui\u00e7\u00e3o inovadora resolveu a escassez de mat\u00e9rias-primas para os tecel\u00f5es da comunidade Isose\u00f1a Guaran\u00ed.<\/p>\n<p>\u201cSomos m\u00fasica desde a concep\u00e7\u00e3o, o batimento card\u00edaco \u00e9 o ritmo\u201d, disse \u00c1lvaro Arce ao combinar sua hist\u00f3ria com os sons de seu mixer no maior palco de inspira\u00e7\u00e3o, onde as ideias t\u00eam o poder de transformar a vida daqueles que as ouvem, encontrando nelas uma luz para guiar a busca dos sonhos.<\/p>\n<p>\u201cConhecemos uma parte de suas vidas e o caminho que os levou at\u00e9 onde est\u00e3o, conscientes de que ainda n\u00e3o atingiram seu pleno potencial. Seu objetivo \u00e9 deixar um legado e entender que somente colaborando, trabalhando juntos e unindo for\u00e7as podemos mudar realidades que, no momento, parecem incertas e avassaladoras, mas que podem ser transformadas em esperan\u00e7a, como mostram essas hist\u00f3rias\u201d, disse a reitora.<\/p>\n<p>Tony Su\u00e1rez compartilhou sua carreira na reda\u00e7\u00e3o, seu in\u00edcio no laborat\u00f3rio de fotografia, os desafios de sua cobertura e seu fasc\u00ednio pelo Illimani. Por sua vez, Susana Machicao enfatizou a import\u00e2ncia de nunca parar de aprender, a coragem que isso implica e a coragem de reconhecer o que ainda n\u00e3o sabemos.<\/p>\n<p>No encerramento do evento, Pedro S\u00e1enz, vice-reitor da Unifranz La Paz, descreveu o TEDx Unifranz como uma experi\u00eancia extraordin\u00e1ria: \u201cVejo que nesta noite, neste palco, n\u00e3o apenas palavras convergiram, mas tamb\u00e9m ideias poderosas com a capacidade de transformar vidas, transformar comunidades e, por que n\u00e3o, transformar o mundo\u201d.<\/p>\n<p>Com hist\u00f3rias de sucesso, ideias disruptivas e propostas ousadas, as seis vozes convidaram os cerca de duzentos jovens l\u00edderes de escolas, universidades, acad\u00eamicos, autoridades, formadores de opini\u00e3o e demais participantes do TEDx Unifranz a transformarem suas realidades e assumirem o desafio de inspirar outros a mudarem suas vidas.<\/p>","protected":false},"excerpt":{"rendered":"<p>Inspirar para transformar nosso mundo \u00e9 poss\u00edvel, com muito trabalho e comprometimento. Isso foi demonstrado por seis figuras importantes da m\u00fasica, jornalismo, gastronomia, rob\u00f3tica, fotografia e design, que compartilharam suas hist\u00f3rias no TEDx Unifranz 2024, mostrando como suas decis\u00f5es e esfor\u00e7os tiveram um impacto positivo no mundo. Essas experi\u00eancias nos lembram que cada caminho que &hellip; <a href=\"https:\/\/unifranz.edu.bo\/pt\/unifranz\/tedx-unifranz-um-chamado-aos-jovens-para-que-aceitem-o-desafio-de-transformar-o-mundo\/\">Continued<\/a><\/p>","protected":false},"author":45,"featured_media":689814,"comment_status":"open","ping_status":"open","sticky":false,"template":"","format":"standard","meta":{"_acf_changed":false,"footnotes":""},"categories":[1862,5136,1782],"tags":[1422,10573,4142,242],"class_list":["post-689802","post","type-post","status-publish","format-standard","has-post-thumbnail","hentry","category-educacion","category-tedx-unifranz","category-unifranz","tag-innovacion-en-educacion","tag-jovens","tag-tedx-unifranz","tag-unifranz"],"acf":[],"_links":{"self":[{"href":"https:\/\/unifranz.edu.bo\/pt\/wp-json\/wp\/v2\/posts\/689802","targetHints":{"allow":["GET"]}}],"collection":[{"href":"https:\/\/unifranz.edu.bo\/pt\/wp-json\/wp\/v2\/posts"}],"about":[{"href":"https:\/\/unifranz.edu.bo\/pt\/wp-json\/wp\/v2\/types\/post"}],"author":[{"embeddable":true,"href":"https:\/\/unifranz.edu.bo\/pt\/wp-json\/wp\/v2\/users\/45"}],"replies":[{"embeddable":true,"href":"https:\/\/unifranz.edu.bo\/pt\/wp-json\/wp\/v2\/comments?post=689802"}],"version-history":[{"count":1,"href":"https:\/\/unifranz.edu.bo\/pt\/wp-json\/wp\/v2\/posts\/689802\/revisions"}],"predecessor-version":[{"id":689815,"href":"https:\/\/unifranz.edu.bo\/pt\/wp-json\/wp\/v2\/posts\/689802\/revisions\/689815"}],"wp:featuredmedia":[{"embeddable":true,"href":"https:\/\/unifranz.edu.bo\/pt\/wp-json\/wp\/v2\/media\/689814"}],"wp:attachment":[{"href":"https:\/\/unifranz.edu.bo\/pt\/wp-json\/wp\/v2\/media?parent=689802"}],"wp:term":[{"taxonomy":"category","embeddable":true,"href":"https:\/\/unifranz.edu.bo\/pt\/wp-json\/wp\/v2\/categories?post=689802"},{"taxonomy":"post_tag","embeddable":true,"href":"https:\/\/unifranz.edu.bo\/pt\/wp-json\/wp\/v2\/tags?post=689802"}],"curies":[{"name":"wp","href":"https:\/\/api.w.org\/{rel}","templated":true}]}}