{"id":688443,"date":"2024-12-23T18:06:42","date_gmt":"2024-12-23T22:06:42","guid":{"rendered":"https:\/\/unifranz.edu.bo\/?p=688443"},"modified":"2024-12-24T16:51:09","modified_gmt":"2024-12-24T20:51:09","slug":"que-esperamos-del-2025","status":"publish","type":"post","link":"https:\/\/unifranz.edu.bo\/pt\/blog\/que-esperamos-del-2025\/","title":{"rendered":"\u00bfQu\u00e9 esperamos del 2025?"},"content":{"rendered":"<p>Por Manuel Filomeno<\/p>\n<p><span style=\"font-weight: 400;\">Prosperidad, bienestar, oportunidad, innovaci\u00f3n, transformaci\u00f3n, sostenibilidad, amor, compromiso, alegr\u00eda, estos son solo algunos de los deseos que estudiantes de la Universidad Franz Tamayo, Unifranz, tienen para el 2025.<\/span><\/p>\n<p><span style=\"font-weight: 400;\">Con el inicio del nuevo a\u00f1o llegan oportunidades, retos y desaf\u00edos. Es el momento de dejar atr\u00e1s lo que nos frena y fortalecer lo que nos impulsa: nuestros sue\u00f1os y anhelos. Tambi\u00e9n llega la Navidad, un tiempo para reflexionar, estar en familia y desear un futuro pr\u00f3spero y lleno de felicidad.<\/span><\/p>\n<p><span style=\"font-weight: 400;\">En estas \u00e9pocas, nos toca imaginar c\u00f3mo ser\u00e1 nuestra vida en los meses siguientes y recordar las cosas importantes que nos han tra\u00eddo hasta aqu\u00ed, un mensaje que comparte la rectora nacional de Unifranz, Ver\u00f3nica \u00c1greda, para quien la esperanza, est\u00e1 en mano de los j\u00f3venes<\/span><\/p>\n<p><span style=\"font-weight: 400;\">\u201c\u2019La educaci\u00f3n es una gran igualadora, es la llave para abrir las puertas de la oportunidad\u2019, nos lo dec\u00eda Nelson Mandela, en cada paso que das, en cada desaf\u00edo que enfrentas, estas sembrando la semilla para un futuro brillante. Queremos que en este 2025 sigas explorando, sigas aprendiendo, sigas creando soluciones, pero, sobre todo, queremos que sigas so\u00f1ando.\u201d, se\u00f1ala la autoridad universitaria.\u00a0<\/span><\/p>\n<p><iframe loading=\"lazy\" title=\"YouTube video player\" src=\"https:\/\/www.youtube.com\/embed\/Ie1yQWXuRdA?si=_nDWMRmvAyqu-EHQ\" width=\"560\" height=\"315\" frameborder=\"0\" allowfullscreen=\"allowfullscreen\"><\/iframe><\/p>\n<p><span style=\"font-weight: 400;\">La superaci\u00f3n, la creatividad, el deseo de internacionalizarse, salud y poder investigar m\u00e1s son otros de los deseos de los estudiantes de esta instituci\u00f3n.\u00a0<\/span><\/p>\n<p><span style=\"font-weight: 400;\">Mat\u00edas Phillco, estudiante de la carrera de Periodismo, se\u00f1ala, por ejemplo, que en este nuevo a\u00f1o desea seguir explorando y haciendo lo que le apasiona, contar historias.<\/span><\/p>\n<p><span style=\"font-weight: 400;\">\u00abEspero que el 2025 sea un a\u00f1o de crecimiento y consolidaci\u00f3n, donde pueda aplicar todo lo aprendido para alcanzar nuevas metas profesionales y personales. Seguir explorando nuevas aventuras, enfrentando los desaf\u00edos con visi\u00f3n, disciplina y entusiasmo para construir un futuro mejor\u00bb, expresa.<\/span><\/p>\n<p><span style=\"font-weight: 400;\">Por su parte Mariana Cuizaga Rodr\u00edguez, estudiante de Publicidad y Marketing, sue\u00f1a con crear m\u00e1s arte y que este la represente frente al mundo, al tiempo que aprende y aplica lo aprendido en las aulas universitarias.<\/span><\/p>\n<p><span style=\"font-weight: 400;\">\u201cEste 2025 espero poder explotar todos mis talentos y potencialidades, crecer personalmente y hacer arte que pueda demostrar lo que soy, a m\u00ed misma y al mundo\u201d.<\/span><\/p>\n<p><span style=\"font-weight: 400;\">Carmen Castro, estudiante de Bioqu\u00edmica y Farmacia dice que el 2025 ser\u00e1 el a\u00f1o para avanzar en sus proyectos personales, como titularse y comenzar a trabajar en un laboratorio.<\/span><\/p>\n<p><span style=\"font-weight: 400;\">\u201cEspero con ansias este a\u00f1o, que ser\u00e1 el a\u00f1o en que concluya mi carrera y poder empezar a trabajar en un laboratorio, que es donde m\u00e1s c\u00f3moda me siento y cambiar el mundo mediante mi conocimiento\u201d, indica.<\/span><\/p>\n<p><span style=\"font-weight: 400;\">Jorge L\u00f3pez, futuro periodista desea pasar todo el tiempo posible con sus padres y aprender de los errores pasados para forjar un futuro brillante.<\/span><\/p>\n<p><span style=\"font-weight: 400;\">\u00abPara el 2025, espero consolidar mis logros y avanzar en mi carrera profesional. He aprendido mucho de mis errores y estoy comprometido con mi objetivo de obtener mi t\u00edtulo. Me gustar\u00eda compartir otro a\u00f1o con mis padres, quienes son muy importantes para m\u00ed\u00bb, acota.<\/span><\/p>\n<p><span style=\"font-weight: 400;\">Bernarda Callisaya, estudiante de Derecho, por su parte, desea que el 2025 sea un a\u00f1o de cambios y el mundo finalmente encuentre la paz que tanto anhela.<\/span><\/p>\n<p><span style=\"font-weight: 400;\">\u201cPara este a\u00f1o que comienza deseo paz, deseo que las cosas cambien para bien y que todos los conflictos se solucionen. En mi casa, en mi ciudad, en mi pa\u00eds y en el mundo\u201d.<\/span><\/p>\n<p><span style=\"font-weight: 400;\">Agreda asegura que la esperanza est\u00e1 en las manos de los j\u00f3venes, que son ellos quienes traer\u00e1n la prosperidad al mundo, a trav\u00e9s de sus ideas y acciones.<\/span><\/p>\n<p><span style=\"font-weight: 400;\">\u201cLa esperanza est\u00e1 en las manos de los j\u00f3venes, ellos tienen la capacidad de construir un mundo m\u00e1s justo, solidario y sostenible, por un futuro mucho m\u00e1s brillante, sigamos adelante\u201d, expresa la rectora.<\/span><\/p>\n<p><span style=\"font-weight: 400;\">Natasha Valentina G\u00f3mez Castro, estudiante de la carrera de Dise\u00f1o Gr\u00e1fico y Producci\u00f3n Crossmedia, desea un 2025 lleno de amor y abundancia para todos. \u201cPara este 2025 yo espero amor, abundancia, superaci\u00f3n y suerte\u201d<\/span><\/p>\n<p><span style=\"font-weight: 400;\">Por su parte, Allison Pacoguanca, alcanzar sus logros y aprender de sus errores para no volver a cometerlos, mediante la reflexi\u00f3n y el aprendizaje est\u00e1 entre sus metas.<\/span><\/p>\n<p><span style=\"font-weight: 400;\">\u00abPara el 2025, mi meta es lograr mis objetivos, contar con el apoyo de mi familia y aprender de los errores cometidos este a\u00f1o, convirti\u00e9ndolos en oportunidades de reflexi\u00f3n y crecimiento en cada paso de mi vida\u00bb.<\/span><\/p>\n<p><span style=\"font-weight: 400;\">\u00c1greda desea a los estudiantes que los aprendizajes se concreten y que la educaci\u00f3n sea la herramienta clave para lograr un futuro pr\u00f3spero.<\/span><\/p>\n<p><span style=\"font-weight: 400;\">\u201cQue el 2025 sea el a\u00f1o de los j\u00f3venes, para que con su talento y conocimiento impulsen la nueva Bolivia y Am\u00e9rica Latina que queremos. Donde la fabricaci\u00f3n digital, las tecnolog\u00edas emergentes, el desarrollo humano sostenible, las poblaciones saludables y conscientes sean una realidad. Que sea el a\u00f1o de la educaci\u00f3n que empodera tanto a j\u00f3venes como mujeres, para convertirlos en agentes de cambio. Juntos transformemos nuestras realidades\u201d.\u00a0\u00a0<\/span><\/p>\n<p><span style=\"font-weight: 400;\">Con estos deseos, la comunidad universitaria de Unifranz les desea a todos una Feliz Navidad y Feliz 2025. <\/span><\/p>","protected":false},"excerpt":{"rendered":"<p>Por Manuel Filomeno Prosperidad, bienestar, oportunidad, innovaci\u00f3n, transformaci\u00f3n, sostenibilidad, amor, compromiso, alegr\u00eda, estos son solo algunos de los deseos que estudiantes de la Universidad Franz Tamayo, Unifranz, tienen para el 2025. Con el inicio del nuevo a\u00f1o llegan oportunidades, retos y desaf\u00edos. Es el momento de dejar atr\u00e1s lo que nos frena y fortalecer lo &hellip; <a href=\"https:\/\/unifranz.edu.bo\/pt\/blog\/que-esperamos-del-2025\/\">Continued<\/a><\/p>","protected":false},"author":45,"featured_media":688616,"comment_status":"open","ping_status":"open","sticky":false,"template":"","format":"standard","meta":{"_acf_changed":false,"footnotes":""},"categories":[60,1862,2952,1782],"tags":[53,386,1422,2954,9964,242],"class_list":["post-688443","post","type-post","status-publish","format-standard","has-post-thumbnail","hentry","category-blog","category-educacion","category-navidad","category-unifranz","tag-educacion","tag-estudiantes","tag-innovacion-en-educacion","tag-navidad","tag-noticias-de-hoy","tag-unifranz"],"acf":[],"_links":{"self":[{"href":"https:\/\/unifranz.edu.bo\/pt\/wp-json\/wp\/v2\/posts\/688443","targetHints":{"allow":["GET"]}}],"collection":[{"href":"https:\/\/unifranz.edu.bo\/pt\/wp-json\/wp\/v2\/posts"}],"about":[{"href":"https:\/\/unifranz.edu.bo\/pt\/wp-json\/wp\/v2\/types\/post"}],"author":[{"embeddable":true,"href":"https:\/\/unifranz.edu.bo\/pt\/wp-json\/wp\/v2\/users\/45"}],"replies":[{"embeddable":true,"href":"https:\/\/unifranz.edu.bo\/pt\/wp-json\/wp\/v2\/comments?post=688443"}],"version-history":[{"count":3,"href":"https:\/\/unifranz.edu.bo\/pt\/wp-json\/wp\/v2\/posts\/688443\/revisions"}],"predecessor-version":[{"id":688476,"href":"https:\/\/unifranz.edu.bo\/pt\/wp-json\/wp\/v2\/posts\/688443\/revisions\/688476"}],"wp:featuredmedia":[{"embeddable":true,"href":"https:\/\/unifranz.edu.bo\/pt\/wp-json\/wp\/v2\/media\/688616"}],"wp:attachment":[{"href":"https:\/\/unifranz.edu.bo\/pt\/wp-json\/wp\/v2\/media?parent=688443"}],"wp:term":[{"taxonomy":"category","embeddable":true,"href":"https:\/\/unifranz.edu.bo\/pt\/wp-json\/wp\/v2\/categories?post=688443"},{"taxonomy":"post_tag","embeddable":true,"href":"https:\/\/unifranz.edu.bo\/pt\/wp-json\/wp\/v2\/tags?post=688443"}],"curies":[{"name":"wp","href":"https:\/\/api.w.org\/{rel}","templated":true}]}}