{"id":688402,"date":"2024-12-23T14:56:37","date_gmt":"2024-12-23T18:56:37","guid":{"rendered":"https:\/\/unifranz.edu.bo\/?p=688402"},"modified":"2024-12-23T14:56:37","modified_gmt":"2024-12-23T18:56:37","slug":"universitarios-generan-aporte-de-promocion-visual-a-san-xavier-para-preservar-su-cultura","status":"publish","type":"post","link":"https:\/\/unifranz.edu.bo\/pt\/blog\/universitarios-generan-aporte-de-promocion-visual-a-san-xavier-para-preservar-su-cultura\/","title":{"rendered":"Universitarios generan aporte de promoci\u00f3n visual a San Xavier para preservar su cultura"},"content":{"rendered":"<p><span style=\"color: #000000;\">Estudiantes de la carrera de Periodismo de la Universidad Franz Tamayo (Unifranz) realizaron un proyecto audiovisual con visi\u00f3n period\u00edstica enfocado en promover la riqueza cultural del municipio de San Xavier, ubicado en el departamento de Santa Cruz. Este proyecto, trabajado en un mes, se estructur\u00f3 en tres etapas fundamentales: investigaci\u00f3n y preproducci\u00f3n, grabaci\u00f3n en el municipio, y postproducci\u00f3n del reportaje, el cual fue presentado ante autoridades municipales y acad\u00e9micas.<\/span><\/p>\n<p><span style=\"color: #000000;\">Esta producci\u00f3n audiovisual de promoci\u00f3n cultural da inicio a una serie de productos que realizar\u00e1n los futuros periodistas para promocionar el turismo local a nivel internacional y potenciar la econom\u00eda de la regi\u00f3n.<\/span><\/p>\n<p><span style=\"color: #000000;\">El trabajo de los estudiantes comenz\u00f3 con una fase de investigaci\u00f3n, que incluy\u00f3 entrevistas, sondeos y encuestas para conocer la percepci\u00f3n de los habitantes y turistas sobre los atractivos de la regi\u00f3n, as\u00ed como sobre su modelo econ\u00f3mico y cultural. Esta investigaci\u00f3n fue clave para definir los elementos centrales del reportaje, permitiendo a los estudiantes comprender a fondo la identidad y las necesidades de la regi\u00f3n.<\/span><\/p>\n<p><span style=\"color: #000000;\">Durante la segunda etapa, los estudiantes viajaron a San Xavier, donde realizaron grabaciones de los principales atractivos tur\u00edsticos del municipio, como su rica tradici\u00f3n musical, gastron\u00f3mica y artesanal. Tambi\u00e9n entrevistaron a personalidades relevantes del lugar, incluyendo al alcalde Dany A\u00f1ez y al director de Gesti\u00f3n Cultural, Jos\u00e9 Burela, quienes ofrecieron valiosas perspectivas sobre el patrimonio cultural del municipio y la importancia de su preservaci\u00f3n.<\/span><\/p>\n<p><img loading=\"lazy\" decoding=\"async\" class=\"alignnone wp-image-688405 size-large\" src=\"https:\/\/unifranz.edu.bo\/wp-content\/uploads\/2024\/12\/20241117_094235-1024x758.jpg\" alt=\"\" width=\"1024\" height=\"758\" srcset=\"https:\/\/unifranz.edu.bo\/wp-content\/uploads\/2024\/12\/20241117_094235-1024x758.jpg 1024w, https:\/\/unifranz.edu.bo\/wp-content\/uploads\/2024\/12\/20241117_094235-300x222.jpg 300w, https:\/\/unifranz.edu.bo\/wp-content\/uploads\/2024\/12\/20241117_094235-768x569.jpg 768w, https:\/\/unifranz.edu.bo\/wp-content\/uploads\/2024\/12\/20241117_094235-1536x1137.jpg 1536w, https:\/\/unifranz.edu.bo\/wp-content\/uploads\/2024\/12\/20241117_094235-2048x1516.jpg 2048w, https:\/\/unifranz.edu.bo\/wp-content\/uploads\/2024\/12\/20241117_094235-16x12.jpg 16w\" sizes=\"auto, (max-width: 1024px) 100vw, 1024px\" \/><\/p>\n<p><span style=\"color: #000000;\">El reportaje tambi\u00e9n cont\u00f3 con la participaci\u00f3n de otras personalidades que aportan al desarrollo cultural de la regi\u00f3n, como referentes de la medicina tradicional (Luisa Tambar\u00e9), m\u00fasica local (Miguel Parapaino), artesan\u00edas (Martha Maiser) y gastronom\u00eda (Pura Mojica). A trav\u00e9s de estas entrevistas, los estudiantes lograron capturar la esencia de un municipio que, a pesar de su belleza natural y cultural, enfrenta desaf\u00edos en t\u00e9rminos de visibilidad y promoci\u00f3n.<\/span><\/p>\n<p><span style=\"color: #000000;\">En la tercera etapa del proyecto, los estudiantes se dedicaron a la postproducci\u00f3n y edici\u00f3n del reportaje. Esta fase consisti\u00f3 en la integraci\u00f3n de las grabaciones y entrevistas en un material audiovisual coherente y atractivo, que reflejara con fidelidad la riqueza cultural de San Xavier. Una vez completado, el reportaje fue presentado a las autoridades municipales de San Xavier, as\u00ed como a las autoridades acad\u00e9micas de Unifranz, quienes destacaron la calidad y el impacto potencial del proyecto.<\/span><\/p>\n<p><span style=\"color: #000000;\">Jaime Paniagua, director del reportaje y estudiante de Periodismo en Unifranz, expres\u00f3 que este proyecto naci\u00f3 en las aulas de la universidad con el objetivo de \u00abpreservar la cultura de nuestros municipios\u00bb. Seg\u00fan Paniagua, la elecci\u00f3n de San Xavier como primer municipio para este proyecto fue estrat\u00e9gica, debido a la necesidad de promover la regi\u00f3n, y como futuros periodistas, \u00abes nuestra labor dar a conocer las riquezas que tenemos en el departamento y el pa\u00eds entero\u00bb.<\/span><\/p>\n<p><span style=\"color: #000000;\">El director de Cultura y Turismo de San Xavier, Jos\u00e9 Burela, tambi\u00e9n agradeci\u00f3 el esfuerzo de los estudiantes, destacando que este proyecto genera un aporte incre\u00edble para promocionar el municipio en el mundo entero. Burela a\u00f1adi\u00f3 que la difusi\u00f3n del reportaje a trav\u00e9s de las redes sociales tendr\u00e1 un impacto significativo, y reconoci\u00f3 la calidad del trabajo realizado.<\/span><\/p>\n<p><img loading=\"lazy\" decoding=\"async\" class=\"alignnone wp-image-688406 size-large\" src=\"https:\/\/unifranz.edu.bo\/wp-content\/uploads\/2024\/12\/20241223_144629-1024x959.jpg\" alt=\"\" width=\"1024\" height=\"959\" srcset=\"https:\/\/unifranz.edu.bo\/wp-content\/uploads\/2024\/12\/20241223_144629-1024x959.jpg 1024w, https:\/\/unifranz.edu.bo\/wp-content\/uploads\/2024\/12\/20241223_144629-300x281.jpg 300w, https:\/\/unifranz.edu.bo\/wp-content\/uploads\/2024\/12\/20241223_144629-768x720.jpg 768w, https:\/\/unifranz.edu.bo\/wp-content\/uploads\/2024\/12\/20241223_144629-1536x1439.jpg 1536w, https:\/\/unifranz.edu.bo\/wp-content\/uploads\/2024\/12\/20241223_144629-2048x1919.jpg 2048w, https:\/\/unifranz.edu.bo\/wp-content\/uploads\/2024\/12\/20241223_144629-13x12.jpg 13w\" sizes=\"auto, (max-width: 1024px) 100vw, 1024px\" \/><\/p>\n<p><span style=\"color: #000000;\">Pedro Rivero Jord\u00e1n, director de la carrera de Periodismo de Unifranz, resalt\u00f3 el compromiso de la universidad con la preservaci\u00f3n cultural a trav\u00e9s de proyectos como este: \u00abEste trabajo refleja el compromiso de Unifranz con la preservaci\u00f3n de la cultura del pa\u00eds. A trav\u00e9s de nuestra metodolog\u00eda de aprender haciendo, hacemos que nuestros futuros profesionales creen y desarrollen proyectos que solucionan problem\u00e1ticas reales\u00bb, se\u00f1al\u00f3 Rivero.<\/span><\/p>\n<p><span style=\"color: #000000;\">El reportaje sobre San Xavier no solo tiene un impacto cultural, sino tambi\u00e9n un gran valor educativo, pues permite a los estudiantes aplicar los conocimientos adquiridos en el aula en un proyecto que involucra la investigaci\u00f3n, la producci\u00f3n audiovisual y el trabajo en equipo. Adem\u00e1s, la difusi\u00f3n del proyecto contribuye a fortalecer la relaci\u00f3n entre la universidad y las comunidades locales, promoviendo el aprendizaje y la cooperaci\u00f3n mutua.<\/span><\/p>\n<p><span style=\"color: #000000;\">Este proyecto es un claro ejemplo de c\u00f3mo la educaci\u00f3n superior puede jugar un papel crucial en la promoci\u00f3n de la identidad cultural de las regiones, al tiempo que permite a los estudiantes desarrollar habilidades pr\u00e1cticas que los preparan para enfrentar los desaf\u00edos del mundo profesional.<\/span><\/p>\n<p><span style=\"color: #000000;\">Con este reportaje, los estudiantes de Unifranz no solo han documentado y promocionado los atractivos tur\u00edsticos de San Xavier, sino que tambi\u00e9n han contribuido al fortalecimiento de la identidad cultural local, haciendo de la regi\u00f3n un destino m\u00e1s visible y reconocido, tanto a nivel nacional como internacional.<\/span><\/p>\n<p><span style=\"color: #000000;\">Encuentra m\u00e1s informaci\u00f3n de la carrera de Periodismo en el siguiente enlace:<\/span> <span style=\"color: #ff6600;\">https:\/\/ux.unifranz.edu.bo\/periodismo<\/span><\/p>\n<p><img loading=\"lazy\" decoding=\"async\" class=\"alignnone wp-image-688407 size-large\" src=\"https:\/\/unifranz.edu.bo\/wp-content\/uploads\/2024\/12\/20241117_084055-1024x578.jpg\" alt=\"\" width=\"1024\" height=\"578\" srcset=\"https:\/\/unifranz.edu.bo\/wp-content\/uploads\/2024\/12\/20241117_084055-1024x578.jpg 1024w, https:\/\/unifranz.edu.bo\/wp-content\/uploads\/2024\/12\/20241117_084055-300x169.jpg 300w, https:\/\/unifranz.edu.bo\/wp-content\/uploads\/2024\/12\/20241117_084055-768x433.jpg 768w, https:\/\/unifranz.edu.bo\/wp-content\/uploads\/2024\/12\/20241117_084055-1536x866.jpg 1536w, https:\/\/unifranz.edu.bo\/wp-content\/uploads\/2024\/12\/20241117_084055-2048x1155.jpg 2048w, https:\/\/unifranz.edu.bo\/wp-content\/uploads\/2024\/12\/20241117_084055-18x10.jpg 18w\" sizes=\"auto, (max-width: 1024px) 100vw, 1024px\" \/><\/p>","protected":false},"excerpt":{"rendered":"<p>Estudiantes de la carrera de Periodismo de la Universidad Franz Tamayo (Unifranz) realizaron un proyecto audiovisual con visi\u00f3n period\u00edstica enfocado en promover la riqueza cultural del municipio de San Xavier, ubicado en el departamento de Santa Cruz. Este proyecto, trabajado en un mes, se estructur\u00f3 en tres etapas fundamentales: investigaci\u00f3n y preproducci\u00f3n, grabaci\u00f3n en el &hellip; <a href=\"https:\/\/unifranz.edu.bo\/pt\/blog\/universitarios-generan-aporte-de-promocion-visual-a-san-xavier-para-preservar-su-cultura\/\">Continued<\/a><\/p>","protected":false},"author":33,"featured_media":688404,"comment_status":"open","ping_status":"open","sticky":false,"template":"","format":"standard","meta":{"_acf_changed":false,"footnotes":""},"categories":[60],"tags":[1650,278,10554,10096],"class_list":["post-688402","post","type-post","status-publish","format-standard","has-post-thumbnail","hentry","category-blog","tag-mejores-universidades-de-bolivia","tag-periodismo","tag-periodismo-cultural","tag-san-xavier"],"acf":[],"_links":{"self":[{"href":"https:\/\/unifranz.edu.bo\/pt\/wp-json\/wp\/v2\/posts\/688402","targetHints":{"allow":["GET"]}}],"collection":[{"href":"https:\/\/unifranz.edu.bo\/pt\/wp-json\/wp\/v2\/posts"}],"about":[{"href":"https:\/\/unifranz.edu.bo\/pt\/wp-json\/wp\/v2\/types\/post"}],"author":[{"embeddable":true,"href":"https:\/\/unifranz.edu.bo\/pt\/wp-json\/wp\/v2\/users\/33"}],"replies":[{"embeddable":true,"href":"https:\/\/unifranz.edu.bo\/pt\/wp-json\/wp\/v2\/comments?post=688402"}],"version-history":[{"count":1,"href":"https:\/\/unifranz.edu.bo\/pt\/wp-json\/wp\/v2\/posts\/688402\/revisions"}],"predecessor-version":[{"id":688408,"href":"https:\/\/unifranz.edu.bo\/pt\/wp-json\/wp\/v2\/posts\/688402\/revisions\/688408"}],"wp:featuredmedia":[{"embeddable":true,"href":"https:\/\/unifranz.edu.bo\/pt\/wp-json\/wp\/v2\/media\/688404"}],"wp:attachment":[{"href":"https:\/\/unifranz.edu.bo\/pt\/wp-json\/wp\/v2\/media?parent=688402"}],"wp:term":[{"taxonomy":"category","embeddable":true,"href":"https:\/\/unifranz.edu.bo\/pt\/wp-json\/wp\/v2\/categories?post=688402"},{"taxonomy":"post_tag","embeddable":true,"href":"https:\/\/unifranz.edu.bo\/pt\/wp-json\/wp\/v2\/tags?post=688402"}],"curies":[{"name":"wp","href":"https:\/\/api.w.org\/{rel}","templated":true}]}}