{"id":686755,"date":"2024-12-20T10:29:12","date_gmt":"2024-12-20T14:29:12","guid":{"rendered":"https:\/\/unifranz.edu.bo\/?p=686755"},"modified":"2024-12-20T15:22:23","modified_gmt":"2024-12-20T19:22:23","slug":"quieres-destacar-tu-marca-personal-un-kit-de-prensa-comunica-tu-valor","status":"publish","type":"post","link":"https:\/\/unifranz.edu.bo\/pt\/blog\/quieres-destacar-tu-marca-personal-un-kit-de-prensa-comunica-tu-valor\/","title":{"rendered":"\u00bfQuieres destacar tu marca personal? Un kit de prensa comunica tu valor"},"content":{"rendered":"<p>Por Lily Zurita<\/p>\n<p><span style=\"font-weight: 400;\">El kit de prensa, tambi\u00e9n conocido como <\/span><i><span style=\"font-weight: 400;\">media kit<\/span><\/i><span style=\"font-weight: 400;\">, es un recurso indispensable para profesionales que buscan destacar en su campo. Meticulosamente elaborado, este paquete de informaci\u00f3n permite a las personas presentar de manera efectiva sus habilidades, servicios y logros a medios de comunicaci\u00f3n, reclutadores, potenciales clientes y colaboradores.<\/span><\/p>\n<p><span style=\"font-weight: 400;\">Para Roberto S\u00e1nchez, profesional de la comunicaci\u00f3n y docente de la carrera de Publicidad y Marketing en la Universidad Franz Tamayo, Unifranz, el desarrollo de una marca personal es, hoy en d\u00eda, fundamental para cualquier profesional y, pr\u00e1cticamente, obligatorio para los j\u00f3venes que buscan incorporarse al mercado laboral, por lo que el kit de prensa de marca personal proporciona una visi\u00f3n integral y atractiva de lo que hace \u00fanica a la persona, sus logros, y sus ofertas.<\/span><\/p>\n<p><span style=\"font-weight: 400;\">\u201cUn kit de medios tiene una funci\u00f3n espec\u00edfica, como su nombre lo indica, vinculada a la actividad medi\u00e1tica. Poco o nada aportar\u00e1 en la construcci\u00f3n de una marca personal hacer llegar un kit de medios a un periodista sin que este \u00faltimo requiera esa informaci\u00f3n\u201d, aclara el comunicador.\u00a0\u00a0<\/span><\/p>\n<p><span style=\"font-weight: 400;\">Cuando un profesional est\u00e1 buscando trabajo, seg\u00fan S\u00e1nchez, este kit debe usarse con pinzas ya que hoy en d\u00eda la tendencia en los res\u00famenes profesionales apunta al minimalismo y eficiencia en la informaci\u00f3n m\u00e1s que a la creatividad y despliegue de dise\u00f1o.<\/span><\/p>\n<p><span style=\"font-weight: 400;\">No se trata, simplemente, de tener presencia en redes sociales o de dise\u00f1ar un logotipo atractivo; m\u00e1s bien, es un proceso profundo de autoconocimiento y de identificaci\u00f3n del valor \u00fanico que una persona aporta a su entorno. En esencia, la marca personal se enfoca m\u00e1s en servir que en exponerse.<\/span><\/p>\n<h3><b>Qu\u00e9 es la marca personal<\/b><\/h3>\n<p><span style=\"font-weight: 400;\">La marca personal, seg\u00fan el experto, es producto de un proceso de identificaci\u00f3n, reconocimiento y elaboraci\u00f3n del aporte que un individuo puede ofrecer a su entorno como contribuci\u00f3n personal.\u00a0<\/span><\/p>\n<p><span style=\"font-weight: 400;\">\u201cMuchas veces se confunde el <\/span><i><span style=\"font-weight: 400;\">personal branding<\/span><\/i><span style=\"font-weight: 400;\"> con la elaboraci\u00f3n de un buen perfil en redes sociales o en un blog o p\u00e1gina web. La marca personal tampoco es \u00fanicamente la identidad visual dise\u00f1ada para una determinada persona (logo personal) sino que tiene que ver m\u00e1s con aquello que la persona deja \u2018impreso\u2019 en su entorno a trav\u00e9s de su aporte con aquellos talentos propios o desarrollados que posee\u201d, indica.<\/span><\/p>\n<p><span style=\"font-weight: 400;\">En ese sentido la marca personal deber\u00eda entenderse m\u00e1s como una huella dejada en los otros, m\u00e1s que como una gesti\u00f3n publicitaria de una persona o su actividad.\u00a0\u00a0<\/span><\/p>\n<h3><b>Elementos esenciales de un kit de prensa<\/b><\/h3>\n<p><span style=\"font-weight: 400;\">Un kit de medios debe incluir:<\/span><\/p>\n<ul>\n<li style=\"font-weight: 400;\" aria-level=\"1\"><span style=\"font-weight: 400;\">Informaci\u00f3n b\u00e1sica: breve biograf\u00eda que destaque los logros y la experiencia m\u00e1s relevante.<\/span><\/li>\n<li style=\"font-weight: 400;\" aria-level=\"1\"><span style=\"font-weight: 400;\">Propuesta de valor: qu\u00e9 aporta la persona al entorno profesional o comunitario, con ejemplos representativos de su trabajo que demuestren sus habilidades y estilo.<\/span><\/li>\n<li style=\"font-weight: 400;\" aria-level=\"1\"><span style=\"font-weight: 400;\">Im\u00e1genes y v\u00eddeos: se recomienda incluir material visual, como fotograf\u00edas profesionales o v\u00eddeos cortos, preferiblemente en <\/span><i><span style=\"font-weight: 400;\">stop motion<\/span><\/i><span style=\"font-weight: 400;\">, para que los medios puedan usarlos como recursos durante entrevistas o coberturas.<\/span><\/li>\n<li style=\"font-weight: 400;\" aria-level=\"1\"><span style=\"font-weight: 400;\">Contacto directo: Datos de contacto claros para facilitar la comunicaci\u00f3n con periodistas o productores.<\/span><\/li>\n<\/ul>\n<p><span style=\"font-weight: 400;\">Al igual que en un kit de prensa en relaciones p\u00fablicas, este material tiene como objetivo facilitar la labor de quienes se encargan de investigar y preparar entrevistas. Sin embargo, es crucial enviar el kit<\/span> <span style=\"font-weight: 400;\">solo cuando sea necesario, ya que no se trata de una herramienta para promocionarse indiscriminadamente, sino de un recurso espec\u00edfico para la actividad medi\u00e1tica.<\/span><\/p>\n<h3><b>Sus usos en la b\u00fasqueda de empleo<\/b><\/h3>\n<p><span style=\"font-weight: 400;\">Para profesionales que buscan empleo, el uso del kit de prensa debe hacerse con cautela. Hoy en d\u00eda, los res\u00famenes profesionales priorizan la simplicidad y eficiencia, evitando el exceso de creatividad o dise\u00f1o innecesario. La tendencia actual apuesta por presentaciones minimalistas que transmitan informaci\u00f3n clara y directa sobre la persona.<\/span><\/p>\n<p><span style=\"font-weight: 400;\">\u201cSeg\u00fan Borja Vilaseca, experto en desarrollo personal, construir una marca personal s\u00f3lida es indispensable en un contexto en el que los empleadores tienen f\u00e1cil acceso a la informaci\u00f3n p\u00fablica sobre los candidatos y en el que la competencia en el mercado laboral es cada vez m\u00e1s intensa. Una marca personal aut\u00e9ntica y coherente puede marcar la diferencia al buscar nuevas oportunidades laborales\u201d, puntualiza el comunicador.<\/span><\/p>\n<h3><b>La consistencia, un pilar de la marca personal<\/b><\/h3>\n<p><span style=\"font-weight: 400;\">Uno de los errores m\u00e1s comunes en la construcci\u00f3n de una marca personal es la falta de coherencia entre lo que se comunica y lo que se hace. La marca personal debe reflejar de manera fiel los principios y valores del individuo, y cualquier inconsistencia puede generar desconfianza en los dem\u00e1s.<\/span><\/p>\n<p><span style=\"font-weight: 400;\">Por ende, este recurso debe reforzar la coherencia del mensaje y alinearse con la propuesta de valor de la persona. No se trata solo de ofrecer informaci\u00f3n relevante, sino de garantizar que el mensaje sea consistente a lo largo del tiempo y en cualquier contexto medi\u00e1tico.<\/span><\/p>\n<p><span style=\"font-weight: 400;\">Para S\u00e1nchez, \u201cjustamente, la consistencia es uno de los pilares fundamentales en la construcci\u00f3n de la marca personal, todo lo que la persona comunica debe mantener una l\u00ednea clara que refleje sus valores y principios. El peor error al elaborar una marca personal es la falta de autenticidad y desacuerdo entre lo que se dice y lo que se hace\u201d.<\/span><\/p>\n<p><span style=\"font-weight: 400;\">Finalmente, el kit de medios es una herramienta clave para profesionales que buscan comunicar su propuesta de valor de manera eficiente y consistente en medios de comunicaci\u00f3n. No sustituye al proceso de construcci\u00f3n de una marca personal, pero s\u00ed facilita que el mensaje llegue claro y alineado con los principios de la persona.\u00a0<\/span><\/p>\n<p><span style=\"font-weight: 400;\">La marca personal, m\u00e1s que una estrategia de autopromoci\u00f3n, es el resultado del impacto que dejamos en nuestro entorno a trav\u00e9s de lo que somos y hacemos. \u201cComo dir\u00eda P\u00e9rez Ortega, la verdadera marca est\u00e1 en la huella que dejamos en los dem\u00e1s\u201d, reflexiona el acad\u00e9mico.<\/span><\/p>","protected":false},"excerpt":{"rendered":"<p>Por Lily Zurita El kit de prensa, tambi\u00e9n conocido como media kit, es un recurso indispensable para profesionales que buscan destacar en su campo. Meticulosamente elaborado, este paquete de informaci\u00f3n permite a las personas presentar de manera efectiva sus habilidades, servicios y logros a medios de comunicaci\u00f3n, reclutadores, potenciales clientes y colaboradores. Para Roberto S\u00e1nchez, &hellip; <a href=\"https:\/\/unifranz.edu.bo\/pt\/blog\/quieres-destacar-tu-marca-personal-un-kit-de-prensa-comunica-tu-valor\/\">Continued<\/a><\/p>","protected":false},"author":45,"featured_media":686931,"comment_status":"open","ping_status":"open","sticky":false,"template":"","format":"standard","meta":{"_acf_changed":false,"footnotes":""},"categories":[60,2068,1782],"tags":[1422,3822,278,242],"class_list":["post-686755","post","type-post","status-publish","format-standard","has-post-thumbnail","hentry","category-blog","category-periodismo-es","category-unifranz","tag-innovacion-en-educacion","tag-marca-personal","tag-periodismo","tag-unifranz"],"acf":[],"_links":{"self":[{"href":"https:\/\/unifranz.edu.bo\/pt\/wp-json\/wp\/v2\/posts\/686755","targetHints":{"allow":["GET"]}}],"collection":[{"href":"https:\/\/unifranz.edu.bo\/pt\/wp-json\/wp\/v2\/posts"}],"about":[{"href":"https:\/\/unifranz.edu.bo\/pt\/wp-json\/wp\/v2\/types\/post"}],"author":[{"embeddable":true,"href":"https:\/\/unifranz.edu.bo\/pt\/wp-json\/wp\/v2\/users\/45"}],"replies":[{"embeddable":true,"href":"https:\/\/unifranz.edu.bo\/pt\/wp-json\/wp\/v2\/comments?post=686755"}],"version-history":[{"count":1,"href":"https:\/\/unifranz.edu.bo\/pt\/wp-json\/wp\/v2\/posts\/686755\/revisions"}],"predecessor-version":[{"id":686756,"href":"https:\/\/unifranz.edu.bo\/pt\/wp-json\/wp\/v2\/posts\/686755\/revisions\/686756"}],"wp:featuredmedia":[{"embeddable":true,"href":"https:\/\/unifranz.edu.bo\/pt\/wp-json\/wp\/v2\/media\/686931"}],"wp:attachment":[{"href":"https:\/\/unifranz.edu.bo\/pt\/wp-json\/wp\/v2\/media?parent=686755"}],"wp:term":[{"taxonomy":"category","embeddable":true,"href":"https:\/\/unifranz.edu.bo\/pt\/wp-json\/wp\/v2\/categories?post=686755"},{"taxonomy":"post_tag","embeddable":true,"href":"https:\/\/unifranz.edu.bo\/pt\/wp-json\/wp\/v2\/tags?post=686755"}],"curies":[{"name":"wp","href":"https:\/\/api.w.org\/{rel}","templated":true}]}}