{"id":685248,"date":"2024-12-17T15:16:19","date_gmt":"2024-12-17T19:16:19","guid":{"rendered":"https:\/\/unifranz.edu.bo\/?p=685248"},"modified":"2024-12-17T16:46:20","modified_gmt":"2024-12-17T20:46:20","slug":"aplican-los-medicos-los-consejos-que-dan-a-sus-pacientes","status":"publish","type":"post","link":"https:\/\/unifranz.edu.bo\/pt\/blog\/aplican-los-medicos-los-consejos-que-dan-a-sus-pacientes\/","title":{"rendered":"\u00bfAplican los m\u00e9dicos los consejos que dan a sus pacientes?"},"content":{"rendered":"<p>Por Mauricio Salvatierra<\/p>\n<p><span style=\"font-weight: 400;\">Es habitual que los m\u00e9dicos recomienden a sus pacientes llevar un estilo de vida saludable, que incluya buena alimentaci\u00f3n, ejercicio regular y descanso adecuado. Pero, \u00bflogran los profesionales de la salud aplicar estos consejos en su propia vida? La realidad es que sus exigentes rutinas laborales suelen convertirse en un obst\u00e1culo dif\u00edcil de sortear.<\/span><\/p>\n<p><span style=\"font-weight: 400;\">Ronald Ordo\u00f1ez, m\u00e9dico cirujano y docente de la carrera de Medicina de la Universidad Franz Tamayo, Unifranz, reflexiona sobre los riesgos que implica no seguir estos h\u00e1bitos.<\/span><\/p>\n<p><span style=\"font-weight: 400;\">\u201cPor el estilo de vida que llevamos es dif\u00edcil cumplirlos al 100%\u201d, afirma. Sus palabras ponen en evidencia una paradoja: quienes est\u00e1n encargados de cuidar la salud de los dem\u00e1s, muchas veces descuidan la suya propia.<\/span><\/p>\n<p><span style=\"font-weight: 400;\">De ah\u00ed la importancia, seg\u00fan Ord\u00f3\u00f1ez, de que los m\u00e9dicos piensen en su \u201cbienestar\u201d, entendido como la optimizaci\u00f3n de todos los factores que afectan a la salud biol\u00f3gica, psicol\u00f3gica y social y prevenir o tratar las enfermedades cr\u00f3nicas agudas que sufren los m\u00e9dicos, incluidas las enfermedades mentales, discapacidades y heridas derivadas de los peligros del trabajo, el estr\u00e9s laboral y el agotamiento.<\/span><\/p>\n<h3><b>Los desaf\u00edos laborales y su impacto en la salud<\/b><\/h3>\n<p><span style=\"font-weight: 400;\">Uno de los mayores retos que enfrentan los m\u00e9dicos son las extensas jornadas laborales. En muchos pa\u00edses, incluido Bolivia, es com\u00fan que trabajen hasta 36 horas seguidas, lo que no solo afecta su rendimiento profesional, sino tambi\u00e9n su salud f\u00edsica y mental.<\/span><\/p>\n<p><span style=\"font-weight: 400;\">\u201cCuando no se duerme bien, la eficiencia en el trabajo disminuye, ya que las sinapsis neuronales no funcionan de manera \u00f3ptima\u201d, explica Ordo\u00f1ez y agrega que \u201ccuanto m\u00e1s tiempo pase una persona sin dormir, menos efectiva ser\u00e1 en su desempe\u00f1o laboral\u201d.<\/span><\/p>\n<p><span style=\"font-weight: 400;\">El sue\u00f1o, seg\u00fan Ord\u00f3\u00f1ez, es un pilar fundamental de la salud. La falta de descanso adecuado aumenta el riesgo de desarrollar enfermedades graves, como hipertensi\u00f3n arterial, infartos y s\u00edndrome coronario agudo. A esto se suma que, con el tiempo, el impacto de estos problemas se vuelve m\u00e1s significativo.<\/span><\/p>\n<p><span style=\"font-weight: 400;\">Pero el problema no termina ah\u00ed. La alimentaci\u00f3n tambi\u00e9n es un desaf\u00edo para los profesionales de la salud. Los entornos hospitalarios, parad\u00f3jicamente, suelen carecer de opciones nutritivas.<\/span><\/p>\n<p><span style=\"font-weight: 400;\">\u201cEn muchos comedores institucionales, no hay comida saludable disponible. Esto, sumado a la presencia de m\u00e1quinas expendedoras y puestos de comida r\u00e1pida, facilita h\u00e1bitos poco saludables\u201d, sostiene el especialista.<\/span><\/p>\n<h3><b>Obesidad y sedentarismo: una realidad alarmante<\/b><\/h3>\n<p><span style=\"font-weight: 400;\">Ordo\u00f1ez advierte que la obesidad es una preocupaci\u00f3n creciente en Am\u00e9rica Latina. \u201cM\u00e9xico, por ejemplo, ha superado a Estados Unidos en \u00edndices de obesidad debido al sedentarismo y los malos h\u00e1bitos alimenticios. En Bolivia no estamos muy lejos de esa realidad\u201d, se\u00f1ala.<\/span><\/p>\n<p><span style=\"font-weight: 400;\">La paradoja es evidente. Mientras los m\u00e9dicos recomiendan a sus pacientes combatir el sedentarismo y adoptar dietas equilibradas, ellos mismos enfrentan dificultades para llevar una vida activa y saludable.<\/span><\/p>\n<p><span style=\"font-weight: 400;\">\u201cSumando todos estos factores, parad\u00f3jicamente, el personal de salud podr\u00eda ser uno de los grupos menos saludables, mientras intenta guiar a los pacientes hacia un bienestar que ellos mismos a veces no pueden alcanzar\u201d, reflexiona.<\/span><\/p>\n<h3><b>Un cambio desde las universidades<\/b><\/h3>\n<p><span style=\"font-weight: 400;\">Conscientes de esta situaci\u00f3n, las universidades tienen un papel clave para promover el autocuidado en las futuras generaciones de m\u00e9dicos. El docente universitario destaca que en Unifranz se trabaja activamente para concientizar a los estudiantes de Medicina sobre la importancia de cuidar su propia salud.<\/span><\/p>\n<p><span style=\"font-weight: 400;\">\u201cTratamos de inculcar en nuestros estudiantes la necesidad de priorizar su bienestar, porque no podemos seguir teniendo personal de salud que descuide su propia salud\u201d, asegura.<\/span><\/p>\n<p><span style=\"font-weight: 400;\">Iniciativas educativas como estas son esenciales para formar profesionales que no solo velan por la salud de sus pacientes, sino tambi\u00e9n por la suya. Este cambio de mentalidad es el primer paso hacia un sistema de salud m\u00e1s equilibrado y sostenible.<\/span><\/p>\n<h3><b>\u00bfEs viable implementar cambios laborales?<\/b><\/h3>\n<p><span style=\"font-weight: 400;\">La implementaci\u00f3n de mejores condiciones laborales, especialmente en lo que respecta a los horarios, es una soluci\u00f3n que varios pa\u00edses europeos ya han adoptado. Ordo\u00f1ez menciona que Bolivia podr\u00eda seguir este ejemplo, aunque reconoce que existen barreras econ\u00f3micas y legales.<\/span><\/p>\n<p><span style=\"font-weight: 400;\">\u201cEs posible lograrlo, pero es un tema econ\u00f3mico. Es complicado que el Estado considere aplicar estas leyes, ya que el m\u00e9dico de consultorio privado no est\u00e1 amparado por la Ley General del Trabajo\u201d, explica. Este vac\u00edo legal deja a los m\u00e9dicos en una situaci\u00f3n de vulnerabilidad, donde sus necesidades de descanso y bienestar quedan en un segundo plano.<\/span><\/p>\n<p><span style=\"font-weight: 400;\">El galeno enfatiza que es fundamental entender que los m\u00e9dicos tambi\u00e9n son seres humanos que se enfrentan a los mismos desaf\u00edos f\u00edsicos y mentales que sus pacientes. Ignorar esta realidad afecta su bienestar y, a su vez, la calidad de la atenci\u00f3n que brindan.<\/span><\/p>\n<h3><b>Autocuidado: una necesidad urgente<\/b><\/h3>\n<p><span style=\"font-weight: 400;\">Cuidar de su propia salud no es solo una cuesti\u00f3n de responsabilidad personal para los m\u00e9dicos; es una necesidad para garantizar un sistema de salud m\u00e1s eficiente y humano. Un m\u00e9dico que duerme bien, vive de manera equilibrada y realiza actividad f\u00edsica est\u00e1 en mejores condiciones para tomar decisiones cr\u00edticas y brindar una atenci\u00f3n de calidad.<\/span><\/p>\n<p><span style=\"font-weight: 400;\">La Asociaci\u00f3n M\u00e9dica Mundial (WMA, por sus siglas en ingl\u00e9s), a principios de a\u00f1o, inst\u00f3 a las asociaciones nacionales a mejorar las condiciones laborales y de salud de los profesionales. Esto refleja una preocupaci\u00f3n global por el impacto que tiene el bienestar de los m\u00e9dicos en sus pacientes y en la sociedad en general.<\/span><\/p>\n<p><span style=\"font-weight: 400;\">La paradoja de los m\u00e9dicos que no aplican en su vida los consejos que brindan a sus pacientes debe ser abordada con seriedad. Mejorar las condiciones laborales, promover el autocuidado desde la formaci\u00f3n universitaria y garantizar espacios adecuados para el descanso y la alimentaci\u00f3n son acciones clave.<\/span><\/p>\n<p><span style=\"font-weight: 400;\">Como bien se\u00f1ala Ordo\u00f1ez, \u201cno podemos seguir teniendo personal de salud que descuide su propia salud\u201d . El desaf\u00edo est\u00e1 en cambiar paradigmas y construir un entorno donde los m\u00e9dicos puedan cuidar su bienestar f\u00edsico y mental, asegurando as\u00ed una atenci\u00f3n m\u00e9dica m\u00e1s segura, eficiente y emp\u00e1tica.<\/span><\/p>","protected":false},"excerpt":{"rendered":"<p>Por Mauricio Salvatierra Es habitual que los m\u00e9dicos recomienden a sus pacientes llevar un estilo de vida saludable, que incluya buena alimentaci\u00f3n, ejercicio regular y descanso adecuado. Pero, \u00bflogran los profesionales de la salud aplicar estos consejos en su propia vida? La realidad es que sus exigentes rutinas laborales suelen convertirse en un obst\u00e1culo dif\u00edcil &hellip; <a href=\"https:\/\/unifranz.edu.bo\/pt\/blog\/aplican-los-medicos-los-consejos-que-dan-a-sus-pacientes\/\">Continued<\/a><\/p>","protected":false},"author":45,"featured_media":685272,"comment_status":"open","ping_status":"open","sticky":false,"template":"","format":"standard","meta":{"_acf_changed":false,"footnotes":""},"categories":[60,2566,2484,1782],"tags":[8732,6903,1422,3022,9964,5722,1592,242],"class_list":["post-685248","post","type-post","status-publish","format-standard","has-post-thumbnail","hentry","category-blog","category-docente","category-medicina-es-2","category-unifranz","tag-autocuidado","tag-carga-laboral","tag-innovacion-en-educacion","tag-medico","tag-noticias-de-hoy","tag-sedentarismo","tag-trabajo","tag-unifranz"],"acf":[],"_links":{"self":[{"href":"https:\/\/unifranz.edu.bo\/pt\/wp-json\/wp\/v2\/posts\/685248","targetHints":{"allow":["GET"]}}],"collection":[{"href":"https:\/\/unifranz.edu.bo\/pt\/wp-json\/wp\/v2\/posts"}],"about":[{"href":"https:\/\/unifranz.edu.bo\/pt\/wp-json\/wp\/v2\/types\/post"}],"author":[{"embeddable":true,"href":"https:\/\/unifranz.edu.bo\/pt\/wp-json\/wp\/v2\/users\/45"}],"replies":[{"embeddable":true,"href":"https:\/\/unifranz.edu.bo\/pt\/wp-json\/wp\/v2\/comments?post=685248"}],"version-history":[{"count":2,"href":"https:\/\/unifranz.edu.bo\/pt\/wp-json\/wp\/v2\/posts\/685248\/revisions"}],"predecessor-version":[{"id":685273,"href":"https:\/\/unifranz.edu.bo\/pt\/wp-json\/wp\/v2\/posts\/685248\/revisions\/685273"}],"wp:featuredmedia":[{"embeddable":true,"href":"https:\/\/unifranz.edu.bo\/pt\/wp-json\/wp\/v2\/media\/685272"}],"wp:attachment":[{"href":"https:\/\/unifranz.edu.bo\/pt\/wp-json\/wp\/v2\/media?parent=685248"}],"wp:term":[{"taxonomy":"category","embeddable":true,"href":"https:\/\/unifranz.edu.bo\/pt\/wp-json\/wp\/v2\/categories?post=685248"},{"taxonomy":"post_tag","embeddable":true,"href":"https:\/\/unifranz.edu.bo\/pt\/wp-json\/wp\/v2\/tags?post=685248"}],"curies":[{"name":"wp","href":"https:\/\/api.w.org\/{rel}","templated":true}]}}