{"id":683188,"date":"2024-12-13T18:11:25","date_gmt":"2024-12-13T22:11:25","guid":{"rendered":"https:\/\/unifranz.edu.bo\/?p=683188"},"modified":"2024-12-13T18:11:25","modified_gmt":"2024-12-13T22:11:25","slug":"los-datos-geneticos-y-registros-medicos-estan-protegidos-por-las-leyes","status":"publish","type":"post","link":"https:\/\/unifranz.edu.bo\/pt\/blog\/los-datos-geneticos-y-registros-medicos-estan-protegidos-por-las-leyes\/","title":{"rendered":"\u00bfLos datos gen\u00e9ticos y registros m\u00e9dicos, est\u00e1n protegidos por las leyes?"},"content":{"rendered":"<p>Por Manuel Filomeno<\/p>\n<p><span style=\"font-weight: 400;\">Registros m\u00e9dicos, pruebas de ADN, ex\u00e1menes de sangre, entre otros datos son colectados diariamente por hospitales e instituciones p\u00fablicas y privadas. Estos datos, son susceptibles a filtraciones inform\u00e1ticas, que podr\u00edan poner en riesgo la seguridad de las personas a las que pertenecen, lo que lleva a la siguiente pregunta: \u00bfEst\u00e1 protegida nuestra informaci\u00f3n gen\u00e9tica y m\u00e9dica por las leyes?<\/span><\/p>\n<p><span style=\"font-weight: 400;\">\u201cDesafortunadamente en nuestro pa\u00eds, espec\u00edficamente, no existen leyes, ni un marco jur\u00eddico que por lo menos pueda servir para regular la materia. As\u00ed, el derecho gen\u00e9tico, el bioderecho, la ingenier\u00eda gen\u00e9tica y hasta la clonaci\u00f3n y los temas relacionados al genoma humano son absolutamente incipientes y solo se los atiende desde el punto de vista de la medicina forense\u201d, explica la abogada Andrea Hortensia G\u00f3mez, docente de la carrera de Derecho de la Universidad Franz Tamay, Unifranz.<\/span><\/p>\n<p><span style=\"font-weight: 400;\">El a\u00f1o pasado, en octubre, se conoci\u00f3 la filtraci\u00f3n de los datos gen\u00e9ticos de siete millones de clientes de la empresa de pruebas gen\u00e9ticas 23andMe y su venta en las dark web a precios que var\u00edan entre 1 d\u00f3lar y 10 d\u00f3lares por registro.<\/span><\/p>\n<p><span style=\"font-weight: 400;\">El peligro de qui\u00e9n pueda comprar este tipo de informaci\u00f3n levanta todo tipo de teor\u00edas.\u00a0Desde compa\u00f1\u00edas de seguros que quieran acceder a informaci\u00f3n gen\u00e9tica de sus potenciales clientes\u00a0para detectar, antes de ofrecer una p\u00f3liza, si su organismo puede ser propenso a algunas enfermedades, hasta todo tipo de criminales que\u00a0deseen extorsionar y chantajear a sus v\u00edctimas.<\/span><\/p>\n<p><span style=\"font-weight: 400;\">Este robo plantea preocupaciones acerca de la seguridad y privacidad de los datos gen\u00e9ticos de las personas, pero tambi\u00e9n de su protecci\u00f3n ante las leyes.<\/span><\/p>\n<p><span style=\"font-weight: 400;\">La abogada indica que, en general, los datos gen\u00e9ticos de las personas entran en la esfera de los derechos personales, por lo que est\u00e1n protegidos por la Constituci\u00f3n Pol\u00edtica del Estado (CPE), sin embargo, no se encuentran mencionados espec\u00edficamente en ninguna ley.<\/span><\/p>\n<p><span style=\"font-weight: 400;\">\u201cEn nuestro pa\u00eds la CPE, en su t\u00edtulo II, cap\u00edtulo primero, Art. 13, proclama de modo general los derechos y garant\u00edas constitucionales de las personas, pero desafortunadamente, no existe nada espec\u00edfico sobre el derecho a la informaci\u00f3n gen\u00e9tica\u201d, se\u00f1ala la abogada.<\/span><\/p>\n<p><span style=\"font-weight: 400;\">Sin embargo, G\u00f3mez indica que, bajo otro punto de vista, m\u00e1s general, la CPE protege los datos gen\u00e9ticos de las personas mediante al menos dos art\u00edculos.<\/span><\/p>\n<p><span style=\"font-weight: 400;\">\u201cLa CPE en su Art. 21, N\u00fam. 2\u00a0 (Derechos Civiles), garantiza la privacidad, la intimidad, el honor, la honra, la imagen y la dignidad de las personas, por tanto, bajo ese concepto, todas las leyes y normativas existentes en el pa\u00eds, protegen sus datos personales y gen\u00e9ricos. El caso m\u00e1s puntual es el consignado en el Art. 130 de la CPE, que se\u00f1ala la Acci\u00f3n de Protecci\u00f3n de Privacidad de las personas, antes conocida como el Habeas Data\u201d, agrega la profesional.<\/span><\/p>\n<p><span style=\"font-weight: 400;\">En Europa, el Reglamento General de Protecci\u00f3n de Datos (RGPD) contempla que la informaci\u00f3n gen\u00e9tica es\u00a0un tipo de dato especialmente sensible, puesto que es informaci\u00f3n que puede identificar inequ\u00edvocamente a un usuario.<\/span><\/p>\n<p><b>Protecci\u00f3n de datos gen\u00e9ticos<\/b><\/p>\n<p><span style=\"font-weight: 400;\">Seg\u00fan G\u00f3mez, una vez ocurrida la filtraci\u00f3n de los datos gen\u00e9ticos, no hay mucho que hacer al respecto, ya que, a pesar de todas las medidas de seguridad que se puedan aplicar, estos seguir\u00e1n siendo vulnerables.<\/span><\/p>\n<p><span style=\"font-weight: 400;\">Entonces, \u00bfc\u00f3mo proteger los datos personales de las personas? La experta indica que esto pasa por la formulaci\u00f3n de un marco jur\u00eddico que proteja este tipo de datos, m\u00e1s all\u00e1 de las medidas espec\u00edficas y t\u00e9cnicas que se puedan tomar para protegerlos.<\/span><\/p>\n<p><span style=\"font-weight: 400;\">\u201cM\u00e1s all\u00e1 de las medidas espec\u00edficas que puedan tomar las empresas dedicadas a estas tareas, ya sean nacionales o internacionales, para proveerse de sistemas de seguridad t\u00e9cnica o tecnol\u00f3gica que les garantice su accionar, resulta m\u00e1s importante desarrollar un marco jur\u00eddico regulatorio para crear una legislaci\u00f3n propia y espec\u00edfica, es decir una biolegislaci\u00f3n, que m\u00e1s adelante pueda tomar cualquier otra denominaci\u00f3n\u201d, finaliza.<\/span><\/p>","protected":false},"excerpt":{"rendered":"<p>Por Manuel Filomeno Registros m\u00e9dicos, pruebas de ADN, ex\u00e1menes de sangre, entre otros datos son colectados diariamente por hospitales e instituciones p\u00fablicas y privadas. Estos datos, son susceptibles a filtraciones inform\u00e1ticas, que podr\u00edan poner en riesgo la seguridad de las personas a las que pertenecen, lo que lleva a la siguiente pregunta: \u00bfEst\u00e1 protegida nuestra &hellip; <a href=\"https:\/\/unifranz.edu.bo\/pt\/blog\/los-datos-geneticos-y-registros-medicos-estan-protegidos-por-las-leyes\/\">Continued<\/a><\/p>","protected":false},"author":45,"featured_media":683194,"comment_status":"open","ping_status":"open","sticky":false,"template":"","format":"standard","meta":{"_acf_changed":false,"footnotes":""},"categories":[60,2108,1782],"tags":[10501,10502,39,8208,268,4048,49,10503,242],"class_list":["post-683188","post","type-post","status-publish","format-standard","has-post-thumbnail","hentry","category-blog","category-medicina-es","category-unifranz","tag-biogenetica","tag-biolegislacion","tag-derecho","tag-foro-internacional-de-innovacion-en-educacion","tag-investigacion","tag-leyes","tag-medicina","tag-noticias-bolivianas","tag-unifranz"],"acf":[],"_links":{"self":[{"href":"https:\/\/unifranz.edu.bo\/pt\/wp-json\/wp\/v2\/posts\/683188","targetHints":{"allow":["GET"]}}],"collection":[{"href":"https:\/\/unifranz.edu.bo\/pt\/wp-json\/wp\/v2\/posts"}],"about":[{"href":"https:\/\/unifranz.edu.bo\/pt\/wp-json\/wp\/v2\/types\/post"}],"author":[{"embeddable":true,"href":"https:\/\/unifranz.edu.bo\/pt\/wp-json\/wp\/v2\/users\/45"}],"replies":[{"embeddable":true,"href":"https:\/\/unifranz.edu.bo\/pt\/wp-json\/wp\/v2\/comments?post=683188"}],"version-history":[{"count":1,"href":"https:\/\/unifranz.edu.bo\/pt\/wp-json\/wp\/v2\/posts\/683188\/revisions"}],"predecessor-version":[{"id":683200,"href":"https:\/\/unifranz.edu.bo\/pt\/wp-json\/wp\/v2\/posts\/683188\/revisions\/683200"}],"wp:featuredmedia":[{"embeddable":true,"href":"https:\/\/unifranz.edu.bo\/pt\/wp-json\/wp\/v2\/media\/683194"}],"wp:attachment":[{"href":"https:\/\/unifranz.edu.bo\/pt\/wp-json\/wp\/v2\/media?parent=683188"}],"wp:term":[{"taxonomy":"category","embeddable":true,"href":"https:\/\/unifranz.edu.bo\/pt\/wp-json\/wp\/v2\/categories?post=683188"},{"taxonomy":"post_tag","embeddable":true,"href":"https:\/\/unifranz.edu.bo\/pt\/wp-json\/wp\/v2\/tags?post=683188"}],"curies":[{"name":"wp","href":"https:\/\/api.w.org\/{rel}","templated":true}]}}