{"id":681782,"date":"2024-12-11T11:37:06","date_gmt":"2024-12-11T15:37:06","guid":{"rendered":"https:\/\/unifranz.edu.bo\/?p=681782"},"modified":"2024-12-11T11:37:06","modified_gmt":"2024-12-11T15:37:06","slug":"estudiante-unifranz-promueve-la-inteligencia-emocional-en-ninos-a-traves-del-diseno-grafico","status":"publish","type":"post","link":"https:\/\/unifranz.edu.bo\/pt\/blog\/estudiante-unifranz-promueve-la-inteligencia-emocional-en-ninos-a-traves-del-diseno-grafico\/","title":{"rendered":"Estudiante Unifranz promueve la inteligencia emocional en ni\u00f1os a trav\u00e9s del dise\u00f1o gr\u00e1fico"},"content":{"rendered":"<p><span style=\"color: #000000;\">\u00bfC\u00f3mo lograr adultos emocionalmente conscientes? Es la pregunta que inspir\u00f3 a Abbie Calvimontes para realizar el dise\u00f1o de un libro did\u00e1ctico ilustrado sobre Inteligencia Emocional para ni\u00f1os. La estudiante de Dise\u00f1o Gr\u00e1fico y Producci\u00f3n Cross Media de la Universidad Franz Tamayo, Unifranz, desarroll\u00f3 este proyecto integrador que busca promover la inteligencia emocional desde la infancia.<\/span><\/p>\n<p><span style=\"color: #000000;\">El proyecto, Dise\u00f1o de libro did\u00e1ctico ilustrado sobre Inteligencia Emocional para ni\u00f1os, nace de la preocupaci\u00f3n de la estudiante por la formaci\u00f3n emocional de los m\u00e1s peque\u00f1os. Seg\u00fan Abbie, la inspiraci\u00f3n para este proyecto fue \u00abla importancia de la inteligencia emocional y que la mejor etapa para ense\u00f1arla es la ni\u00f1ez, as\u00ed los ni\u00f1os podr\u00e1n aprender a identificar y manejar sus emociones, formando adultos emocionalmente conscientes\u00bb.<\/span><\/p>\n<p><span style=\"color: #000000;\">A trav\u00e9s de este material educativo, busca conectar con los ni\u00f1os de una manera atractiva y significativa. Abbie decidi\u00f3 emprender este proyecto porque considera que ense\u00f1ar inteligencia emocional desde la infancia es crucial para el desarrollo personal de los ni\u00f1os. \u00abEnse\u00f1arles a los ni\u00f1os a reconocer y gestionar sus emociones les permite ser adultos emocionalmente responsables\u00bb, expres\u00f3 la estudiante.<\/span><\/p>\n<p><span style=\"color: #000000;\">El proyecto fue desarrollado en Santa Cruz de la Sierra, donde Abbie trabaj\u00f3 de cerca con ni\u00f1os entre los cinco y seis a\u00f1os de edad para desarrollar un contenido educativo que fomente una comprensi\u00f3n temprana de la inteligencia emocional. Adem\u00e1s, el proyecto beneficia tambi\u00e9n a los padres y docentes interesados en integrar estos conceptos en su ense\u00f1anza cotidiana.<\/span><\/p>\n<p><span style=\"color: #000000;\">El proceso de creaci\u00f3n del libro se extendi\u00f3 por aproximadamente seis meses, durante los cuales la futura dise\u00f1adora gr\u00e1fica utiliz\u00f3 herramientas de dise\u00f1o como Adobe Illustrator, InDesign y Photoshop. Estas tecnolog\u00edas le permitieron crear un libro visualmente atractivo que combina una historia educativa con ilustraciones que conectan emocionalmente con los peque\u00f1os.<\/span><\/p>\n<p><span style=\"color: #000000;\">El proyecto se desarroll\u00f3 en varias fases: investigaci\u00f3n, conceptualizaci\u00f3n, dise\u00f1o de personajes, maquetaci\u00f3n y evaluaci\u00f3n. Durante estas etapas, logr\u00f3 integrar elementos de ense\u00f1anza y psicolog\u00eda para crear un material did\u00e1ctico adaptado a las necesidades y preferencias de los ni\u00f1os de hoy en d\u00eda.<\/span><\/p>\n<p><img loading=\"lazy\" decoding=\"async\" class=\"alignnone wp-image-681789 size-large\" src=\"https:\/\/unifranz.edu.bo\/wp-content\/uploads\/2024\/12\/WhatsApp-Image-2024-12-11-at-11.29.55-1024x768.jpeg\" alt=\"\" width=\"1024\" height=\"768\" srcset=\"https:\/\/unifranz.edu.bo\/wp-content\/uploads\/2024\/12\/WhatsApp-Image-2024-12-11-at-11.29.55-1024x768.jpeg 1024w, https:\/\/unifranz.edu.bo\/wp-content\/uploads\/2024\/12\/WhatsApp-Image-2024-12-11-at-11.29.55-300x225.jpeg 300w, https:\/\/unifranz.edu.bo\/wp-content\/uploads\/2024\/12\/WhatsApp-Image-2024-12-11-at-11.29.55-768x576.jpeg 768w, https:\/\/unifranz.edu.bo\/wp-content\/uploads\/2024\/12\/WhatsApp-Image-2024-12-11-at-11.29.55-1536x1152.jpeg 1536w, https:\/\/unifranz.edu.bo\/wp-content\/uploads\/2024\/12\/WhatsApp-Image-2024-12-11-at-11.29.55-16x12.jpeg 16w, https:\/\/unifranz.edu.bo\/wp-content\/uploads\/2024\/12\/WhatsApp-Image-2024-12-11-at-11.29.55.jpeg 1600w\" sizes=\"auto, (max-width: 1024px) 100vw, 1024px\" \/><\/p>\n<p><span style=\"color: #000000;\">Este libro, adem\u00e1s de ser visualmente llamativo, tiene un fuerte componente educativo. \u00abPromueve la educaci\u00f3n emocional en ni\u00f1os, lo que tiene un gran impacto en la sociedad, ya que fomenta la formaci\u00f3n de futuros adultos emp\u00e1ticos, responsables y capaces de manejar sus emociones de manera saludable\u00bb, coment\u00f3 Abbie.<\/span><\/p>\n<p><span style=\"color: #000000;\">Tambi\u00e9n, representa un aporte significativo al campo del Dise\u00f1o Gr\u00e1fico y Producci\u00f3n Cross Media, porque integra conocimientos de psicolog\u00eda con el dise\u00f1o de materiales educativos, abriendo nuevas posibilidades para la creaci\u00f3n de proyectos innovadores que generen un impacto positivo en la sociedad.<\/span><\/p>\n<p><span style=\"color: #000000;\">\u00abAprend\u00ed la importancia de entender al p\u00fablico objetivo y c\u00f3mo conectar el dise\u00f1o con el aprendizaje. Es fundamental que el dise\u00f1o no solo sea visualmente atractivo, sino que tambi\u00e9n logre el objetivo educativo que se persigue\u00bb, resalta la joven.<\/span><\/p>\n<p><span style=\"color: #000000;\">La estudiante espera que su libro sirva como inspiraci\u00f3n para otros proyectos que promuevan la educaci\u00f3n emocional en la ni\u00f1ez, destacando la relevancia de este tipo de iniciativas para la formaci\u00f3n de individuos emocionalmente inteligentes. Con este tipo de proyectos, Unifranz, a trav\u00e9s de su metodolog\u00eda de aprender haciendo, contin\u00faa demostrando la importancia de la formaci\u00f3n pr\u00e1ctica, preparando a sus estudiantes para enfrentar desaf\u00edos reales de la sociedad con soluciones creativas e innovadoras.<\/span><\/p>\n<p><span style=\"color: #000000;\">Unifranz se caracteriza por su enfoque en la educaci\u00f3n pr\u00e1ctica, donde los estudiantes tienen la oportunidad de aplicar los conocimientos adquiridos en el aula a proyectos concretos que impactan positivamente en la comunidad.<\/span><\/p>\n<p><span style=\"color: #000000;\">Por su parte, Daniel Goleman, psic\u00f3logo de profesi\u00f3n y tambi\u00e9n docente, define la inteligencia emocional como: \u00abla capacidad de reconocer, comprender y manejar nuestras propias emociones, as\u00ed como la de reconocer, comprender e influir en las emociones de los dem\u00e1s\u00bb.<\/span><\/p>\n<p><span style=\"color: #000000;\">Este proyecto demuestra c\u00f3mo la creatividad y el dise\u00f1o pueden ser herramientas poderosas para abordar desaf\u00edos sociales y emocionales, contribuyendo as\u00ed a la construcci\u00f3n de una sociedad m\u00e1s emp\u00e1tica y consciente. Abbie Calvimontes, a trav\u00e9s de su trabajo, deja una huella importante en la educaci\u00f3n emocional infantil, un \u00e1rea clave para el futuro de las nuevas generaciones.<\/span><\/p>","protected":false},"excerpt":{"rendered":"<p>\u00bfC\u00f3mo lograr adultos emocionalmente conscientes? Es la pregunta que inspir\u00f3 a Abbie Calvimontes para realizar el dise\u00f1o de un libro did\u00e1ctico ilustrado sobre Inteligencia Emocional para ni\u00f1os. La estudiante de Dise\u00f1o Gr\u00e1fico y Producci\u00f3n Cross Media de la Universidad Franz Tamayo, Unifranz, desarroll\u00f3 este proyecto integrador que busca promover la inteligencia emocional desde la infancia. &hellip; <a href=\"https:\/\/unifranz.edu.bo\/pt\/blog\/estudiante-unifranz-promueve-la-inteligencia-emocional-en-ninos-a-traves-del-diseno-grafico\/\">Continued<\/a><\/p>","protected":false},"author":33,"featured_media":681788,"comment_status":"open","ping_status":"open","sticky":false,"template":"","format":"standard","meta":{"_acf_changed":false,"footnotes":""},"categories":[2576,60],"tags":[3076,414,5288,1650,6637,1596],"class_list":["post-681782","post","type-post","status-publish","format-standard","has-post-thumbnail","hentry","category-unifranz-santa-cruz","category-blog","tag-aprende-haciendo","tag-diseno-grafico","tag-inteligencia-emocional","tag-mejores-universidades-de-bolivia","tag-produccion-cross-media","tag-proyectos-integradores"],"acf":[],"_links":{"self":[{"href":"https:\/\/unifranz.edu.bo\/pt\/wp-json\/wp\/v2\/posts\/681782","targetHints":{"allow":["GET"]}}],"collection":[{"href":"https:\/\/unifranz.edu.bo\/pt\/wp-json\/wp\/v2\/posts"}],"about":[{"href":"https:\/\/unifranz.edu.bo\/pt\/wp-json\/wp\/v2\/types\/post"}],"author":[{"embeddable":true,"href":"https:\/\/unifranz.edu.bo\/pt\/wp-json\/wp\/v2\/users\/33"}],"replies":[{"embeddable":true,"href":"https:\/\/unifranz.edu.bo\/pt\/wp-json\/wp\/v2\/comments?post=681782"}],"version-history":[{"count":1,"href":"https:\/\/unifranz.edu.bo\/pt\/wp-json\/wp\/v2\/posts\/681782\/revisions"}],"predecessor-version":[{"id":681790,"href":"https:\/\/unifranz.edu.bo\/pt\/wp-json\/wp\/v2\/posts\/681782\/revisions\/681790"}],"wp:featuredmedia":[{"embeddable":true,"href":"https:\/\/unifranz.edu.bo\/pt\/wp-json\/wp\/v2\/media\/681788"}],"wp:attachment":[{"href":"https:\/\/unifranz.edu.bo\/pt\/wp-json\/wp\/v2\/media?parent=681782"}],"wp:term":[{"taxonomy":"category","embeddable":true,"href":"https:\/\/unifranz.edu.bo\/pt\/wp-json\/wp\/v2\/categories?post=681782"},{"taxonomy":"post_tag","embeddable":true,"href":"https:\/\/unifranz.edu.bo\/pt\/wp-json\/wp\/v2\/tags?post=681782"}],"curies":[{"name":"wp","href":"https:\/\/api.w.org\/{rel}","templated":true}]}}