{"id":680848,"date":"2024-12-06T22:50:11","date_gmt":"2024-12-07T02:50:11","guid":{"rendered":"https:\/\/unifranz.edu.bo\/?p=680848"},"modified":"2024-12-06T22:54:26","modified_gmt":"2024-12-07T02:54:26","slug":"por-que-es-importante-apostar-por-la-economia-creativa-en-bolivia","status":"publish","type":"post","link":"https:\/\/unifranz.edu.bo\/pt\/blog\/por-que-es-importante-apostar-por-la-economia-creativa-en-bolivia\/","title":{"rendered":"\u00bfPor qu\u00e9 es importante apostar por la econom\u00eda creativa en Bolivia?"},"content":{"rendered":"<p><span style=\"font-weight: 400;\">En los pa\u00edses de la regi\u00f3n y, en espec\u00edfico Bolivia, ya se apost\u00f3 por otras formas de econom\u00eda, algunas funcionaron y otras no, pero es momento de virar y apostar por la econom\u00eda creativa o naranja, sentencia el exministro de Culturas de Colombia y experto en econom\u00eda naranja, Felipe Buitrago.\u00a0<\/span><\/p>\n<p><b>\u201c<\/b><span style=\"font-weight: 400;\">Ya hemos intentado otras cosas y algunas han funcionado y otras no, pero por esto (econom\u00eda creativa) jam\u00e1s hemos apostado y si apostamos nos damos la oportunidad. Es un camino que no podemos seguir desaprovechando\u201d, se\u00f1ala.\u00a0<\/span><\/p>\n<p><span style=\"font-weight: 400;\">La econom\u00eda creativa o naranja abarca todas las actividades que transforman ideas en bienes y servicios, cuyo valor reside en la propiedad intelectual y la innovaci\u00f3n, como el arte, turismo, ocio y entretenimiento, moda, desarrollo tecnol\u00f3gico de software y otras. El Banco Interamericano de Desarrollo (BID) estima que en Latinoam\u00e9rica la econom\u00eda creativa representa casi un 4% del PIB regional.<\/span><\/p>\n<p><b>\u201c<\/b><span style=\"font-weight: 400;\">La creatividad precisamente nos ofrece esa posibilidad de enriquecer todo lo que hacemos. En muchos casos se trata precisamente de la oportunidad de darle m\u00e1s valor a aquello que ya sabemos hacer en otros contextos\u201d, dice la exautoridad colombiana.\u00a0<\/span><\/p>\n<p><span style=\"font-weight: 400;\">Solo el ocio y entretenimiento en Bolivia mueven m\u00e1s de Bs 233 millones por mes, seg\u00fan la m\u00e1s reciente investigaci\u00f3n <\/span><i><span style=\"font-weight: 400;\">\u201cCreatividad y emprendimiento: nuevas econom\u00edas en Bolivia\u201d<\/span><\/i><span style=\"font-weight: 400;\">, presentada en el II Foro Internacional de Econom\u00eda Creativa, organizado por la Universidad Franz Tamayo (Unifranz) y el Centro de Estudios de la Realidad Econ\u00f3mica y Social (CERES Bolivia).<\/span><\/p>\n<p><span style=\"font-weight: 400;\">\u201cEs una oportunidad para darnos cuenta de todo lo que no hemos aprovechado, pero que no podemos seguir desaprovechando\u201d, advierte Buitrago, quien adem\u00e1s fue <\/span><i><span style=\"font-weight: 400;\">speaker <\/span><\/i><span style=\"font-weight: 400;\">del foro internacional. El experto comparte autor\u00eda con el expresidente de Colombia, Iv\u00e1n Duque, en el texto <\/span><i><span style=\"font-weight: 400;\">\u201cLa Econom\u00eda Naranja: Una oportunidad infinita\u201d, <\/span><\/i><span style=\"font-weight: 400;\">donde proponen el t\u00e9rmino econom\u00eda naranja.<\/span><\/p>\n<h3><b>\u00c1nimo, apoyo y tecnolog\u00eda, bases para el fomento de la econom\u00eda creativa<\/b><\/h3>\n<p><span style=\"font-weight: 400;\">Del 21% de la Poblaci\u00f3n Econ\u00f3micamente Activa (PEA), alrededor de 1.428.000 personas forman parte de la econom\u00eda creativa, seg\u00fan datos del CERES, en base a datos del Instituto Nacional de Estad\u00edstica (INE). El animar y generar cultura de oportunidad, el apoyo m\u00fatuo y el aprovechamiento del campo tecnol\u00f3gico son bases para el fomento de las econom\u00edas creativas.\u00a0<\/span><\/p>\n<p><span style=\"font-weight: 400;\">Buitrago recomienda empezar con el \u00e1nimo y la cultura de oportunidad en el mundo de la econom\u00eda naranja. El experto tambi\u00e9n comparti\u00f3 un taller con j\u00f3venes universitarios de Cochabamba, donde los anim\u00f3 a potenciar las industrias creativas.<\/span><\/p>\n<p><span style=\"font-weight: 400;\">\u201cLo primero es darles \u00e1nimo, ustedes tienen el talento tienen las capacidades y si les faltan herramientas no tienen que esperar que el Gobierno los acompa\u00f1e, tienen que salir a buscarlas\u201d, apunta.\u00a0<\/span><\/p>\n<p><span style=\"font-weight: 400;\">Para el experto internacional, el futuro se construye con el trabajo de todos. Lamenta que el apoyo gubernamental sea limitado en toda la regi\u00f3n, pero llama a \u201cno dejarse apabullar\u201d y apostar, acompa\u00f1ar y apoyar.\u00a0\u00a0<\/span><\/p>\n<p><span style=\"font-weight: 400;\">La tecnolog\u00eda es uno de los campos m\u00e1s llamativos para generar valor agregado, a partir de la creatividad de los bolivianos, alienta. Los retos con las nuevas herramientas tecnol\u00f3gicas est\u00e1n esperando la respuesta de programadores, creadores y otros.\u00a0<\/span><\/p>\n<p><span style=\"font-weight: 400;\">\u201cHay un mundo por descubrir en materia de inteligencia artificial, rob\u00f3tica, del internet de las cosas, tecnolog\u00edas vestibles y que ah\u00ed tenemos una oportunidad enorme\u201d, sostiene.\u00a0<\/span><\/p>\n<p><span style=\"font-weight: 400;\">Los avances tecnol\u00f3gicos son una oportunidad para las j\u00f3venes con talento. Buitrago destaca la importancia de la identidad y aprovecharla para poner \u201cese sabor, ese toque local\u201d en los aportes y creaciones.<\/span><\/p>\n<p><span style=\"font-weight: 400;\">Por \u00faltimo, subraya la necesidad de apoyarse de forma m\u00fatua, de confiar en el emprendedor de estos cambios y de esa forma hacer sostenible las nuevas v\u00edas de desarrollo econ\u00f3mico.\u00a0<\/span><\/p>\n<p><span style=\"font-weight: 400;\">\u201cApoyar cuando nos apoyan, para que precisamente se genere ese c\u00edrculo virtuoso y consistentemente, con el que construimos un mejor espacio y mejores oportunidades para la transformaci\u00f3n del pa\u00eds, a trav\u00e9s de la cultura y la creatividad\u201d, finaliza.<\/span><\/p>","protected":false},"excerpt":{"rendered":"<p>En los pa\u00edses de la regi\u00f3n y, en espec\u00edfico Bolivia, ya se apost\u00f3 por otras formas de econom\u00eda, algunas funcionaron y otras no, pero es momento de virar y apostar por la econom\u00eda creativa o naranja, sentencia el exministro de Culturas de Colombia y experto en econom\u00eda naranja, Felipe Buitrago.\u00a0 \u201cYa hemos intentado otras cosas &hellip; <a href=\"https:\/\/unifranz.edu.bo\/pt\/blog\/por-que-es-importante-apostar-por-la-economia-creativa-en-bolivia\/\">Continued<\/a><\/p>","protected":false},"author":45,"featured_media":680849,"comment_status":"open","ping_status":"open","sticky":false,"template":"","format":"standard","meta":{"_acf_changed":false,"footnotes":""},"categories":[60,2566,6597,1782],"tags":[4512,1058,10481,10304,1422,242,10296],"class_list":["post-680848","post","type-post","status-publish","format-standard","has-post-thumbnail","hentry","category-blog","category-docente","category-economia-creativa","category-unifranz","tag-economia-creativa","tag-economia-naranja","tag-felipe-buitriago","tag-foro-internacional-de-economia-creativa","tag-innovacion-en-educacion","tag-unifranz","tag-viral"],"acf":[],"_links":{"self":[{"href":"https:\/\/unifranz.edu.bo\/pt\/wp-json\/wp\/v2\/posts\/680848","targetHints":{"allow":["GET"]}}],"collection":[{"href":"https:\/\/unifranz.edu.bo\/pt\/wp-json\/wp\/v2\/posts"}],"about":[{"href":"https:\/\/unifranz.edu.bo\/pt\/wp-json\/wp\/v2\/types\/post"}],"author":[{"embeddable":true,"href":"https:\/\/unifranz.edu.bo\/pt\/wp-json\/wp\/v2\/users\/45"}],"replies":[{"embeddable":true,"href":"https:\/\/unifranz.edu.bo\/pt\/wp-json\/wp\/v2\/comments?post=680848"}],"version-history":[{"count":1,"href":"https:\/\/unifranz.edu.bo\/pt\/wp-json\/wp\/v2\/posts\/680848\/revisions"}],"predecessor-version":[{"id":680850,"href":"https:\/\/unifranz.edu.bo\/pt\/wp-json\/wp\/v2\/posts\/680848\/revisions\/680850"}],"wp:featuredmedia":[{"embeddable":true,"href":"https:\/\/unifranz.edu.bo\/pt\/wp-json\/wp\/v2\/media\/680849"}],"wp:attachment":[{"href":"https:\/\/unifranz.edu.bo\/pt\/wp-json\/wp\/v2\/media?parent=680848"}],"wp:term":[{"taxonomy":"category","embeddable":true,"href":"https:\/\/unifranz.edu.bo\/pt\/wp-json\/wp\/v2\/categories?post=680848"},{"taxonomy":"post_tag","embeddable":true,"href":"https:\/\/unifranz.edu.bo\/pt\/wp-json\/wp\/v2\/tags?post=680848"}],"curies":[{"name":"wp","href":"https:\/\/api.w.org\/{rel}","templated":true}]}}