{"id":680794,"date":"2024-12-06T18:07:48","date_gmt":"2024-12-06T22:07:48","guid":{"rendered":"https:\/\/unifranz.edu.bo\/?p=680794"},"modified":"2024-12-09T19:35:51","modified_gmt":"2024-12-09T23:35:51","slug":"jorge-luis-roque-el-mejor-estudiante-de-unifranz","status":"publish","type":"post","link":"https:\/\/unifranz.edu.bo\/pt\/blog\/jorge-luis-roque-el-mejor-estudiante-de-unifranz\/","title":{"rendered":"Jorge Luis Roque, el mejor estudiante de Unifranz, comprometido con la superaci\u00f3n continua"},"content":{"rendered":"<p>\u201cS\u00ed se puede\u201d\u2026 esas tres palabras se convirtieron en el combustible que impuls\u00f3 los sue\u00f1os de Jorge Luis Roque Choque, el mejor estudiante de la Sexag\u00e9sima Octava Promoci\u00f3n de profesionales de la Universidad Franz Tamayo, Unifranz La Paz. Esta instituci\u00f3n de educaci\u00f3n superior fue testigo de su esfuerzo y dedicaci\u00f3n, que lo llevaron a destacarse entre sus compa\u00f1eros. Ahora triunfa en el \u00e1mbito laboral y agradece sus \u00e9xitos a la formaci\u00f3n que recibi\u00f3 durante cuatro a\u00f1os de estudio.<\/p>\n<p>El joven de 23 a\u00f1os estudi\u00f3 la carrera de Dise\u00f1o Gr\u00e1fico y Producci\u00f3n Crossmedia. Cuenta que la educaci\u00f3n que recibi\u00f3 en Unifranz le permiti\u00f3 enfrentar el mundo laboral sin problemas, es m\u00e1s cruz\u00f3 las fronteras de empleo del pa\u00eds. Explica que el modelo \u201cAprende Haciendo\u201d fue vital para conseguir ofertas laborales. \u201cGracias a Dios nunca me falt\u00f3 trabajo\u201d, afirma con convicci\u00f3n. \u00c9l se gradu\u00f3 con experiencia laboral.<\/p>\n<p>\u00c9l no s\u00f3lo es un profesional boliviano de excelencia; se encuentra capacitado para rendir profesionalmente en cualquier pa\u00eds del mundo. En la actualidad, Jorge trabaja para una empresa de telefon\u00eda con sede en Ecuador, un desaf\u00edo que nunca fue un obst\u00e1culo en su camino. La internacionalizaci\u00f3n es una de las apuestas centrales de Unifranz. Es m\u00e1s, cada a\u00f1o aumenta el n\u00famero de j\u00f3venes que internacionalizan su formaci\u00f3n profesional, teniendo la oportunidad de estudiar en el extranjero de manera presencial.<\/p>\n<p>Como universidad internacional, Unifranz fomenta la excelencia educativa que prepara a los estudiantes para un mundo cada vez m\u00e1s interconectado.\u00a0 \u201cEstamos comprometidos con atraer y promover el talento diverso de clase mundial, queremos un espacio donde ustedes, nuevos profesionales, brillen donde la innovaci\u00f3n y la creatividad se encuentren con la \u00e9tica y la responsabilidad social\u201d, asegur\u00f3 Ver\u00f3nica \u00c1greda, rectora de Unifranz, en el discurso central del acto de colaci\u00f3n de Unifranz La Paz.<\/p>\n<p>Jorge Luis comenz\u00f3 su andadura universitaria en medio de la pandemia de coronavirus, una etapa llena de incertidumbre. \u201cEn ese momento, estaba en un Ministerio y consegu\u00ed una beca. Sab\u00eda que deb\u00eda mantener una buena calificaci\u00f3n, lo que me obligaba a exigirme constantemente\u201d, explica el universitario, quien logr\u00f3 un promedio de 96,1% en sus calificaciones.<\/p>\n<p>Durante la colaci\u00f3n de grados, Jorge emiti\u00f3 un discurso emotivo dirigido a los 153 compa\u00f1eros que tambi\u00e9n se titularon con \u00e9l. \u201cHoy celebramos algo m\u00e1s que un t\u00edtulo acad\u00e9mico; celebramos la culminaci\u00f3n de a\u00f1os de esfuerzo, sacrificio y sue\u00f1os que nos han tra\u00eddo hasta aqu\u00ed. Cada uno de nosotros ha recorrido un camino \u00fanico, enfrentando desaf\u00edos y alcanzando metas que, en alg\u00fan momento, parec\u00edan inalcanzables\u201d, expres\u00f3 visiblemente emocionado.<\/p>\n<p>A pesar de la alegr\u00eda por culminar su formaci\u00f3n acad\u00e9mica, Jorge Luis tambi\u00e9n vivi\u00f3 sentimientos encontrados. Por un lado, estaba feliz de haber completado su preparaci\u00f3n, pero por otro, se sent\u00eda taciturno por dejar atr\u00e1s los momentos vividos en la universidad. \u201cMe da un poco de pena dejar mi universidad, las instalaciones, y sobre todo a los amigos que hice durante estos a\u00f1os\u201d, confiesa.<\/p>\n<p>Jorge Luis ha dejado huella en su paso por Unifranz. Iyorbanka Cuiza, directora de la carrera de Dise\u00f1o Gr\u00e1fico y Producci\u00f3n Crossmedia, explic\u00f3: \u201cDesde el inicio de la carrera, Jorge demostr\u00f3 un aprendizaje que siempre super\u00f3 las expectativas. Es responsable, productivo e incre\u00edblemente creativo. Sus habilidades en dise\u00f1o gr\u00e1fico y sus caracter\u00edsticas personales fueron clave para que se titulase con excelencia\u201d. Para ella, el alumno Roque es un vivo ejemplo de que el modelo educativo de Unifranz forma profesionales capacitados para el mercado laboral.<\/p>\n<p>No s\u00f3lo se trata de una formaci\u00f3n acad\u00e9mica lineal, a\u00f1ade Cuiza. Seg\u00fan la directora, Unifranz tiene un modelo educativo centrado en el estudiante, el cual permite que los j\u00f3venes adquieran destrezas t\u00e9cnicas para enfrentar retos laborales. Jorge Luis tambi\u00e9n recibi\u00f3 formaci\u00f3n en habilidades blandas (entre las cuales est\u00e1n liderazgo, creatividad, inteligencia emocional, trabajo en equipo) y as\u00ed re\u00fane las herramientas necesarias para enfrentar diferentes momentos de la vida. Lo que sucede con Jorge Luis es un reflejo de lo que pasa con miles de graduados que aprendieron haciendo.<\/p>\n<p>Los profesionales de Dise\u00f1o Gr\u00e1fico y Producci\u00f3n Crossmedia de Unifranz se caracterizan por su capacidad para crear soluciones innovadoras mediante la comunicaci\u00f3n gr\u00e1fica, audiovisual y el dise\u00f1o web. Desarrollan marcas y productos competitivos que destacan, utilizando su talento para generar impacto y relevancia en un entorno digital y globalizado. Esta disciplina es considerada como una carrera del presente y del futuro, forma a expertos capaces de enfrentar los desaf\u00edos de la comunicaci\u00f3n gr\u00e1fica y publicitaria. En el caso de Roque, \u00e9l trabaja de manera virtual desde Ecuador; y no piensa dejar de estudiar.<\/p>\n<p>Para Jorge Luis, los logros alcanzados no son un fin, sino un pelda\u00f1o m\u00e1s en su camino. Con la mirada puesta en nuevos retos, ya tiene un plan: \u201cQuiero seguir estudiando, quiero estudiar Ingenier\u00eda Comercial en Unifranz. Es una carrera que me interesa mucho, y estoy convencido de que me servir\u00e1 en mi vida profesional. Mi mensaje para todos es no temer al futuro, ser audaces y abrazar cada oportunidad como si fuera \u00fanica\u201d, concluye con determinaci\u00f3n.<\/p>","protected":false},"excerpt":{"rendered":"<p>\u201cS\u00ed se puede\u201d\u2026 esas tres palabras se convirtieron en el combustible que impuls\u00f3 los sue\u00f1os de Jorge Luis Roque Choque, el mejor estudiante de la Sexag\u00e9sima Octava Promoci\u00f3n de profesionales de la Universidad Franz Tamayo, Unifranz La Paz. Esta instituci\u00f3n de educaci\u00f3n superior fue testigo de su esfuerzo y dedicaci\u00f3n, que lo llevaron a destacarse &hellip; <a href=\"https:\/\/unifranz.edu.bo\/pt\/blog\/jorge-luis-roque-el-mejor-estudiante-de-unifranz\/\">Continued<\/a><\/p>","protected":false},"author":44,"featured_media":681275,"comment_status":"open","ping_status":"open","sticky":false,"template":"","format":"standard","meta":{"_acf_changed":false,"footnotes":""},"categories":[60],"tags":[10476,412,1042,910,41,1316,10477,10475,242,10474],"class_list":["post-680794","post","type-post","status-publish","format-standard","has-post-thumbnail","hentry","category-blog","tag-calificaciones","tag-creatividad","tag-diseno-grafico-y-produccion-crossmedia","tag-estudios","tag-la-paz","tag-liderazgo","tag-logros","tag-notas","tag-unifranz","tag-valedictor"],"acf":[],"_links":{"self":[{"href":"https:\/\/unifranz.edu.bo\/pt\/wp-json\/wp\/v2\/posts\/680794","targetHints":{"allow":["GET"]}}],"collection":[{"href":"https:\/\/unifranz.edu.bo\/pt\/wp-json\/wp\/v2\/posts"}],"about":[{"href":"https:\/\/unifranz.edu.bo\/pt\/wp-json\/wp\/v2\/types\/post"}],"author":[{"embeddable":true,"href":"https:\/\/unifranz.edu.bo\/pt\/wp-json\/wp\/v2\/users\/44"}],"replies":[{"embeddable":true,"href":"https:\/\/unifranz.edu.bo\/pt\/wp-json\/wp\/v2\/comments?post=680794"}],"version-history":[{"count":1,"href":"https:\/\/unifranz.edu.bo\/pt\/wp-json\/wp\/v2\/posts\/680794\/revisions"}],"predecessor-version":[{"id":680796,"href":"https:\/\/unifranz.edu.bo\/pt\/wp-json\/wp\/v2\/posts\/680794\/revisions\/680796"}],"wp:featuredmedia":[{"embeddable":true,"href":"https:\/\/unifranz.edu.bo\/pt\/wp-json\/wp\/v2\/media\/681275"}],"wp:attachment":[{"href":"https:\/\/unifranz.edu.bo\/pt\/wp-json\/wp\/v2\/media?parent=680794"}],"wp:term":[{"taxonomy":"category","embeddable":true,"href":"https:\/\/unifranz.edu.bo\/pt\/wp-json\/wp\/v2\/categories?post=680794"},{"taxonomy":"post_tag","embeddable":true,"href":"https:\/\/unifranz.edu.bo\/pt\/wp-json\/wp\/v2\/tags?post=680794"}],"curies":[{"name":"wp","href":"https:\/\/api.w.org\/{rel}","templated":true}]}}