{"id":680737,"date":"2024-12-06T14:57:57","date_gmt":"2024-12-06T18:57:57","guid":{"rendered":"https:\/\/unifranz.edu.bo\/?p=680737"},"modified":"2024-12-12T11:16:32","modified_gmt":"2024-12-12T15:16:32","slug":"trigesima-sexta-promocion-de-graduados","status":"publish","type":"post","link":"https:\/\/unifranz.edu.bo\/pt\/noticias\/trigesima-sexta-promocion-de-graduados\/","title":{"rendered":"Unifranz presenta a sus nuevos profesionales graduados en carreras del futuro"},"content":{"rendered":"<p><span style=\"color: #000000;\">La tarde c\u00e1lida en el Gran Sal\u00f3n del Hotel Cochabamba qued\u00f3 eclipsada por la emoci\u00f3n que llenaba el recinto. Los graduados, vestidos con togas y birretes, irradiaban orgullo y alegr\u00eda mientras celebraban el fruto de a\u00f1os de esfuerzo y perseverancia. Noventa y seis historias \u00fanicas se unieron en una ceremonia que marc\u00f3 el cierre de una etapa y el inicio de un futuro lleno de posibilidades.<\/span><\/p>\n<p><span style=\"color: #000000;\">La trig\u00e9sima sexta promoci\u00f3n de Unifranz Cochabamba destac\u00f3 por su diversidad y excelencia, reuniendo profesionales de carreras como Medicina, Bioqu\u00edmica y Farmacia, Odontolog\u00eda, Dise\u00f1o Gr\u00e1fico &amp; Producci\u00f3n Crossmedia, Psicolog\u00eda y Derecho. En esta ocasi\u00f3n, la presencia femenina fue especialmente significativa, liderando en disciplinas como Bioqu\u00edmica y Farmacia, evidenciando el compromiso de la universidad con el empoderamiento de las mujeres a trav\u00e9s de la educaci\u00f3n.<\/span><\/p>\n<p><span style=\"color: #000000;\">Natalia Prada, graduada de Administraci\u00f3n de Empresas y valedictora de la promoci\u00f3n, ofreci\u00f3 un emotivo discurso en el que reflexion\u00f3 sobre el impacto de su experiencia acad\u00e9mica: \u201cHoy cerramos un cap\u00edtulo importante en nuestras vidas, pero abrimos las puertas a un futuro donde cada uno de nosotros tiene el potencial de marcar la diferencia,\u201d expres\u00f3. Sus palabras reflejaron el sentimiento colectivo de esperanza y determinaci\u00f3n que compart\u00edan los graduados en ese momento especial.<\/span><\/p>\n<p><strong><span style=\"color: #000000;\">Una visi\u00f3n transformadora para el futuro<\/span><\/strong><br \/>\n<span style=\"color: #000000;\">La rectora nacional de Unifranz, Ver\u00f3nica \u00c1greda, subray\u00f3 el rol fundamental de los nuevos graduados en la construcci\u00f3n de un futuro lleno de oportunidades y retos. En sus palabras, destac\u00f3: \u201cEstamos aqu\u00ed no solamente para transmitir conocimiento, sino para liderar con ustedes, nuestros graduados, un movimiento que impulse la nueva Bolivia y Am\u00e9rica Latina que queremos. Donde la fabricaci\u00f3n digital, las tecnolog\u00edas emergentes, el desarrollo humano sostenible, poblaciones saludables y conscientes sean una realidad. La educaci\u00f3n empodera tanto a j\u00f3venes como mujeres. La educaci\u00f3n es un motor de movilidad social.\u201d<\/span><br \/>\n<span style=\"color: #000000;\">\u00c1greda tambi\u00e9n resalt\u00f3 c\u00f3mo cada carrera representada en esta promoci\u00f3n es un pilar esencial en la transformaci\u00f3n de la educaci\u00f3n en Bolivia, consolidando a Unifranz como una instituci\u00f3n comprometida con formar profesionales preparados para liderar en un mundo en constante cambio.<\/span><br \/>\n<strong><span style=\"color: #000000;\">Mujeres l\u00edderes y agentes de cambio<\/span><\/strong><br \/>\n<span style=\"color: #000000;\">La promoci\u00f3n reflej\u00f3 un significativo liderazgo femenino, especialmente en carreras como Bioqu\u00edmica y Farmacia. Este logro reafirma el compromiso de Unifranz con el empoderamiento de las mujeres a trav\u00e9s de la educaci\u00f3n, impuls\u00e1ndolas a desempe\u00f1ar roles clave en el desarrollo social y econ\u00f3mico.<\/span><br \/>\n<span style=\"color: #000000;\">Prada destac\u00f3 el impacto del modelo educativo de Unifranz en su formaci\u00f3n profesional: \u201cEl modelo de aprender haciendo me permiti\u00f3 enfrentar problemas reales, tomar decisiones y aprender de mis errores. M\u00e1s que una universidad, Unifranz ha sido una comunidad de apoyo que me ayud\u00f3 a crecer como persona y profesional,\u201d expres\u00f3.<\/span><br \/>\n<span style=\"color: #000000;\">Un compromiso con el progreso<\/span><br \/>\n<span style=\"color: #000000;\">M\u00e1s all\u00e1 de los t\u00edtulos entregados, la ceremonia fue un recordatorio del papel transformador de la educaci\u00f3n. Unifranz reafirm\u00f3 su misi\u00f3n de formar ciudadanos globales con la capacidad de impactar positivamente en sus comunidades y en el mundo. La rectora \u00c1greda concluy\u00f3: \u201cCada uno de ustedes tiene el potencial para ser arquitectos de un futuro m\u00e1s inclusivo, innovador y justo. Este es solo el comienzo, y nosotros estaremos aqu\u00ed, orgullosos de haber sido parte de su historia.\u201d<\/span><\/p>","protected":false},"excerpt":{"rendered":"<p>La tarde c\u00e1lida en el Gran Sal\u00f3n del Hotel Cochabamba qued\u00f3 eclipsada por la emoci\u00f3n que llenaba el recinto. Los graduados, vestidos con togas y birretes, irradiaban orgullo y alegr\u00eda mientras celebraban el fruto de a\u00f1os de esfuerzo y perseverancia. Noventa y seis historias \u00fanicas se unieron en una ceremonia que marc\u00f3 el cierre de &hellip; <a href=\"https:\/\/unifranz.edu.bo\/pt\/noticias\/trigesima-sexta-promocion-de-graduados\/\">Continued<\/a><\/p>","protected":false},"author":27,"featured_media":680751,"comment_status":"open","ping_status":"open","sticky":false,"template":"","format":"standard","meta":{"_acf_changed":false,"footnotes":""},"categories":[5858,1934,60,2186,35,2566,1862,1004,1708,2858,29,1782],"tags":[37,314,386,1422,9964,242],"class_list":["post-680737","post","type-post","status-publish","format-standard","has-post-thumbnail","hentry","category-unifranz-cochabamba","category-acto-de-colacion","category-blog","category-carreras-es","category-carreras","category-docente","category-educacion","category-estudiantes","category-innovacion","category-innovacion-en-educacion","category-noticias","category-unifranz","tag-cochabamba","tag-competencias","tag-estudiantes","tag-innovacion-en-educacion","tag-noticias-de-hoy","tag-unifranz"],"acf":[],"_links":{"self":[{"href":"https:\/\/unifranz.edu.bo\/pt\/wp-json\/wp\/v2\/posts\/680737","targetHints":{"allow":["GET"]}}],"collection":[{"href":"https:\/\/unifranz.edu.bo\/pt\/wp-json\/wp\/v2\/posts"}],"about":[{"href":"https:\/\/unifranz.edu.bo\/pt\/wp-json\/wp\/v2\/types\/post"}],"author":[{"embeddable":true,"href":"https:\/\/unifranz.edu.bo\/pt\/wp-json\/wp\/v2\/users\/27"}],"replies":[{"embeddable":true,"href":"https:\/\/unifranz.edu.bo\/pt\/wp-json\/wp\/v2\/comments?post=680737"}],"version-history":[{"count":4,"href":"https:\/\/unifranz.edu.bo\/pt\/wp-json\/wp\/v2\/posts\/680737\/revisions"}],"predecessor-version":[{"id":682490,"href":"https:\/\/unifranz.edu.bo\/pt\/wp-json\/wp\/v2\/posts\/680737\/revisions\/682490"}],"wp:featuredmedia":[{"embeddable":true,"href":"https:\/\/unifranz.edu.bo\/pt\/wp-json\/wp\/v2\/media\/680751"}],"wp:attachment":[{"href":"https:\/\/unifranz.edu.bo\/pt\/wp-json\/wp\/v2\/media?parent=680737"}],"wp:term":[{"taxonomy":"category","embeddable":true,"href":"https:\/\/unifranz.edu.bo\/pt\/wp-json\/wp\/v2\/categories?post=680737"},{"taxonomy":"post_tag","embeddable":true,"href":"https:\/\/unifranz.edu.bo\/pt\/wp-json\/wp\/v2\/tags?post=680737"}],"curies":[{"name":"wp","href":"https:\/\/api.w.org\/{rel}","templated":true}]}}