{"id":679582,"date":"2024-12-01T11:43:34","date_gmt":"2024-12-01T15:43:34","guid":{"rendered":"https:\/\/unifranz.edu.bo\/?p=679582"},"modified":"2024-12-01T11:43:34","modified_gmt":"2024-12-01T15:43:34","slug":"salud-unifranz-internado-rotatorio","status":"publish","type":"post","link":"https:\/\/unifranz.edu.bo\/pt\/blog\/salud-unifranz-internado-rotatorio\/","title":{"rendered":"Estudiantes de Ciencias de la Salud de Unifranz listos para iniciar sus internados rotatorios"},"content":{"rendered":"<p>Un nuevo cap\u00edtulo se abre para 128 estudiantes de Ciencias de la Salud de la Universidad Franz Tamayo, Unifranz La Paz, quienes est\u00e1n preparados para dejar las aulas y poner en pr\u00e1ctica sus conocimientos en consultorios y centros de salud del departamento de La Paz. Siete estudiantes de Odontolog\u00eda, 36 de Bioqu\u00edmica y Farmacia, y 85 de Medicina comenzar\u00e1n sus internados rotatorios en la primera semana de diciembre, marcando un hito en su formaci\u00f3n profesional.<\/p>\n<p>El internado rotatorio es un espacio donde los estudiantes podr\u00e1n aplicar todo lo aprendido en contextos reales y desafiantes. El doctor Pedro S\u00e1enz, vicerrector de Unifranz, resumi\u00f3 este desaf\u00edo con un mensaje motivador: \u201cHabr\u00e1 d\u00edas largos y situaciones complejas, pero tambi\u00e9n muchas oportunidades para crecer y confirmar por qu\u00e9 eligieron esta noble profesi\u00f3n\u201d.<\/p>\n<p>Los estudiantes tendr\u00e1n la oportunidad de demostrar su preparaci\u00f3n en centros de salud distribuidos en todo el departamento de La Paz, resultado de un sorteo que determinar\u00e1 sus asignaciones.<\/p>\n<p>La preparaci\u00f3n que los respalda<\/p>\n<p>Con la formaci\u00f3n recibida en Unifranz y el apoyo de instituciones locales, estos j\u00f3venes profesionales est\u00e1n listos para impactar positivamente en la salud de la comunidad, marcando el inicio de una trayectoria que promete grandes logros.<\/p>\n<p>Antes de dar este importante paso, los estudiantes participaron en un almuerzo de confraternizaci\u00f3n donde compartieron experiencias vividas a lo largo de su formaci\u00f3n acad\u00e9mica. F\u00e1tima Coaquira, estudiante de Bioqu\u00edmica y Farmacia, expres\u00f3 el entusiasmo y la confianza que sienten: \u201cAunque hay algo de nerviosismo, creemos en nuestras capacidades. Durante la carrera tuvimos muchas pr\u00e1cticas en modernos Healthlabs, con docentes experimentados, y el m\u00e9todo de \u2018Aprende Haciendo\u2019 fue clave en nuestra preparaci\u00f3n\u201d.<\/p>\n<p>El decano de Ciencias de la Salud, \u00c1lvaro Mu\u00f1oz Reyes, destac\u00f3 el compromiso y la preparaci\u00f3n de los estudiantes: \u201cEllos aplicar\u00e1n todos los conocimientos adquiridos para atender a pacientes reales. Confiamos plenamente en su capacidad y estamos seguros de que har\u00e1n una contribuci\u00f3n significativa a la sociedad\u201d, dijo.<\/p>\n<p>Por su parte, S\u00e1enz destac\u00f3 la responsabilidad que los futuros profesionales asumir\u00e1n al entrar en contacto directo con los pacientes: \u201cComo m\u00e9dicos, bioqu\u00edmicos, farmac\u00e9uticos y odont\u00f3logos, ustedes tienen el privilegio y la responsabilidad de impactar vidas, aliviar el sufrimiento y contribuir al bienestar social. Conf\u00eden en la s\u00f3lida formaci\u00f3n que han recibido y en su vocaci\u00f3n\u201d.<\/p>\n<p>Reconocimiento de instituciones locales<\/p>\n<p>La calidad de los estudiantes de Unifranz no pasa desapercibida para las autoridades de salud. Mar\u00eda Sol Katherine Verduguez, secretaria municipal de Salud del Gobierno Aut\u00f3nomo Municipal de La Paz, manifest\u00f3 su satisfacci\u00f3n por la llegada de los estudiantes de Unifranz a los hospitales municipales: \u201cEstamos muy contentos de recibir alumnos tan preparados. Su experiencia ser\u00e1 fundamental para reforzar nuestras atenciones diarias en consultas externas y diversas \u00e1reas hospitalarias\u201d.<\/p>\n<p>Ramiro Calle, responsable de salud oral del Servicio Departamental de Salud, destac\u00f3 la experiencia pr\u00e1ctica que los estudiantes ya han adquirido en la Cl\u00ednica Odontol\u00f3gica Unifranz: \u201cLos recibiremos con confianza, sabiendo que cuentan con una s\u00f3lida formaci\u00f3n experimental que ser\u00e1 clave en sus internados rotatorios\u201d.<\/p>","protected":false},"excerpt":{"rendered":"<p>Un nuevo cap\u00edtulo se abre para 128 estudiantes de Ciencias de la Salud de la Universidad Franz Tamayo, Unifranz La Paz, quienes est\u00e1n preparados para dejar las aulas y poner en pr\u00e1ctica sus conocimientos en consultorios y centros de salud del departamento de La Paz. Siete estudiantes de Odontolog\u00eda, 36 de Bioqu\u00edmica y Farmacia, y &hellip; <a href=\"https:\/\/unifranz.edu.bo\/pt\/blog\/salud-unifranz-internado-rotatorio\/\">Continued<\/a><\/p>","protected":false},"author":44,"featured_media":679585,"comment_status":"open","ping_status":"open","sticky":false,"template":"","format":"standard","meta":{"_acf_changed":false,"footnotes":""},"categories":[60],"tags":[2118,2120,53,10437,1170,41,49,186,124,1768],"class_list":["post-679582","post","type-post","status-publish","format-standard","has-post-thumbnail","hentry","category-blog","tag-bioquimica","tag-farmacia","tag-educacion","tag-internado","tag-internado-rotatorio","tag-la-paz","tag-medicina","tag-odontologia","tag-salud","tag-sedes"],"acf":[],"_links":{"self":[{"href":"https:\/\/unifranz.edu.bo\/pt\/wp-json\/wp\/v2\/posts\/679582","targetHints":{"allow":["GET"]}}],"collection":[{"href":"https:\/\/unifranz.edu.bo\/pt\/wp-json\/wp\/v2\/posts"}],"about":[{"href":"https:\/\/unifranz.edu.bo\/pt\/wp-json\/wp\/v2\/types\/post"}],"author":[{"embeddable":true,"href":"https:\/\/unifranz.edu.bo\/pt\/wp-json\/wp\/v2\/users\/44"}],"replies":[{"embeddable":true,"href":"https:\/\/unifranz.edu.bo\/pt\/wp-json\/wp\/v2\/comments?post=679582"}],"version-history":[{"count":1,"href":"https:\/\/unifranz.edu.bo\/pt\/wp-json\/wp\/v2\/posts\/679582\/revisions"}],"predecessor-version":[{"id":679586,"href":"https:\/\/unifranz.edu.bo\/pt\/wp-json\/wp\/v2\/posts\/679582\/revisions\/679586"}],"wp:featuredmedia":[{"embeddable":true,"href":"https:\/\/unifranz.edu.bo\/pt\/wp-json\/wp\/v2\/media\/679585"}],"wp:attachment":[{"href":"https:\/\/unifranz.edu.bo\/pt\/wp-json\/wp\/v2\/media?parent=679582"}],"wp:term":[{"taxonomy":"category","embeddable":true,"href":"https:\/\/unifranz.edu.bo\/pt\/wp-json\/wp\/v2\/categories?post=679582"},{"taxonomy":"post_tag","embeddable":true,"href":"https:\/\/unifranz.edu.bo\/pt\/wp-json\/wp\/v2\/tags?post=679582"}],"curies":[{"name":"wp","href":"https:\/\/api.w.org\/{rel}","templated":true}]}}