{"id":679400,"date":"2024-11-30T12:06:55","date_gmt":"2024-11-30T16:06:55","guid":{"rendered":"https:\/\/unifranz.edu.bo\/?p=679400"},"modified":"2024-11-30T12:06:55","modified_gmt":"2024-11-30T16:06:55","slug":"ciintur-presenta-su-barometro-turistico-una-herramienta-de-la-academia-para-apoyar-al-sector","status":"publish","type":"post","link":"https:\/\/unifranz.edu.bo\/pt\/blog\/ciintur-presenta-su-barometro-turistico-una-herramienta-de-la-academia-para-apoyar-al-sector\/","title":{"rendered":"CIINTUR presenta su Bar\u00f3metro Tur\u00edstico, una herramienta de la academia para apoyar al sector"},"content":{"rendered":"<div>\n<p>La informaci\u00f3n es vital para el desarrollo de cualquier emprendimiento; sin embargo, muchas veces no se encuentra disponible o es dif\u00edcil de conseguir. En el caso del turismo, esta falta de data no permite la toma de decisiones y acciones para garantizar el desarrollo ideal del sector.<\/p>\n<\/div>\n<div>\n<p>Por ese motivo, el Centro de Investigaci\u00f3n, Innovaci\u00f3n y Transformaci\u00f3n Digital en Turismo (CIINTUR) de la Universidad Franz Tamayo, Unifranz, recopil\u00f3 informaci\u00f3n pertinente con la que elabor\u00f3 el \u201cBar\u00f3metro Tur\u00edstico\u201d, una herramienta que muestra la realidad del sector y plantea acciones posibles para mejorar su situaci\u00f3n.<\/p>\n<\/div>\n<div>\n<p>\u201cLos clamores del sector tur\u00edstico hacia el sector p\u00fablico para que existan medidas que promuevan el turismo, incentivos y dem\u00e1s son frecuentes. Pero siempre se nos pregunta por datos concretos. \u00bfCu\u00e1l es la afectaci\u00f3n? \u00bfQu\u00e9 ha pasado con los conflictos? \u00bfHa bajado el desempleo? \u00bfCu\u00e1l es la capacidad de las empresas para contratar personal? \u00bfCu\u00e1ntos turistas han abandonado el pa\u00eds? Estas son las principales preguntas y necesidades que nos han llevado a trabajar esta herramienta\u201d, explica Fernando Villagra, investigador del CIINTUR y director de la carrera de Administraci\u00f3n de Hoteler\u00eda y Turismo de Unifranz.<\/p>\n<\/div>\n<div>\n<p>Por su parte, Yanela Z\u00e1rate, gerente de la Asociaci\u00f3n de L\u00edneas A\u00e9reas de Bolivia (ALA) remarca la importancia de este documento, el cual servir\u00e1 para el desarrollo de la industria tur\u00edstica del pa\u00eds, proporcion\u00e1ndole los insumos para el dise\u00f1o de pol\u00edticas y estrategias adecuadas.<\/p>\n<\/div>\n<div>\n<p>\u201cSi alguna vez el turismo ha carecido de algo, es de estad\u00edsticas adecuadas en las que podamos basar nuestros aciertos y, probablemente, tambi\u00e9n alg\u00fan tipo de fracaso. Este producto ser\u00e1 una gran herramienta, no solo para los colegas vinculados de forma directa y transversal con el turismo, sino tambi\u00e9n para cualquier persona interesada en trabajar en esta noble actividad. Este esfuerzo nos permitir\u00e1 mostrarnos al gobierno como un sector no s\u00f3lo estrat\u00e9gico, sino tambi\u00e9n con un potencial econ\u00f3mico significativo para nuestro pa\u00eds\u201d, expresa.<\/p>\n<\/div>\n<div>\n<h3><b>Factores que afectan el turismo<\/b><\/h3>\n<\/div>\n<div>\n<p>De acuerdo con el documento, durante el tercer trimestre de 2024, los conflictos sociales, como marchas, bloqueos y paros, sumados a los incendios en la Amazon\u00eda y el norte de La Paz causaron una seria reducci\u00f3n en las reservas tur\u00edsticas, llegada de turistas internacionales y movimiento econ\u00f3mico.<\/p>\n<\/div>\n<div>\n<p>Sin embargo, explica Villagra, a pesar de estas cifras negativas, se presentan oportunidades para enfrentar esta crisis.<\/p>\n<\/div>\n<div>\n<p>\u201cEs crucial doblar los esfuerzos de promoci\u00f3n y enfocar estrategias en mercados interesantes como el asi\u00e1tico, especialmente Corea del Sur. Tambi\u00e9n es importante centrarse en los turistas sudamericanos, que han mostrado mayor resiliencia ante los conflictos. La promoci\u00f3n internacional debe enfatizar la seguridad, la sostenibilidad y el turismo cultural, atrayendo a mercados de larga distancia como Europa y Am\u00e9rica del Norte\u201d.<\/p>\n<\/div>\n<div>\n<p>Estas estrategias requieren incrementos significativos en los presupuestos promocionales actuales.<\/p>\n<\/div>\n<div>\n<p>En este contexto una coordinaci\u00f3n entre el sector privado, el Estado y la Academia es la soluci\u00f3n para reducir los impactos negativos de la conflictividad social.<\/p>\n<\/div>\n<div>\n<p>\u201cBolivia requiere de un esfuerzo coordinado para superar los impactos negativos y posicionarse nuevamente como un destino atractivo en el mercado internacional\u201d, manifiesta.<\/p>\n<\/div>\n<div>\n<p>A trav\u00e9s de esta coordinaci\u00f3n, centrada en la promoci\u00f3n de Bolivia como un destino tur\u00edstico seguro, es posible revertir las cifras registradas durante el tercer trimestre del a\u00f1o y alcanzar las cifras anteriores a la pandemia, expresa Villagra.<\/p>\n<\/div>\n<div>\n<p>\u201cPor ejemplo, el documento muestra que 47% de las reservas de alojamiento fueron canceladas, as\u00ed como el 32% de los paquetes tur\u00edsticos. Adem\u00e1s, el 22% de los clientes interesados en viajes futuros dudan ahora sobre visitar Bolivia. En este caso es necesario afinar las estrategias de promoci\u00f3n y trabajar con el Estado para proyectar una imagen m\u00e1s positiva del pa\u00eds\u201d, explica el acad\u00e9mico.<\/p>\n<\/div>\n<div>\n<p>El acad\u00e9mico apunta que, las proyecciones m\u00e1s optimistas del sector indicaban que para la fecha se habr\u00edan recuperado los niveles previos a la pandemia de 2020, pero que sin embargo, esto se ha retrasado.<\/p>\n<\/div>\n<div>\n<p>\u201cSe hab\u00eda proyectado una recuperaci\u00f3n m\u00e1s r\u00e1pida, pero los conflictos y la falta de apoyo han retrasado este proceso. Ahora, se estima que la recuperaci\u00f3n completa de los niveles de 2019 se lograr\u00e1 a mediados de 2026, un a\u00f1o y medio m\u00e1s tarde de lo esperado debido a estos conflictos, esto significa que hay que redoblar esfuerzos para poder apuntar a una recuperaci\u00f3n m\u00e1s r\u00e1pida\u201d, puntualiza.<\/p>\n<\/div>\n<div>\n<p>&nbsp;<\/p>\n<\/div>\n<div class=\"related\"><\/div>","protected":false},"excerpt":{"rendered":"<p>La informaci\u00f3n es vital para el desarrollo de cualquier emprendimiento; sin embargo, muchas veces no se encuentra disponible o es dif\u00edcil de conseguir. En el caso del turismo, esta falta de data no permite la toma de decisiones y acciones para garantizar el desarrollo ideal del sector. Por ese motivo, el Centro de Investigaci\u00f3n, Innovaci\u00f3n &hellip; <a href=\"https:\/\/unifranz.edu.bo\/pt\/blog\/ciintur-presenta-su-barometro-turistico-una-herramienta-de-la-academia-para-apoyar-al-sector\/\">Continued<\/a><\/p>","protected":false},"author":45,"featured_media":679402,"comment_status":"open","ping_status":"open","sticky":false,"template":"","format":"standard","meta":{"_acf_changed":false,"footnotes":""},"categories":[60,2186,1658,1782],"tags":[],"class_list":["post-679400","post","type-post","status-publish","format-standard","has-post-thumbnail","hentry","category-blog","category-carreras-es","category-turismo","category-unifranz"],"acf":[],"_links":{"self":[{"href":"https:\/\/unifranz.edu.bo\/pt\/wp-json\/wp\/v2\/posts\/679400","targetHints":{"allow":["GET"]}}],"collection":[{"href":"https:\/\/unifranz.edu.bo\/pt\/wp-json\/wp\/v2\/posts"}],"about":[{"href":"https:\/\/unifranz.edu.bo\/pt\/wp-json\/wp\/v2\/types\/post"}],"author":[{"embeddable":true,"href":"https:\/\/unifranz.edu.bo\/pt\/wp-json\/wp\/v2\/users\/45"}],"replies":[{"embeddable":true,"href":"https:\/\/unifranz.edu.bo\/pt\/wp-json\/wp\/v2\/comments?post=679400"}],"version-history":[{"count":1,"href":"https:\/\/unifranz.edu.bo\/pt\/wp-json\/wp\/v2\/posts\/679400\/revisions"}],"predecessor-version":[{"id":679403,"href":"https:\/\/unifranz.edu.bo\/pt\/wp-json\/wp\/v2\/posts\/679400\/revisions\/679403"}],"wp:featuredmedia":[{"embeddable":true,"href":"https:\/\/unifranz.edu.bo\/pt\/wp-json\/wp\/v2\/media\/679402"}],"wp:attachment":[{"href":"https:\/\/unifranz.edu.bo\/pt\/wp-json\/wp\/v2\/media?parent=679400"}],"wp:term":[{"taxonomy":"category","embeddable":true,"href":"https:\/\/unifranz.edu.bo\/pt\/wp-json\/wp\/v2\/categories?post=679400"},{"taxonomy":"post_tag","embeddable":true,"href":"https:\/\/unifranz.edu.bo\/pt\/wp-json\/wp\/v2\/tags?post=679400"}],"curies":[{"name":"wp","href":"https:\/\/api.w.org\/{rel}","templated":true}]}}