{"id":679394,"date":"2024-11-30T11:34:11","date_gmt":"2024-11-30T15:34:11","guid":{"rendered":"https:\/\/unifranz.edu.bo\/?p=679394"},"modified":"2024-11-30T11:34:11","modified_gmt":"2024-11-30T15:34:11","slug":"de-la-desesperanza-a-la-vida-el-viaje-de-resiliencia-de-las-personas-con-vih","status":"publish","type":"post","link":"https:\/\/unifranz.edu.bo\/pt\/blog\/de-la-desesperanza-a-la-vida-el-viaje-de-resiliencia-de-las-personas-con-vih\/","title":{"rendered":"De la desesperanza a la vida: el viaje de resiliencia de las personas con VIH"},"content":{"rendered":"<div>\n<p>Por Jorge L\u00f3pez<\/p>\n<p>En la d\u00e9cada de los 80, un diagn\u00f3stico del virus de inmunodeficiencia humana (VIH) era sin\u00f3nimo de una sentencia de muerte. La falta de tratamientos efectivos y el desconocimiento generalizado sobre el virus condenaban a las personas a vivir con miedo, estigmatizaci\u00f3n y, en muchos casos, a enfrentar la muerte en aislamiento.<\/p>\n<\/div>\n<div>\n<p>Hoy, gracias a los avances m\u00e9dicos y la concienciaci\u00f3n global, vivir con VIH es un desaf\u00edo lleno de obst\u00e1culos, pero tambi\u00e9n de oportunidades para una vida plena.<\/p>\n<\/div>\n<div>\n<p>Cristofer, un joven que vive con VIH, recuerda c\u00f3mo la noticia transform\u00f3 su vida. \u00abRecibir el diagn\u00f3stico fue un impacto profundo, una llamada de atenci\u00f3n que me oblig\u00f3 a asumir la responsabilidad total sobre mi vida sexual. Mi conteo de linfocitos CD4 estaba en 140, un nivel peligrosamente bajo, y enfrentaba un alto riesgo de infecciones oportunistas que podr\u00edan ser letales\u00bb.<\/p>\n<\/div>\n<div class=\"ad ad-medium\">\n<div id=\"div-gpt-ad-1567518784578-0-393765\" data-google-query-id=\"CJvd1_OthIoDFTwmuQYdFIgY5g\">\n<div id=\"google_ads_iframe_\/78777691\/EDHS_0__container__\"><\/div>\n<\/div>\n<\/div>\n<div>\n<p>Este relato refleja la dura realidad inicial que enfrentan muchas personas diagnosticadas. Seg\u00fan Carla Wendy V\u00e1squez, m\u00e9dico especialista en salud familiar y docente de Medicina en la Universidad Franz Tamayo (Unifranz), el VIH ataca el sistema inmunol\u00f3gico, debilitando las defensas del cuerpo contra infecciones y enfermedades. Si no se trata, puede evolucionar a SIDA (S\u00edndrome de Inmunodeficiencia Adquirida), la fase m\u00e1s avanzada de la infecci\u00f3n.<\/p>\n<\/div>\n<div>\n<p>\u00abEl virus destruye las c\u00e9lulas inmunitarias gradualmente, lo que deja a la persona en una situaci\u00f3n de inmunodeficiencia y vulnerable a infecciones severas y ciertos tipos de c\u00e1ncer\u00bb, se\u00f1ala la especialista.<\/p>\n<\/div>\n<div>\n<p>El Virus de Inmunodeficiencia Humana (VIH) es un virus que afecta al sistema inmunol\u00f3gico del organismo. Una vez debilitado por el VIH, el sistema de defensas permite la aparici\u00f3n de enfermedades. Esta etapa avanzada de la infecci\u00f3n por VIH es la que se denomina S\u00edndrome de Inmuno Deficiencia Adquirida (sida).<\/p>\n<\/div>\n<div>\n<p>Cada 1 de diciembre, el mundo conmemora el D\u00eda Mundial del Sida y se une para apoyar a las personas que viven con el VIH y recordar a las que han fallecido por enfermedades relacionadas.\u00a0\u00a0Tambi\u00e9n, es un llamado a proteger la salud a trav\u00e9s de la protecci\u00f3n de los derechos humanos.<\/p>\n<\/div>\n<div>\n<h3><b>Avances m\u00e9dicos: de la desesperanza a la esperanza<\/b><\/h3>\n<\/div>\n<div>\n<p>Desde la identificaci\u00f3n del VIH en 1983, los avances m\u00e9dicos han cambiado radicalmente los pron\u00f3sticos. Hoy, gracias a los antirretrovirales (ARV), las personas pueden controlar la infecci\u00f3n, prevenir la progresi\u00f3n del SIDA y mantener una calidad de vida comparable a la de cualquier persona sin el virus.<\/p>\n<\/div>\n<div>\n<p>Seg\u00fan la Organizaci\u00f3n Mundial de la Salud (OMS), m\u00e1s de 39 millones de personas viven con VIH en el mundo, de las cuales 28 millones reciben tratamiento antirretroviral.<\/p>\n<\/div>\n<div>\n<p>En Bolivia, m\u00e1s de 50.000 personas conviven con el virus. Aunque el acceso al tratamiento ha mejorado, persisten desaf\u00edos relacionados con la educaci\u00f3n, la prevenci\u00f3n y el acceso a servicios m\u00e9dicos, especialmente en \u00e1reas rurales.<\/p>\n<\/div>\n<div>\n<h3><b>Un cambio de rumbo obligado<\/b><\/h3>\n<\/div>\n<div>\n<p>El diagn\u00f3stico obliga a las personas a replantearse sus vidas. Cristofer tuvo que modificar su alimentaci\u00f3n, iniciar tratamientos preventivos y ajustar su rutina diaria.<\/p>\n<\/div>\n<div>\n<p>\u00abComenc\u00e9 a tomar cotrimoxazol como profilaxis y a complementar mi tratamiento con suplementos para fortalecer mi sistema inmunol\u00f3gico. Cada d\u00eda era un recordatorio de lo fr\u00e1gil que es la vida\u00bb, se\u00f1ala.<\/p>\n<\/div>\n<div>\n<p>El impacto no fue solo f\u00edsico. Profesionalmente, tuvo que renunciar a un puesto de alta responsabilidad para priorizar su salud porque entendi\u00f3 que su salud deb\u00eda ser primero.<\/p>\n<\/div>\n<div>\n<p>\u201cRenunci\u00e9 y busqu\u00e9 un trabajo menos demandante. Fue dif\u00edcil, pero necesario para mi salud\u00bb, reflexiona el joven activista de los derechos de las personas que viven con VIH.<\/p>\n<\/div>\n<div>\n<p>El respaldo de la familia y amigos fue crucial en su proceso. Esta red de apoyo no solo lo ayud\u00f3 a enfrentar el tratamiento, sino tambi\u00e9n a superar el estigma asociado al VIH. Cristofer destaca que, aunque la enfermedad sigue siendo un desaf\u00edo, la solidaridad y la empat\u00eda marcan una diferencia significativa en la recuperaci\u00f3n y en la calidad de vida.<\/p>\n<\/div>\n<div>\n<p>El VIH sigue siendo una preocupaci\u00f3n mundial. A pesar de los avances m\u00e9dicos, la discriminaci\u00f3n y el estigma persisten. La educaci\u00f3n y la sensibilizaci\u00f3n son claves para derribar estos prejuicios. Como se\u00f1ala Cristofer:<\/p>\n<\/div>\n<div>\n<p>\u00abVivir con VIH es solo una condici\u00f3n m\u00e1s, pero no define qui\u00e9nes somos. La sociedad debe aprender a respetar los derechos de todos, independientemente de su estado serol\u00f3gico\u00bb, afirma.<\/p>\n<\/div>\n<div>\n<h3><b>Del diagn\u00f3stico al activismo<\/b><\/h3>\n<\/div>\n<div>\n<p>Antes de su diagn\u00f3stico, Cristofer vio el VIH como una realidad lejana. Ahora, ha convertido su experiencia en una plataforma de activismo:<\/p>\n<\/div>\n<div>\n<p>\u00abLo ve\u00eda como algo que le pasaba a otros. Hoy, lucho por el acceso a tratamientos y la defensa de nuestros derechos. Esto dej\u00f3 de ser un tema de voluntariado y se convirti\u00f3 en una cuesti\u00f3n de sobrevivencia\u00bb, afirma.<\/p>\n<\/div>\n<div>\n<p>Su historia es un testimonio de c\u00f3mo un diagn\u00f3stico puede transformarse en una fuente de motivaci\u00f3n, porque \u201ccada ma\u00f1ana, cuando tomo mi medicaci\u00f3n, recuerdo que el VIH puede ser una carga o una motivaci\u00f3n. Yo eleg\u00ed verlo como un impulso para ser mejor cada d\u00eda\u00bb.<\/p>\n<\/div>\n<div>\n<p>La experiencia de vivir con VIH en la actualidad ya no es una condena, sino un desaf\u00edo que, con el tratamiento adecuado y el apoyo necesario, puede ser superado. La historia de Cristofer es un recordatorio de que la resiliencia y la fuerza personal son fundamentales para enfrentar cualquier adversidad.<\/p>\n<\/div>\n<div>\n<p>La lucha contra esta enfermedad no solo es m\u00e9dica, sino tambi\u00e9n social. Romper el estigma y fomentar la empat\u00eda es esencial para construir una sociedad m\u00e1s inclusiva y solidaria.<\/p>\n<\/div>\n<div>\n<p>&nbsp;<\/p>\n<\/div>\n<div class=\"related\"><\/div>","protected":false},"excerpt":{"rendered":"<p>Por Jorge L\u00f3pez En la d\u00e9cada de los 80, un diagn\u00f3stico del virus de inmunodeficiencia humana (VIH) era sin\u00f3nimo de una sentencia de muerte. La falta de tratamientos efectivos y el desconocimiento generalizado sobre el virus condenaban a las personas a vivir con miedo, estigmatizaci\u00f3n y, en muchos casos, a enfrentar la muerte en aislamiento. &hellip; <a href=\"https:\/\/unifranz.edu.bo\/pt\/blog\/de-la-desesperanza-a-la-vida-el-viaje-de-resiliencia-de-las-personas-con-vih\/\">Continued<\/a><\/p>","protected":false},"author":45,"featured_media":679395,"comment_status":"open","ping_status":"open","sticky":false,"template":"","format":"standard","meta":{"_acf_changed":false,"footnotes":""},"categories":[60,2108,1782],"tags":[10435,1422,49,500,6705,242,6703],"class_list":["post-679394","post","type-post","status-publish","format-standard","has-post-thumbnail","hentry","category-blog","category-medicina-es","category-unifranz","tag-dia-internacional-de-lucha-contra-el-vih-sida","tag-innovacion-en-educacion","tag-medicina","tag-prevencion","tag-sida","tag-unifranz","tag-vih"],"acf":[],"_links":{"self":[{"href":"https:\/\/unifranz.edu.bo\/pt\/wp-json\/wp\/v2\/posts\/679394","targetHints":{"allow":["GET"]}}],"collection":[{"href":"https:\/\/unifranz.edu.bo\/pt\/wp-json\/wp\/v2\/posts"}],"about":[{"href":"https:\/\/unifranz.edu.bo\/pt\/wp-json\/wp\/v2\/types\/post"}],"author":[{"embeddable":true,"href":"https:\/\/unifranz.edu.bo\/pt\/wp-json\/wp\/v2\/users\/45"}],"replies":[{"embeddable":true,"href":"https:\/\/unifranz.edu.bo\/pt\/wp-json\/wp\/v2\/comments?post=679394"}],"version-history":[{"count":1,"href":"https:\/\/unifranz.edu.bo\/pt\/wp-json\/wp\/v2\/posts\/679394\/revisions"}],"predecessor-version":[{"id":679396,"href":"https:\/\/unifranz.edu.bo\/pt\/wp-json\/wp\/v2\/posts\/679394\/revisions\/679396"}],"wp:featuredmedia":[{"embeddable":true,"href":"https:\/\/unifranz.edu.bo\/pt\/wp-json\/wp\/v2\/media\/679395"}],"wp:attachment":[{"href":"https:\/\/unifranz.edu.bo\/pt\/wp-json\/wp\/v2\/media?parent=679394"}],"wp:term":[{"taxonomy":"category","embeddable":true,"href":"https:\/\/unifranz.edu.bo\/pt\/wp-json\/wp\/v2\/categories?post=679394"},{"taxonomy":"post_tag","embeddable":true,"href":"https:\/\/unifranz.edu.bo\/pt\/wp-json\/wp\/v2\/tags?post=679394"}],"curies":[{"name":"wp","href":"https:\/\/api.w.org\/{rel}","templated":true}]}}