{"id":678663,"date":"2024-11-28T13:45:15","date_gmt":"2024-11-28T17:45:15","guid":{"rendered":"https:\/\/unifranz.edu.bo\/?p=678663"},"modified":"2024-11-28T13:45:15","modified_gmt":"2024-11-28T17:45:15","slug":"jovenes-empleo-las-posibilidades-en-un-mundo-globalizado","status":"publish","type":"post","link":"https:\/\/unifranz.edu.bo\/pt\/blog\/jovenes-empleo-las-posibilidades-en-un-mundo-globalizado\/","title":{"rendered":"Los j\u00f3venes y el empleo, las posibilidades en un mundo globalizado"},"content":{"rendered":"<p>Por Luis Flores<\/p>\n<p><span style=\"font-weight: 400;\">Maya Medina despierta a las 07:00 \u2014en Alemania corren las 13:00\u2014 e inicia su jornada laboral. Sus colegas europeos ya le llenaron el correo con mensajes y tareas que podr\u00e1 concluir de forma online. La globalizaci\u00f3n permiti\u00f3 que puestos como los de la trabajadora en diplomacia ciudadana sean posibles a distancia. \u00bfPero cu\u00e1les son las ventajas y desventajas de la globalizaci\u00f3n en el empleo para j\u00f3venes?<\/span><\/p>\n<p><span style=\"font-weight: 400;\">\u201cLa globalizaci\u00f3n, acompa\u00f1ada adem\u00e1s de la tecnolog\u00eda, lo que permite es que hoy en d\u00eda t\u00fa no tengas un mercado laboral reducido solo a tu ciudad o a tu pa\u00eds. Puedes hablar del mundo entero\u201d, destaca Pablo Ardaya, experto en reclutamiento de personal y director de Capital Humano de la Universidad Franz Tamayo, Unifranz<\/span><\/p>\n<p><span style=\"font-weight: 400;\">El mundo actual est\u00e1 intercomunicado e interconectado. La globalizaci\u00f3n tiene ventajas y desventajas en el mundo laboral para los j\u00f3venes y es un reto estar preparado en tecnolog\u00eda, innovaci\u00f3n y actualizaci\u00f3n constante, a\u00f1ade.<\/span><\/p>\n<p><span style=\"font-weight: 400;\">\u00bfPero qu\u00e9 es la globalizaci\u00f3n? Es un proceso que permiti\u00f3 que los pa\u00edses del mundo se conecten en lo econ\u00f3mico, social, cultural, laboral, entre otros. Este proceso fue posible por el avance de la tecnolog\u00eda, la comunicaci\u00f3n y el transporte. En la econom\u00eda, permiti\u00f3 que empresas operen en los cuatro puntos cardinales y ha facilitado la movilidad laboral.\u00a0\u00a0\u00a0<\/span><\/p>\n<p><span style=\"font-weight: 400;\">\u201cHay muchos casos de \u00e9xito de personas en nuestro propio pa\u00eds que est\u00e1n trabajando para grandes empresas, corporaciones internacionales y lo est\u00e1n haciendo a trav\u00e9s de la tecnolog\u00eda y viviendo en Bolivia tranquilamente o movi\u00e9ndose por el mundo donde ellos decidan hacerlo\u201d, afirma Ardaya.<\/span><\/p>\n<p><span style=\"font-weight: 400;\">Uno de los requisitos para alcanzar el est\u00e1ndar de un trabajador que convive en el mundo global es tener pensamiento global, ser un ciudadano global con capacidad de adaptarse y comprender diferentes culturas, a\u00f1ade Jaime Ascarrunz, presidente de la C\u00e1mara Nacional de Comercio (CNC) de Bolivia.<\/span><\/p>\n<p><span style=\"font-weight: 400;\">El experto en econom\u00eda explica que como entidad tambi\u00e9n trabajan el tema de servicios y en el caso de los empleados bolivianos, su presencia en el mercado laboral internacional. Por ello, recomienda que los j\u00f3venes deben estar preparados.<\/span><\/p>\n<p><span style=\"font-weight: 400;\">\u201cEs necesario responder a las necesidades del mercado laboral y asegurar que nuestros j\u00f3venes estudiantes y profesionales est\u00e9n siempre preparados, apoyando e incentivando las actividades informativas y de orientaci\u00f3n, con las competencias y conocimientos necesarios para enfrentar desaf\u00edos actuales y futuros\u201d, dice.<\/span><\/p>\n<p><span style=\"font-weight: 400;\">Para Jos\u00e9 Luis Evia, asesor econ\u00f3mico de la C\u00e1mara Nacional de Comercio (CNC), la globalizaci\u00f3n hace que los bienes se produzcan en el lugar donde se pueden hacer a menor costo.<\/span><\/p>\n<p><span style=\"font-weight: 400;\">\u201cEsto hace que las industrias se trasladen a regiones que presentan mayor competitividad. Por ello los productos son m\u00e1s baratos y accesibles para todos, se gana en eficiencia. La desventaja es que las regiones menos competitivas pierden industrias y fuentes laborales\u201d.<\/span><\/p>\n<p><span style=\"font-weight: 400;\">Las ventajas y desventajas dependen de c\u00f3mo se ven las situaciones, por ejemplo, que haya m\u00e1s trabajos es una ventaja, pero esa misma situaci\u00f3n significa que haya m\u00e1s competencia de perfiles de profesionales de cualquier parte del mundo. Lo que hace que sea una ventaja y desventaja, afirman los expertos.<\/span><\/p>\n<p><span style=\"font-weight: 400;\">Los expertos coinciden en seis elementos que pueden ser ventajas y desventajas en un mundo globalizado, dependiendo de c\u00f3mo se las tome y las aproveche o desaproveche.\u00a0<\/span><\/p>\n<h3><b>Ventajas y desventajas:<\/b><\/h3>\n<ul>\n<li><b>Empresas globales:<\/b><span style=\"font-weight: 400;\"> existen corporaciones que trabajan en decenas de pa\u00edses, produciendo un movimiento econ\u00f3mico importante.<\/span><\/li>\n<li><b>Competencia: <\/b><span style=\"font-weight: 400;\">las empresas no solo compiten con otras locales, sino tambi\u00e9n con las internacionales.\u00a0<\/span><\/li>\n<li><b>Nuevos empleos: <\/b><span style=\"font-weight: 400;\">permiti\u00f3 que hayan nuevos puestos de trabajo, como operadores internacionales, con habilidades interculturales e interling\u00fc\u00edsticas.\u00a0<\/span><\/li>\n<li><b>Tecnolog\u00eda y digitalizaci\u00f3n: <\/b><span style=\"font-weight: 400;\">aceler\u00f3 el proceso de digitalizaci\u00f3n, uso de la tecnolog\u00eda y mejora en los procesos.\u00a0<\/span><\/li>\n<li><b>Idioma: <\/b><span style=\"font-weight: 400;\">increment\u00f3 la demanda del aprendizaje de idiomas, para romper las barreras comunicativas entre personas de diferentes nacionalidades.\u00a0\u00a0<\/span><\/li>\n<li><b>Movilidad: <\/b><span style=\"font-weight: 400;\">la mejora del transporte mundial permite que los trabajadores viajen de una ciudad a otra, de un pa\u00eds a otros, para realizar sus funciones, lo que crea trabajadores mundiales. <\/span><\/li>\n<\/ul>","protected":false},"excerpt":{"rendered":"<p>Por Luis Flores Maya Medina despierta a las 07:00 \u2014en Alemania corren las 13:00\u2014 e inicia su jornada laboral. Sus colegas europeos ya le llenaron el correo con mensajes y tareas que podr\u00e1 concluir de forma online. La globalizaci\u00f3n permiti\u00f3 que puestos como los de la trabajadora en diplomacia ciudadana sean posibles a distancia. \u00bfPero &hellip; <a href=\"https:\/\/unifranz.edu.bo\/pt\/blog\/jovenes-empleo-las-posibilidades-en-un-mundo-globalizado\/\">Continued<\/a><\/p>","protected":false},"author":45,"featured_media":678664,"comment_status":"open","ping_status":"open","sticky":false,"template":"","format":"standard","meta":{"_acf_changed":false,"footnotes":""},"categories":[60,2186,6541,3422,1782],"tags":[1566,8506,1422,10426,9964,1592,242],"class_list":["post-678663","post","type-post","status-publish","format-standard","has-post-thumbnail","hentry","category-blog","category-carreras-es","category-empleo-es","category-trabajo-es","category-unifranz","tag-empleo","tag-globalizacion","tag-innovacion-en-educacion","tag-movilidad-laboral","tag-noticias-de-hoy","tag-trabajo","tag-unifranz"],"acf":[],"_links":{"self":[{"href":"https:\/\/unifranz.edu.bo\/pt\/wp-json\/wp\/v2\/posts\/678663","targetHints":{"allow":["GET"]}}],"collection":[{"href":"https:\/\/unifranz.edu.bo\/pt\/wp-json\/wp\/v2\/posts"}],"about":[{"href":"https:\/\/unifranz.edu.bo\/pt\/wp-json\/wp\/v2\/types\/post"}],"author":[{"embeddable":true,"href":"https:\/\/unifranz.edu.bo\/pt\/wp-json\/wp\/v2\/users\/45"}],"replies":[{"embeddable":true,"href":"https:\/\/unifranz.edu.bo\/pt\/wp-json\/wp\/v2\/comments?post=678663"}],"version-history":[{"count":1,"href":"https:\/\/unifranz.edu.bo\/pt\/wp-json\/wp\/v2\/posts\/678663\/revisions"}],"predecessor-version":[{"id":678665,"href":"https:\/\/unifranz.edu.bo\/pt\/wp-json\/wp\/v2\/posts\/678663\/revisions\/678665"}],"wp:featuredmedia":[{"embeddable":true,"href":"https:\/\/unifranz.edu.bo\/pt\/wp-json\/wp\/v2\/media\/678664"}],"wp:attachment":[{"href":"https:\/\/unifranz.edu.bo\/pt\/wp-json\/wp\/v2\/media?parent=678663"}],"wp:term":[{"taxonomy":"category","embeddable":true,"href":"https:\/\/unifranz.edu.bo\/pt\/wp-json\/wp\/v2\/categories?post=678663"},{"taxonomy":"post_tag","embeddable":true,"href":"https:\/\/unifranz.edu.bo\/pt\/wp-json\/wp\/v2\/tags?post=678663"}],"curies":[{"name":"wp","href":"https:\/\/api.w.org\/{rel}","templated":true}]}}