{"id":677988,"date":"2024-11-26T22:23:50","date_gmt":"2024-11-27T02:23:50","guid":{"rendered":"https:\/\/unifranz.edu.bo\/?p=677988"},"modified":"2024-11-26T22:34:33","modified_gmt":"2024-11-27T02:34:33","slug":"susana-machicao-la-disenadora-y-gestora-del-bicebe-que-lleva-el-talento-boliviano-al-escenario-mundial","status":"publish","type":"post","link":"https:\/\/unifranz.edu.bo\/pt\/blog\/susana-machicao-la-disenadora-y-gestora-del-bicebe-que-lleva-el-talento-boliviano-al-escenario-mundial\/","title":{"rendered":"Susana Machicao, la dise\u00f1adora y gestora del BICeB\u00e9 que lleva el talento boliviano al escenario mundial"},"content":{"rendered":"<p>Por Manuel Filomeno<\/p>\n<p><span style=\"font-weight: 400;\">Susana Machicao no entiende la vida sin el dise\u00f1o, es su fuerza vital, el combustible que la impuls\u00f3 a co-organizar y gestionar el mayor encuentro de dise\u00f1adores del pa\u00eds y uno de los m\u00e1s importantes de la regi\u00f3n, la Bienal del Dise\u00f1o y el Cartel Bolivia, BICeB\u00e9, hace 15 a\u00f1os.<\/span><\/p>\n<p><span style=\"font-weight: 400;\">\u201cLa BICeB\u00e9 es un espacio id\u00f3neo para romper esquemas, para dejar de creer un poco en las cosas que t\u00fa crees y tener una ruptura completa. Nos permite, a trav\u00e9s del intercambio con dise\u00f1adores bolivianos e internacionales, aprender nuevas formas de llegar y nuevos caminos\u201d, comenta Machicao.<\/span><\/p>\n<p><span style=\"font-weight: 400;\">La dise\u00f1adora y gestora cultural recuerda que la BICeB\u00e9 naci\u00f3 del fracaso de una propuesta anterior, pero que ella retom\u00f3 y reformul\u00f3 hasta convertirla en el referente que es hoy en d\u00eda.<\/span><\/p>\n<p><span style=\"font-weight: 400;\">\u201cMe involucr\u00e9 en la gesti\u00f3n cultural desde 2009, en la co-creaci\u00f3n de un nuevo formato de una bienal internacional, all\u00ed naci\u00f3 la BICeB\u00e9 como la entendemos ahora. Una bienal que con el tiempo se ha convertido en un festival por la diversidad de actividades que ofrece su agenda. El Comit\u00e9 Organizador ha planteado una impronta diferenciada que hace \u00fanico al evento en comparaci\u00f3n a otras del mundo. Siempre anteponiendo elevar el nivel del dise\u00f1o con el intercambio de conocimientos entre estudiantes y profesionales invitados\u201d, comenta.<\/span><\/p>\n<p><span style=\"font-weight: 400;\">Cada versi\u00f3n cuenta con charlas, ponencias, talleres cortos, presentaciones y exposiciones de grandes maestros y profesionales del \u00e1mbito nacional e internacional con un enfoque inclusivo y equitativo.<\/span><\/p>\n<p><span style=\"font-weight: 400;\">Machicao adem\u00e1s de directora de la BICeB\u00e9, es Coordinadora Regional de Tipos Latinos, Bienal de Tipograf\u00eda Latinoamericana. Fundadora y directora de LATAM_D, espacio que re\u00fane a los dise\u00f1adores de moda, industrial, producto y dise\u00f1o gr\u00e1fico de Latinoam\u00e9rica, fundadora y directora de la comunidad Dise\u00f1adores Gr\u00e1ficos Bolivia y creadora del proyecto internacional Mujeres Dise\u00f1adoras.<\/span><\/p>\n<p><span style=\"font-weight: 400;\">Tambi\u00e9n ha sido jurado, conferencista y tallerista en diversos eventos culturales. Fue galardonada por la Universidad de Palermo y la Secretar\u00eda de Culturas de La Paz.<\/span><\/p>\n<p><iframe loading=\"lazy\" title=\"YouTube video player\" src=\"https:\/\/www.youtube.com\/embed\/hgNjZoFOWhU?si=Z-hFhcuqsBumPPdr\" width=\"560\" height=\"315\" frameborder=\"0\" allowfullscreen=\"allowfullscreen\"><\/iframe><\/p>\n<p><span style=\"font-weight: 400;\">Machicao estudi\u00f3 Comunicaci\u00f3n Social en una \u00e9poca en la que los dise\u00f1adores se formaban a partir de diversas carreras como Artes, Arquitectura e, incluso, Comunicaci\u00f3n Social. La certeza de su elecci\u00f3n profesional se dio tras tomar una materia optativa que marc\u00f3 su decisi\u00f3n de seguir form\u00e1ndose en una carrera creativa.\u00a0<\/span><\/p>\n<p><span style=\"font-weight: 400;\">Tiempo despu\u00e9s, el hermano de su madre le revel\u00f3 que su abuelo, el artista pl\u00e1stico Armando Pacheco, se habr\u00eda desempe\u00f1ado como dise\u00f1ador en el peri\u00f3dico La Raz\u00f3n de anta\u00f1o. \u00abMe di cuenta de que m\u00e1s de una vez, las manzanas no caen lejos del \u00e1rbol\u00bb, reflexiona.<\/span><\/p>\n<p><span style=\"font-weight: 400;\">A pesar de su extensa experiencia, llena de logros, Susana mantiene un perfil bajo y siempre remarca el cr\u00e9dito del trabajo a su equipo de colaboradores de un evento que se ha consolidado como marca pa\u00eds en m\u00e1s de 90 pa\u00edses del mundo y puesto a Bolivia en el mapa del dise\u00f1o internacional.<\/span><\/p>\n<p><span style=\"font-weight: 400;\">\u201cMi ingreso como gestora en la bienal fue casi un accidente. Nada ser\u00eda posible, si no estuviera apoyada de gente que cree en el dise\u00f1o, igual que yo. Somos un grupo que se ha ido repitiendo, cambiando, movi\u00e9ndose y generando un evento que es 100% inspirador\u201d, agrega.<\/span><\/p>\n<p><span style=\"font-weight: 400;\">Su vivencia personal con respecto a la creatividad\u00a0 ser\u00e1 el centro de la ponencia de Machicao en el TEDx Unifranz, un evento\u00a0 organizado por la Universidad Franz Tamayo que se realizar\u00e1 este jueves 28 en La Paz, y en la cual la dise\u00f1adora compartir\u00e1 su historia junto a Camila Lech\u00edn, una de las 50 mejores chefs de Latinoam\u00e9rica; Tony Suarez, fot\u00f3grafo boliviano reconocido mundialmente; \u00c1lvaro \u201cConejo\u201d Arce, m\u00fasico, productor, DJ y pionero de la m\u00fasica electr\u00f3nica en Bolivia; Grecia Bello, ingeniera electr\u00f3nica con visi\u00f3n social y experta en rob\u00f3tica industrial; y Milan M.A. Gonz\u00e1lez, poeta, corresponsal de guerra y periodista.<\/span><\/p>\n<p><b>La vida y el dise\u00f1o<\/b><\/p>\n<p><span style=\"font-weight: 400;\">Para la experta, el dise\u00f1o es comunicaci\u00f3n y soluci\u00f3n de problemas, a trav\u00e9s de la gr\u00e1fica, sin olvidar que es un espacio donde la imaginaci\u00f3n puede volar. \u201cLos dise\u00f1adores somos servidores sociales, estamos para darle una respuesta para mejorar el desarrollo de nuestras sociedades\u201d, apunta.<\/span><\/p>\n<p><span style=\"font-weight: 400;\">Para Machicao no existen f\u00f3rmulas para gestionar la creatividad y el error es parte fundamental en este proceso.<\/span><\/p>\n<p><span style=\"font-weight: 400;\">\u201cPara gestionar la creatividad, no hay una f\u00f3rmula m\u00e1gica. Equivocarse es parte fundamental del proceso. Para proponer ideas innovadoras o diferentes es necesario cometer errores, levantarse e intentarlo nuevamente. Nunca debes sentir que has fracasado, incluso si tu propuesta no es aceptada. En el caso de BICeB\u00e9, si tu cartel no fue seleccionado, no significa que debes rendirte y no presentar m\u00e1s trabajos, significa que debes intentarlo otra vez, hasta que logres lo que anhelas\u201d.<\/span><\/p>\n<p><span style=\"font-weight: 400;\">La experta dice que los dise\u00f1adores, tanto j\u00f3venes como profesionales, necesitan disciplina, siempre, para encontrar el concepto que mejor refleje la idea que tienen, probar nuevas perspectivas y no frustrarse.<\/span><\/p>\n<p><span style=\"font-weight: 400;\">\u201cTenemos que ser disciplinados en la tarea de conceptualizar un mensaje gr\u00e1fico, debemos entender la importancia de repetir, intentar de nuevo y ver las cosas desde diferentes perspectivas. A veces, es \u00fatil dejar tu proyecto un tiempo y volver a retomarlo m\u00e1s adelante, lo que puede llevar a resultados innovadores\u201d.<\/span><\/p>\n<p><span style=\"font-weight: 400;\">Otro punto importante es mantener la curiosidad. \u201cDebemos ser personas inquisitivas, tener conocimiento de lo que nos rodea y, quiz\u00e1, ser un poco fisgones. Observar la conducta de las personas en diferentes espacios nos ayuda a brindar soluciones gr\u00e1ficas efectivas cuando enfrentamos nuevos retos de dise\u00f1o. Un dise\u00f1ador debe ser una persona absolutamente inquieta\u201d.<\/span><\/p>\n<p><span style=\"font-weight: 400;\">Sobre la inteligencia artificial, Machicao opina que es una herramienta que no debemos ignorar, pero tampoco depender totalmente de ella. \u00abUn dise\u00f1ador debe resolver y dar soluciones con su propia capacidad. La inteligencia artificial puede ayudar, pero no puede sustituir nuestra creatividad y personalidad\u00bb, concluye.<\/span><\/p>","protected":false},"excerpt":{"rendered":"<p>Por Manuel Filomeno Susana Machicao no entiende la vida sin el dise\u00f1o, es su fuerza vital, el combustible que la impuls\u00f3 a co-organizar y gestionar el mayor encuentro de dise\u00f1adores del pa\u00eds y uno de los m\u00e1s importantes de la regi\u00f3n, la Bienal del Dise\u00f1o y el Cartel Bolivia, BICeB\u00e9, hace 15 a\u00f1os. \u201cLa BICeB\u00e9 &hellip; <a href=\"https:\/\/unifranz.edu.bo\/pt\/blog\/susana-machicao-la-disenadora-y-gestora-del-bicebe-que-lleva-el-talento-boliviano-al-escenario-mundial\/\">Continued<\/a><\/p>","protected":false},"author":45,"featured_media":678005,"comment_status":"open","ping_status":"open","sticky":false,"template":"","format":"standard","meta":{"_acf_changed":false,"footnotes":""},"categories":[60,5136,1782],"tags":[1298,4640,10419,10402,4142,10418],"class_list":["post-677988","post","type-post","status-publish","format-standard","has-post-thumbnail","hentry","category-blog","category-tedx-unifranz","category-unifranz","tag-bicebe","tag-cartel","tag-disenadora","tag-susana-machicao","tag-tedx-unifranz","tag-unifranz-innovacion-en-educacion"],"acf":[],"_links":{"self":[{"href":"https:\/\/unifranz.edu.bo\/pt\/wp-json\/wp\/v2\/posts\/677988","targetHints":{"allow":["GET"]}}],"collection":[{"href":"https:\/\/unifranz.edu.bo\/pt\/wp-json\/wp\/v2\/posts"}],"about":[{"href":"https:\/\/unifranz.edu.bo\/pt\/wp-json\/wp\/v2\/types\/post"}],"author":[{"embeddable":true,"href":"https:\/\/unifranz.edu.bo\/pt\/wp-json\/wp\/v2\/users\/45"}],"replies":[{"embeddable":true,"href":"https:\/\/unifranz.edu.bo\/pt\/wp-json\/wp\/v2\/comments?post=677988"}],"version-history":[{"count":2,"href":"https:\/\/unifranz.edu.bo\/pt\/wp-json\/wp\/v2\/posts\/677988\/revisions"}],"predecessor-version":[{"id":678013,"href":"https:\/\/unifranz.edu.bo\/pt\/wp-json\/wp\/v2\/posts\/677988\/revisions\/678013"}],"wp:featuredmedia":[{"embeddable":true,"href":"https:\/\/unifranz.edu.bo\/pt\/wp-json\/wp\/v2\/media\/678005"}],"wp:attachment":[{"href":"https:\/\/unifranz.edu.bo\/pt\/wp-json\/wp\/v2\/media?parent=677988"}],"wp:term":[{"taxonomy":"category","embeddable":true,"href":"https:\/\/unifranz.edu.bo\/pt\/wp-json\/wp\/v2\/categories?post=677988"},{"taxonomy":"post_tag","embeddable":true,"href":"https:\/\/unifranz.edu.bo\/pt\/wp-json\/wp\/v2\/tags?post=677988"}],"curies":[{"name":"wp","href":"https:\/\/api.w.org\/{rel}","templated":true}]}}