{"id":677791,"date":"2024-11-26T06:06:30","date_gmt":"2024-11-26T10:06:30","guid":{"rendered":"https:\/\/unifranz.edu.bo\/?p=677791"},"modified":"2024-11-26T06:38:13","modified_gmt":"2024-11-26T10:38:13","slug":"segunda-oportunidad-53-jovenes-de-qalauma-se-graduan-y-estan-listos-para-emprender","status":"publish","type":"post","link":"https:\/\/unifranz.edu.bo\/pt\/blog\/segunda-oportunidad-53-jovenes-de-qalauma-se-graduan-y-estan-listos-para-emprender\/","title":{"rendered":"Segunda oportunidad: 53 j\u00f3venes de Qalauma se grad\u00faan y est\u00e1n listos para emprender"},"content":{"rendered":"<p>Por Lily Zurita<\/p>\n<p><span style=\"font-weight: 400;\">\u201cPens\u00e9 que todo estaba perdido. Hoy s\u00e9 que la educaci\u00f3n me ha dado una segunda oportunidad\u201d, as\u00ed comienza la historia de Daynor, uno de los 53 j\u00f3venes que recientemente se graduaron en emprendedurismo en el Centro de Rehabilitaci\u00f3n y Reinserci\u00f3n Social Qalauma, en La Paz.\u00a0<\/span><\/p>\n<p><span style=\"font-weight: 400;\">Este programa, impulsado por el Centro e Incubadora de Emprendimientos y Negocios (CIEN) de la Universidad Franz Tamayo, Unifranz El Alto, junto a Visi\u00f3n Mundial Bolivia (proyecto Youth Ready), la Fundaci\u00f3n Aydha y la Direcci\u00f3n General de R\u00e9gimen Penitenciario de La Paz, brind\u00f3 esperanza y herramientas concretas para un nuevo comienzo a medio centenar de j\u00f3venes en conflicto con la ley, que sue\u00f1an con un futuro mejor para ellos.<\/span><\/p>\n<p><span style=\"font-weight: 400;\">La reinserci\u00f3n social de personas privadas de libertad es uno de los desaf\u00edos m\u00e1s complejos en Bolivia. Sin embargo, los 53 j\u00f3venes demostraron que, con educaci\u00f3n, apoyo y determinaci\u00f3n, es posible transformar sus vidas a partir de una segunda oportunidad.\u00a0<\/span><\/p>\n<p><span style=\"font-weight: 400;\">\u201cTodos los conocimientos que he adquirido los voy a aplicar afuera\u201d, cuenta, orgulloso, Daynor, quien se destac\u00f3 por su dedicaci\u00f3n durante todo el curso que empez\u00f3 en mayo y culmin\u00f3 este mes.<\/span><\/p>\n<p><span style=\"font-weight: 400;\">El Centro de Qalauma (agua que labra la piedra) se encuentra en el municipio de Viacha, a casi 30 kil\u00f3metros de la urbe pace\u00f1a, y es el primer centro del pa\u00eds especializado en rehabilitaci\u00f3n de j\u00f3venes en conflicto con la ley por medio de programas de reinserci\u00f3n social. Su infraestructura fue instalada en un espacio de, aproximadamente, cuatro hect\u00e1reas y, en la actualidad, alberga a 577 internos, 53 de los cuales participaron en el programa del CIEN.\u00a0\u00a0<\/span><\/p>\n<p><iframe loading=\"lazy\" title=\"YouTube video player\" src=\"https:\/\/www.youtube.com\/embed\/CBFLueZt2KE?si=cdN4sViao3upJMFB\" width=\"560\" height=\"315\" frameborder=\"0\" allowfullscreen=\"allowfullscreen\"><\/iframe><\/p>\n<p><b>Formaci\u00f3n integral para la reinserci\u00f3n social<\/b><\/p>\n<p><span style=\"font-weight: 400;\">El programa impulsado por el CIEN, de la carrera de Administraci\u00f3n de Empresas de Unifranz El Alto, junto a alianzas institucionales, no solo ofreci\u00f3 formaci\u00f3n t\u00e9cnica a los privados de libertad, sino tambi\u00e9n cursos de liderazgo y habilidades blandas. <\/span><\/p>\n<p><span style=\"font-weight: 400;\">Durante todo el curso, los j\u00f3venes tuvieron acceso a conocimientos de marketing, contabilidad y gesti\u00f3n empresarial. Los m\u00e9todos de ense\u00f1anza innovadores fueron parte de los talleres, tales como estudios de casos y simulaciones empresariales, que involucraron a los internos activamente en su proceso de aprendizaje. Tambi\u00e9n se organizaron talleres pr\u00e1cticos con expertos en diferentes \u00e1reas, proporcionando as\u00ed conocimientos especializados y experiencias de la vida real.<\/span><\/p>\n<p><span style=\"font-weight: 400;\">Seg\u00fan Patricia Pozo, directora de la carrera de Administraci\u00f3n de Empresas de Unifranz, \u201cha sido muy alentador apoyar a estos j\u00f3venes que necesitan adquirir las diferentes herramientas y habilidades que les hemos brindado para que puedan fortalecer sus emprendimientos\u201d.<\/span><\/p>\n<p><span style=\"font-weight: 400;\">Cristian, otro joven privado de libertad, comparti\u00f3 su experiencia en el acto de graduaci\u00f3n. \u201cEstos cursos son demasiado importantes, nos han motivado mucho. Estamos privados de la locomoci\u00f3n, pero no del estudio\u201d. Su testimonio refleja la esencia del programa, que es brindar oportunidades de aprendizaje que trascienden las barreras f\u00edsicas y emocionales del encierro.<\/span><\/p>\n<p><b>Tecnolog\u00eda y creatividad para el cambio<\/b><\/p>\n<p><span style=\"font-weight: 400;\">Los j\u00f3venes, tras cumplir su condena, se enfrentan a la estigmatizaci\u00f3n que existe sobre los exprivados de libertad y a la b\u00fasqueda de formas de reinserci\u00f3n plena. Uno de los ejemplos m\u00e1s inspiradores es el de Abisail, quien sue\u00f1a con fabricar juguetes como parte de su proceso de reinserci\u00f3n social. El joven desarroll\u00f3 un peque\u00f1o auto con control remoto utilizando tecnolog\u00eda Arduino, m\u00f3dulos Bluetooth y luces LED.\u00a0<\/span><\/p>\n<p><span style=\"font-weight: 400;\">\u201cMi objetivo es hacer las cosas bien. Quiero salir de aqu\u00ed y seguir fabricando m\u00e1s cochecitos para vender\u201d, asegura con determinaci\u00f3n porque ya piensa en el futuro y dice, con seguridad, que saliendo fabricar\u00e1 productos de rob\u00f3tica para comercializarlos.\u00a0<\/span><\/p>\n<p><span style=\"font-weight: 400;\">Este enfoque en la tecnolog\u00eda y la innovaci\u00f3n muestra que la formaci\u00f3n en Qalauma va m\u00e1s all\u00e1 de lo convencional. Se trata de preparar a los j\u00f3venes para enfrentar los desaf\u00edos del mercado actual, fomentando una mentalidad emprendedora que les permita crear sus propias oportunidades.<\/span><\/p>\n<p><b>El desaf\u00edo de la reintegraci\u00f3n social<\/b><\/p>\n<p><span style=\"font-weight: 400;\">El proceso de reinserci\u00f3n social no termina con la graduaci\u00f3n. Los j\u00f3venes se enfrentan a una serie de dificultades para encontrar empleo. Daniel Callizaya, director departamental de R\u00e9gimen Penitenciario de La Paz, reconoce este desaf\u00edo. \u201cLamentablemente, afuera es complicado conseguir trabajo para cualquier persona, imag\u00ednense para un exprivado de libertad se le hace el doble de complicado. Es por eso que, con los centros productivos, hacemos que tengan esa mente emprendedora\u201d.<\/span><\/p>\n<p><span style=\"font-weight: 400;\">Este programa no solo les ense\u00f1a a emprender, sino tambi\u00e9n a creer en s\u00ed mismos. Para Callisaya, \u201cel trabajo y el estudio\u201d son los pilares fundamentales para la reinserci\u00f3n social.\u00a0\u00a0<\/span><\/p>\n<p><b>Colaboraci\u00f3n: clave para el \u00e9xito del programa<\/b><\/p>\n<p><span style=\"font-weight: 400;\">El \u00e9xito de esta iniciativa fue posible gracias al trabajo conjunto entre instituciones educativas, fundaciones y el sistema penitenciario. \u00c1ngel Chipana, gerente de operaciones de World Vision Bolivia, destaca que \u201cestamos muy contentos porque hoy hemos visto plasmado la culminaci\u00f3n de todo este proceso de aprendizaje. Esto es producto de todo este trabajo conjunto\u201d.\u00a0<\/span><\/p>\n<p><span style=\"font-weight: 400;\">Este enfoque colaborativo demuestra que la reinserci\u00f3n social es una responsabilidad compartida. Universidades, organizaciones civiles y la sociedad en su conjunto deben trabajar de la mano para ofrecer segundas oportunidades a quienes m\u00e1s las necesitan.<\/span><\/p>\n<p><span style=\"font-weight: 400;\">La graduaci\u00f3n de estos j\u00f3venes es un s\u00edmbolo de lo que se puede lograr cuando se invierte en educaci\u00f3n y en el potencial humano. Cristian lo resume: \u201cLa \u00fanica manera de formar parte del futuro es construirlo. No podemos esperar a que las condiciones sean perfectas para nosotros\u201d.<\/span><\/p>\n<p><span style=\"font-weight: 400;\">Daynor, Abisail y Cristian son ejemplos vivos de que la rehabilitaci\u00f3n y la reinserci\u00f3n social son posibles. Este programa les ha dado las herramientas, pero el verdadero cambio comenzar\u00e1 con su voluntad de reescribir sus historias.<\/span><\/p>\n<p><span style=\"font-weight: 400;\">\u201cEstamos privados de la locomoci\u00f3n, pero no se nos ha privado del estudio\u201d, concluye Cristian. Sus palabras son un recordatorio poderoso de que, con el apoyo adecuado, cada persona puede encontrar su camino hacia una segunda oportunidad.<\/span><\/p>","protected":false},"excerpt":{"rendered":"<p>Por Lily Zurita \u201cPens\u00e9 que todo estaba perdido. Hoy s\u00e9 que la educaci\u00f3n me ha dado una segunda oportunidad\u201d, as\u00ed comienza la historia de Daynor, uno de los 53 j\u00f3venes que recientemente se graduaron en emprendedurismo en el Centro de Rehabilitaci\u00f3n y Reinserci\u00f3n Social Qalauma, en La Paz.\u00a0 Este programa, impulsado por el Centro e &hellip; <a href=\"https:\/\/unifranz.edu.bo\/pt\/blog\/segunda-oportunidad-53-jovenes-de-qalauma-se-graduan-y-estan-listos-para-emprender\/\">Continued<\/a><\/p>","protected":false},"author":45,"featured_media":677792,"comment_status":"open","ping_status":"open","sticky":false,"template":"","format":"standard","meta":{"_acf_changed":false,"footnotes":""},"categories":[2602,60,8406,1782],"tags":[198,10414,10416,1006,1422,8416,10415,3790,10417,242],"class_list":["post-677791","post","type-post","status-publish","format-standard","has-post-thumbnail","hentry","category-administracion-de-empresas","category-blog","category-cien","category-unifranz","tag-administracion-de-empresas","tag-centro-de-rehabilitacion-de-qalauma","tag-centrocentro-e-incubadora-de-emprendimientos-y-negocios","tag-emprendedurismo","tag-innovacion-en-educacion","tag-privados-de-libertad","tag-qalauma","tag-segunda-oportunidad","tag-talleres","tag-unifranz"],"acf":[],"_links":{"self":[{"href":"https:\/\/unifranz.edu.bo\/pt\/wp-json\/wp\/v2\/posts\/677791","targetHints":{"allow":["GET"]}}],"collection":[{"href":"https:\/\/unifranz.edu.bo\/pt\/wp-json\/wp\/v2\/posts"}],"about":[{"href":"https:\/\/unifranz.edu.bo\/pt\/wp-json\/wp\/v2\/types\/post"}],"author":[{"embeddable":true,"href":"https:\/\/unifranz.edu.bo\/pt\/wp-json\/wp\/v2\/users\/45"}],"replies":[{"embeddable":true,"href":"https:\/\/unifranz.edu.bo\/pt\/wp-json\/wp\/v2\/comments?post=677791"}],"version-history":[{"count":4,"href":"https:\/\/unifranz.edu.bo\/pt\/wp-json\/wp\/v2\/posts\/677791\/revisions"}],"predecessor-version":[{"id":677806,"href":"https:\/\/unifranz.edu.bo\/pt\/wp-json\/wp\/v2\/posts\/677791\/revisions\/677806"}],"wp:featuredmedia":[{"embeddable":true,"href":"https:\/\/unifranz.edu.bo\/pt\/wp-json\/wp\/v2\/media\/677792"}],"wp:attachment":[{"href":"https:\/\/unifranz.edu.bo\/pt\/wp-json\/wp\/v2\/media?parent=677791"}],"wp:term":[{"taxonomy":"category","embeddable":true,"href":"https:\/\/unifranz.edu.bo\/pt\/wp-json\/wp\/v2\/categories?post=677791"},{"taxonomy":"post_tag","embeddable":true,"href":"https:\/\/unifranz.edu.bo\/pt\/wp-json\/wp\/v2\/tags?post=677791"}],"curies":[{"name":"wp","href":"https:\/\/api.w.org\/{rel}","templated":true}]}}