{"id":677652,"date":"2024-11-25T12:13:46","date_gmt":"2024-11-25T16:13:46","guid":{"rendered":"https:\/\/unifranz.edu.bo\/?p=677652"},"modified":"2024-11-25T12:13:55","modified_gmt":"2024-11-25T16:13:55","slug":"profesionales-con-actitud-el-reto-de-las-universidades-en-la-formacion-de-lideres","status":"publish","type":"post","link":"https:\/\/unifranz.edu.bo\/pt\/blog\/profesionales-con-actitud-el-reto-de-las-universidades-en-la-formacion-de-lideres\/","title":{"rendered":"Profesionales con actitud, el reto de las universidades en la formaci\u00f3n de l\u00edderes"},"content":{"rendered":"<p>El mercado laboral es cada vez m\u00e1s competitivo, obligando a las empresas a buscar profesionales con una actitud proactiva y el deseo de seguir aprendiendo, m\u00e1s all\u00e1 de solamente los conocimientos te\u00f3ricos s\u00f3lidos.<\/p>\n<p>La formaci\u00f3n acad\u00e9mica de calidad es fundamental, pero en la actualidad no basta. La actitud, el esfuerzo constante y el compromiso con el desarrollo profesional son igual de importantes.<\/p>\n<p>\u201cHay una buena formaci\u00f3n, pero no todo es la teor\u00eda, necesitamos pr\u00e1ctica, j\u00f3venes profesionales con actitud y que se est\u00e9n actualizando permanentemente\u201d, reflexiona Pablo Camacho, presidente de la C\u00e1mara Nacional de Industrias (CNI), quien particip\u00f3 en la tercera versi\u00f3n de la feria de empleabilidad de la Universidad Franz Tamayo, Unifranz.<\/p>\n<p>La tecnolog\u00eda ha transformado todas las \u00e1reas del conocimiento. Un economista, ingeniero, m\u00e9dico o cualquier otro profesional debe adaptarse a las herramientas digitales que optimizan y facilitan su labor. Sin embargo, la actualizaci\u00f3n constante no se limita a aprender nuevas herramientas; requiere una mentalidad abierta al cambio y la disposici\u00f3n de salir de la zona de confort para buscar oportunidades de crecimiento.<\/p>\n<p>La actitud es, adem\u00e1s, esencial para fomentar el esp\u00edritu emprendedor. En lugar de buscar \u00fanicamente un empleo seguro, los j\u00f3venes deben estar dispuestos a explorar sus propias ideas y emprender proyectos que no solo generen ingresos, sino que tambi\u00e9n impulsen el desarrollo de Bolivia.<\/p>\n<p>Esto implica una visi\u00f3n a largo plazo y una mentalidad orientada a metas claras, porque \u00abuna vida sin metas es como un largo camino sin posadas y si nuestros j\u00f3venes no tienen metas es bien dif\u00edcil ese cambio de actitud \u00ab, afirma el l\u00edder de los industriales.<\/p>\n<p>Para que el pa\u00eds alcance un nuevo nivel de desarrollo, es fundamental que los profesionales no se conformen con hacer lo m\u00ednimo indispensable. La actitud de innovaci\u00f3n, iniciativa y crecimiento debe ser una constante en cada \u00e1rea profesional.<\/p>\n<p>Seg\u00fan el Ministerio de Educaci\u00f3n, en 2023, un total de 210.726 estudiantes de los sistemas de educaci\u00f3n regular, alternativa y especial de todo el pa\u00eds, culminaron el bachillerato, de los cuales cerca del 40% prosigui\u00f3 estudios en una universidad y otro 40% busc\u00f3 insertarse en el mercado de trabajo.<\/p>\n<p>Por ese motivo, Camacho puntualiza que \u201choy, m\u00e1s que nunca, Bolivia necesita l\u00edderes con actitud, que impulsen cambios y contribuyan activamente al progreso del pa\u00eds.<\/p>\n<p><iframe loading=\"lazy\" title=\"Actitud y liderazgo: El nuevo reto de la educaci\u00f3n superior\" width=\"500\" height=\"281\" src=\"https:\/\/www.youtube.com\/embed\/Iek20-s_kBM?feature=oembed\" frameborder=\"0\" allow=\"accelerometer; autoplay; clipboard-write; encrypted-media; gyroscope; picture-in-picture; web-share\" referrerpolicy=\"strict-origin-when-cross-origin\" allowfullscreen><\/iframe><\/p>\n<h2><strong>La importancia del empleo para el desarrollo social<\/strong><\/h2>\n<p>El empleo desempe\u00f1a un papel esencial en el desarrollo social al permitir que las personas accedan a ingresos estables, mejoren su calidad de vida y contribuyan activamente al bienestar de sus comunidades.<\/p>\n<p>En Bolivia, seg\u00fan Camacho, la formalidad econ\u00f3mica sigue siendo un desaf\u00edo, con aproximadamente solo un 20% de la econom\u00eda operando de manera formal. Esta situaci\u00f3n limita la capacidad de muchos trabajadores de acceder a beneficios sociales, seguridad laboral y oportunidades de crecimiento profesional. Por ello, la promoci\u00f3n de una econom\u00eda formal es una tarea urgente para garantizar un desarrollo equitativo y sostenible en el pa\u00eds.<\/p>\n<p>Para avanzar hacia este objetivo, es crucial que las universidades lideren investigaciones enfocadas en soluciones innovadoras que fomenten la formalizaci\u00f3n econ\u00f3mica. Estas investigaciones deben considerar factores como la simplificaci\u00f3n de tr\u00e1mites, incentivos fiscales y el fortalecimiento de la educaci\u00f3n empresarial.<\/p>\n<p>\u201cDebemos continuar trabajando para formalizar nuestra econom\u00eda, debemos trabajar tambi\u00e9n en el tema de investigaci\u00f3n en las universidades, tenemos que trabajar con nuestros j\u00f3venes el tema de actitud, entre otros. Son varios retos que tenemos hoy en Bolivia, en la academia y tambi\u00e9n en la industria\u201d, indica el empresario.<\/p>\n<p>Adem\u00e1s, las instituciones educativas tienen la responsabilidad de preparar a los j\u00f3venes no s\u00f3lo en t\u00e9rminos t\u00e9cnicos, sino tambi\u00e9n en su actitud frente al empleo y el emprendimiento. Cultivar una mentalidad orientada al compromiso, la creatividad y la adaptabilidad ser\u00e1 clave para enfrentar los desaf\u00edos del mercado laboral contempor\u00e1neo.<\/p>\n<p>Por otro lado, la industria debe trabajar en conjunto con el sector acad\u00e9mico para identificar necesidades espec\u00edficas y crear programas que integren a los j\u00f3venes al mercado laboral formal. Este esfuerzo colaborativo permitir\u00e1 no solo reducir la informalidad, sino tambi\u00e9n garantizar que las futuras generaciones tengan acceso a empleos dignos y productivos.<\/p>\n<p>Camacho considera que, con el compromiso de la academia, la industria y el gobierno, Bolivia puede superar los retos actuales y construir una econom\u00eda m\u00e1s inclusiva que impulse el desarrollo social en todas sus dimensiones.<\/p>\n<p>\u201cEste es un momento en el que el boliviano debe cambiar definitivamente el chip. Debemos comenzar a valorar, para empezar, a los profesionales bolivianos, a veces viene un profesional extranjero y tiene mayor puntuaci\u00f3n por haber estudiado afuera y el hecho en Bolivia (\u2026); es importante apoyar nuestro hecho en Bolivia ya que es la \u00fanica forma en que vamos a mejorar y aumentar los empleos y vamos a hacer que nuestras industrias crezcan\u201d, finaliza Camacho.<\/p>\n<p>&nbsp;<\/p>","protected":false},"excerpt":{"rendered":"<p>El mercado laboral es cada vez m\u00e1s competitivo, obligando a las empresas a buscar profesionales con una actitud proactiva y el deseo de seguir aprendiendo, m\u00e1s all\u00e1 de solamente los conocimientos te\u00f3ricos s\u00f3lidos. <\/p>","protected":false},"author":50,"featured_media":677653,"comment_status":"open","ping_status":"open","sticky":false,"template":"","format":"standard","meta":{"_acf_changed":false,"footnotes":""},"categories":[60,6541,2858,1782],"tags":[2930,1566,1422,9974,242],"class_list":["post-677652","post","type-post","status-publish","format-standard","has-post-thumbnail","hentry","category-blog","category-empleo-es","category-innovacion-en-educacion","category-unifranz","tag-cnc","tag-empleo","tag-innovacion-en-educacion","tag-noticia-de-hoy","tag-unifranz"],"acf":[],"_links":{"self":[{"href":"https:\/\/unifranz.edu.bo\/pt\/wp-json\/wp\/v2\/posts\/677652","targetHints":{"allow":["GET"]}}],"collection":[{"href":"https:\/\/unifranz.edu.bo\/pt\/wp-json\/wp\/v2\/posts"}],"about":[{"href":"https:\/\/unifranz.edu.bo\/pt\/wp-json\/wp\/v2\/types\/post"}],"author":[{"embeddable":true,"href":"https:\/\/unifranz.edu.bo\/pt\/wp-json\/wp\/v2\/users\/50"}],"replies":[{"embeddable":true,"href":"https:\/\/unifranz.edu.bo\/pt\/wp-json\/wp\/v2\/comments?post=677652"}],"version-history":[{"count":2,"href":"https:\/\/unifranz.edu.bo\/pt\/wp-json\/wp\/v2\/posts\/677652\/revisions"}],"predecessor-version":[{"id":677655,"href":"https:\/\/unifranz.edu.bo\/pt\/wp-json\/wp\/v2\/posts\/677652\/revisions\/677655"}],"wp:featuredmedia":[{"embeddable":true,"href":"https:\/\/unifranz.edu.bo\/pt\/wp-json\/wp\/v2\/media\/677653"}],"wp:attachment":[{"href":"https:\/\/unifranz.edu.bo\/pt\/wp-json\/wp\/v2\/media?parent=677652"}],"wp:term":[{"taxonomy":"category","embeddable":true,"href":"https:\/\/unifranz.edu.bo\/pt\/wp-json\/wp\/v2\/categories?post=677652"},{"taxonomy":"post_tag","embeddable":true,"href":"https:\/\/unifranz.edu.bo\/pt\/wp-json\/wp\/v2\/tags?post=677652"}],"curies":[{"name":"wp","href":"https:\/\/api.w.org\/{rel}","templated":true}]}}