{"id":67723,"date":"2021-08-19T17:28:46","date_gmt":"2021-08-19T21:28:46","guid":{"rendered":"https:\/\/unifranz.edu.bo\/?p=67723"},"modified":"2021-08-19T20:06:52","modified_gmt":"2021-08-20T00:06:52","slug":"acuerdounifranztcb","status":"publish","type":"post","link":"https:\/\/unifranz.edu.bo\/pt\/noticias\/acuerdounifranztcb\/","title":{"rendered":"UNIFRANZ Y TRIBUNAL CONSTITUCIONAL DE BOLIVIA PROMUEVEN PROGRAMAS DE FORMACI\u00d3N ACAD\u00c9MICA"},"content":{"rendered":"<p>&nbsp;<\/p>\n<p><span style=\"color: #000000;\">Autoridades de UNIFRANZ y el Tribunal Constitucional Plurinacional (TCP) de Bolivia firmaron un acuerdo de cooperaci\u00f3n interinstitucional que impulsar\u00e1 acciones de colaboraci\u00f3n en el \u00e1rea acad\u00e9mica.<\/span><\/p>\n<p><span style=\"color: #000000;\">La r\u00fabrica del acuerdo se llev\u00f3 a efecto por el Vicerrector Nacional de Postgrado de UNIFRANZ, Dr. Emilio Evia, PhD, y el Magistrado del Tribunal Constitucional Plurinacional por el Departamento de Santa Cruz, MSc. Carlos Alberto Calder\u00f3n Medrano, con la presencia de otras autoridades de ambas instituciones, en las instalaciones de <a href=\"https:\/\/unifranz.edu.bo\/sedes\/santa-cruz\/\">UNIFRANZ Santa Cruz<\/a>.<\/span><\/p>\n<figure id=\"attachment_67725\" aria-describedby=\"caption-attachment-67725\" style=\"width: 300px\" class=\"wp-caption alignnone\"><img loading=\"lazy\" decoding=\"async\" class=\"size-medium wp-image-67725\" src=\"https:\/\/unifranz.edu.bo\/wp-content\/uploads\/2021\/08\/image013-300x201.jpg\" alt=\"Rubrica convenio.\" width=\"300\" height=\"201\" srcset=\"https:\/\/unifranz.edu.bo\/wp-content\/uploads\/2021\/08\/image013-300x201.jpg 300w, https:\/\/unifranz.edu.bo\/wp-content\/uploads\/2021\/08\/image013-18x12.jpg 18w, https:\/\/unifranz.edu.bo\/wp-content\/uploads\/2021\/08\/image013.jpg 392w\" sizes=\"auto, (max-width: 300px) 100vw, 300px\" \/><figcaption id=\"caption-attachment-67725\" class=\"wp-caption-text\">R\u00fabrica del acuerdo entre autoridades<\/figcaption><\/figure>\n<p><span style=\"color: #000000;\">El convenio, que tendr\u00e1 una vigencia de tres a\u00f1os, permitir\u00e1 la programaci\u00f3n, organizaci\u00f3n, desarrollo y ejecuci\u00f3n de programas de estudio de Pre y Posgrado; pasant\u00edas y pr\u00e1cticas profesionales en el \u00e1rea jur\u00eddica; cursos, diplomados, especialidades, maestr\u00edas y doctorados en calidad de programas acad\u00e9micos.<\/span><\/p>\n<p><span style=\"color: #000000;\">En virtud de esta alianza, las dos instituciones podr\u00e1n intercambiar publicaciones, trabajos de investigaci\u00f3n y cualquier tipo de materiales acad\u00e9micos que resulten de inter\u00e9s mutuo; as\u00ed como colaborar en proyectos de inter\u00e9s com\u00fan.<\/span><\/p>\n<p><span style=\"color: #000000;\">Sustentadas en el compromiso de fomentar la colaboraci\u00f3n y promoci\u00f3n de talento de clase mundial, ambas partes convinieron tambi\u00e9n en brindar apoyo a investigadores y estudiantes, adem\u00e1s de la colaboraci\u00f3n profesional en el dise\u00f1o y realizaci\u00f3n de cursos o posgrados.<\/span><\/p>\n<p><span style=\"color: #000000;\">Previo a la firma del convenio, el Vicerrector Nacional de Postgrado destac\u00f3 que es una gran satisfacci\u00f3n para UNIFRANZ \u201cpoder contar con el apoyo del Tribunal Constitucional Plurinacional para, a trav\u00e9s de estos acuerdos, lograr una actualizaci\u00f3n, una profesionalizaci\u00f3n y una especializaci\u00f3n de nuestros estudiantes\u201d.<\/span><\/p>\n<p><span style=\"color: #000000;\">Por su parte, el Magistrado del TCP subray\u00f3 que, a trav\u00e9s de la Academia Plurinacional de Estudios Constitucionales (APEC), adscrita al Tribunal, \u201cse podr\u00e1n desarrollar proyectos pedag\u00f3gicos, acad\u00e9micos y cient\u00edficos en el \u00e1rea del Derecho en general y del Derecho Procesal Constitucional en particular, y transversalmente, en los temas de administraci\u00f3n de justicia, razonamiento judicial y otros temas que el TCP utiliza y aborda para desarrollar su funci\u00f3n como guardi\u00e1n de la Constituci\u00f3n del Estado\u201d.<\/span><\/p>\n<p><span style=\"color: #000000;\">\u201cPara nosotros es un verdadero honor poder concretar este convenio marco interinstitucional, que esperamos sea de larga data, y que vayamos plasmando actividades concretas en una agenda de trabajo sistem\u00e1tica, para que podamos decantar en el enriquecimiento de los profesionales abogados del departamento de Santa Cruz\u201d, expres\u00f3.<\/span><\/p>\n<p>&nbsp;<\/p>\n<h6><span style=\"color: #000000;\"><strong>Sobre UNIFRANZ<\/strong><\/span><\/h6>\n<p><span style=\"color: #000000;\">La Universidad Privada Franz Tamayo \u2013 UNIFRANZ cumpli\u00f3 28 a\u00f1os de trayectoria en educaci\u00f3n superior y mantiene el compromiso de acompa\u00f1ar la evoluci\u00f3n de la sociedad en este mundo globalizado. Su actual modelo pedag\u00f3gico tiene un enfoque por competencias que se apoya en tres pilares: el saber, el saber hacer y el saber ser, a fin de formar profesionales con talento de clase mundial. Igualmente, UNIFRANZ considera vital la internacionalizaci\u00f3n en su visi\u00f3n de una universidad disruptiva y transformadora que apunta a cambiar el modelo educativo en Bolivia.<\/span><\/p>\n<p><span style=\"color: #000000;\">Cuenta con una infraestructura de m\u00e1s 65.000 metros cuadrados construidos en La Paz, El Alto, Cochabamba y Santa Cruz. Unifranz obtuvo la recertificaci\u00f3n de calidad ISO 9001:2015. Esta ecuaci\u00f3n resume el futuro de la educaci\u00f3n; donde convergen lo mejor del aprendizaje presencial y virtual, gracias a una innovadora sinergia entre el aprendizaje e-learning que recurre a clases virtuales en entornos sincr\u00f3nicos y asincr\u00f3nicos y el aprendizaje pr\u00e1ctico que se desarrolla en un entorno presencial equivalente al mundo laboral. La combinaci\u00f3n de aprendizajes permite potenciar las competencias que requiere un profesional de clase mundial.<\/span><\/p>\n<h6><span style=\"color: #000000;\"><strong>Sobre el Tribunal Constitucional Plurinacional (TCP) <\/strong><\/span><\/h6>\n<p><span style=\"color: #000000;\">El TCP es un \u00f3rgano jurisdiccional plurinacional independiente, al servicio de la sociedad, que imparte justicia constitucional eficiente y transparente, consolidando el Estado Constitucional de Derecho Plurinacional Auton\u00f3mico. Su misi\u00f3n es velar por la supremac\u00eda de la Constituci\u00f3n, ejerciendo el control plural de constitucionalidad para precautelar el respeto y la vigencia de los derechos y garant\u00edas constitucionales, en el marco de una justicia plural y descolonizadora, conforme a los principios y valores constitucionales.<\/span><\/p>","protected":false},"excerpt":{"rendered":"<p>&nbsp; Autoridades de UNIFRANZ y el Tribunal Constitucional Plurinacional (TCP) de Bolivia firmaron un acuerdo de cooperaci\u00f3n interinstitucional que impulsar\u00e1 acciones de colaboraci\u00f3n en el \u00e1rea acad\u00e9mica. La r\u00fabrica del acuerdo se llev\u00f3 a efecto por el Vicerrector Nacional de Postgrado de UNIFRANZ, Dr. Emilio Evia, PhD, y el Magistrado del Tribunal Constitucional Plurinacional por &hellip; <a href=\"https:\/\/unifranz.edu.bo\/pt\/noticias\/acuerdounifranztcb\/\">Continued<\/a><\/p>","protected":false},"author":27,"featured_media":67724,"comment_status":"open","ping_status":"open","sticky":false,"template":"","format":"standard","meta":{"_acf_changed":false,"footnotes":""},"categories":[60,35,454,1636,29,274],"tags":[1778,1166,1338,43,1776,242],"class_list":["post-67723","post","type-post","status-publish","format-standard","has-post-thumbnail","hentry","category-blog","category-carreras","category-convenios","category-investigacion","category-noticias","category-santa-cruz","tag-ciencias-juridicas","tag-convenio-interinstitucional","tag-postgrado-unifranz","tag-santa-cruz","tag-tribunal-constitucional-plurinacional-de-bolivia","tag-unifranz"],"acf":[],"_links":{"self":[{"href":"https:\/\/unifranz.edu.bo\/pt\/wp-json\/wp\/v2\/posts\/67723","targetHints":{"allow":["GET"]}}],"collection":[{"href":"https:\/\/unifranz.edu.bo\/pt\/wp-json\/wp\/v2\/posts"}],"about":[{"href":"https:\/\/unifranz.edu.bo\/pt\/wp-json\/wp\/v2\/types\/post"}],"author":[{"embeddable":true,"href":"https:\/\/unifranz.edu.bo\/pt\/wp-json\/wp\/v2\/users\/27"}],"replies":[{"embeddable":true,"href":"https:\/\/unifranz.edu.bo\/pt\/wp-json\/wp\/v2\/comments?post=67723"}],"version-history":[{"count":3,"href":"https:\/\/unifranz.edu.bo\/pt\/wp-json\/wp\/v2\/posts\/67723\/revisions"}],"predecessor-version":[{"id":67742,"href":"https:\/\/unifranz.edu.bo\/pt\/wp-json\/wp\/v2\/posts\/67723\/revisions\/67742"}],"wp:featuredmedia":[{"embeddable":true,"href":"https:\/\/unifranz.edu.bo\/pt\/wp-json\/wp\/v2\/media\/67724"}],"wp:attachment":[{"href":"https:\/\/unifranz.edu.bo\/pt\/wp-json\/wp\/v2\/media?parent=67723"}],"wp:term":[{"taxonomy":"category","embeddable":true,"href":"https:\/\/unifranz.edu.bo\/pt\/wp-json\/wp\/v2\/categories?post=67723"},{"taxonomy":"post_tag","embeddable":true,"href":"https:\/\/unifranz.edu.bo\/pt\/wp-json\/wp\/v2\/tags?post=67723"}],"curies":[{"name":"wp","href":"https:\/\/api.w.org\/{rel}","templated":true}]}}