{"id":676740,"date":"2024-11-22T21:40:43","date_gmt":"2024-11-23T01:40:43","guid":{"rendered":"https:\/\/unifranz.edu.bo\/?p=676740"},"modified":"2024-11-22T21:51:40","modified_gmt":"2024-11-23T01:51:40","slug":"tedx-unifranz-historias-de-exito-que-transforman-vidas","status":"publish","type":"post","link":"https:\/\/unifranz.edu.bo\/pt\/blog\/tedx-unifranz-historias-de-exito-que-transforman-vidas\/","title":{"rendered":"TEDx Unifranz: historias de \u00e9xito que transforman vidas"},"content":{"rendered":"<p>Cada voz tiene el poder de impactar, cada historia el poder de inspirar y cada idea el poder de transformar las vidas de quienes las escuchamos, encontrando en ellas una luz que nos gu\u00ede a perseguir nuestros sue\u00f1os. Bajo esta premisa, seis personalidades bolivianas compartir\u00e1n sus experiencias y logros para inspirar a los j\u00f3venes, en la cuarta versi\u00f3n del TEDx Unifranz.<\/p>\n<p>El TEDx Unifranz es un evento organizado por la Universidad Franz Tamayo, bajo la licencia de TED (acr\u00f3nimo de Tecnolog\u00eda, Entretenimiento, Dise\u00f1o). Busca difundir \u00abideas que valen la pena compartir\u00bb en la comunidad de l\u00edderes innovadores, emprendedores y referentes de diversos sectores.<\/p>\n<p>\u201cEste evento, no solo es un espacio para escuchar, es una invitaci\u00f3n para hacer una pausa, reflexionar, conectar y actuar. Es un espacio, para todos aquellos que quieren descubrir nuevas formas de pensar, nuevas formas de hacer las cosas y para quienes desean poner en pr\u00e1ctica esas ideas y esos pensamientos que tienen\u201d, expres\u00f3 el vicerrector de Unifranz La Paz, Pedro Saenz.<\/p>\n<p>En esta oportunidad, el TEDx Unifranz se llevar\u00e1 a cabo el 28 de noviembre, desde las 19:00 en el espacio Kuu Inti, ubicado en el Boulevard El Bosque de la zona de Calacoto en La Paz.<\/p>\n<p>Saenz agreg\u00f3 que estos espacios plantean nuevas ideas, nuevas formas de ver las cosas, son los espacios en los que podemos empezar a crear y a transformar nuestro mundo en un mundo diferente.<\/p>\n<p>La versi\u00f3n 2024 del TEDx Unifranz, llega con historias de vida del fot\u00f3grafo boliviano Tony Su\u00e1rez; \u00c1lvaro \u201cConejo\u201d Arce, m\u00fasico, productor, DJ y pionero de la m\u00fasica electr\u00f3nica en Bolivia; Susana Machicao,\u00a0comunicadora, dise\u00f1adora y gestora cultural y directora de la Bienal de Dise\u00f1o y Cartel Bolivia BICeB\u00e9; Grecia Bello, ingeniera electr\u00f3nica con visi\u00f3n social, experta en rob\u00f3tica industrial, investigadora Fabricademist\u00a0 y coordinadora del FabLab Santa Cruz y Milan M.A. Gonz\u00e1lez, poeta, corresponsal de guerra y periodista.<\/p>\n<p><strong>Historias que inspiran y transforman<\/strong><\/p>\n<p>Tony Su\u00e1rez comenta que, en su charla, hablar\u00e1 sobre su historia de vida, concentr\u00e1ndose en c\u00f3mo descubri\u00f3 su vocaci\u00f3n y el camino que sigui\u00f3 para hacer realidad sus aspiraciones, brindando un mensaje de perseverancia a los j\u00f3venes asistentes.<\/p>\n<p>\u201cCreo que el mensaje m\u00e1s importante que espero dejar en mi charla a los j\u00f3venes es que busquen su propio camino, se enfoquen en algo que les guste y les haga sentir bien, y eviten la frustraci\u00f3n en lo que hacen\u201d, afirm\u00f3.<\/p>\n<p>Susana Machicao, por su parte, espera inspirar a los j\u00f3venes a emocionarse por lo que hacen, buscando el camino de la pasi\u00f3n y perseverando en \u00e9l.<\/p>\n<p>\u201cVoy a hablar sobre un momento emotivo de mi infancia. Un momento que no sab\u00eda que marcar\u00eda el camino de mi profesi\u00f3n y mi forma de ver las cosas. Hablar\u00e9 de una persona muy importante para m\u00ed y c\u00f3mo ha moldeado mi car\u00e1cter, persistencia y forma de enfrentar los retos de mi profesi\u00f3n\u201d, destac\u00f3.<\/p>\n<p>Machicao agreg\u00f3 que el verdadero poder de las charlas del TEDx Unifranz es la comuni\u00f3n que se logra entre el speaker y la audiencia, con historias confesionales e \u00edntimas.<\/p>\n<p>\u201cEn estas charlas, las personas comparten sus experiencias de forma confesional e \u00edntima, lo que genera empat\u00eda y comuni\u00f3n. Los j\u00f3venes se beneficiar\u00e1n mucho, ya que podr\u00e1n escuchar a personas de diferentes ramas profesionales que han superado caminos dif\u00edciles o creativos para alcanzar sus metas. Los j\u00f3venes son los principales receptores de estas historias\u201d.<\/p>\n<p>Diferentes contextos e historias se unir\u00e1n esa noche, apunta Machicao, mostrando muchos caminos de inspiraci\u00f3n.<\/p>\n<p>\u201cLo m\u00e1s lindo de tener speakers diferentes en sus ramas y contenidos es encontrar esa misma l\u00ednea que une las experiencias y genera emotividad en quienes escuchan las historias. Esto puede ser una fuente de inspiraci\u00f3n o la soluci\u00f3n a un conflicto creativo que enfrentamos en nuestro trabajo\u201d, dijo.<\/p>\n<p>Para Grecia Bello, esta experiencia es una oportunidad de desbloquear potenciales ocultos, impulsando a los asistentes a ver dentro de ellos mismos y encontrar la fuerza necesaria para seguir su pasi\u00f3n.<\/p>\n<p>\u201cCreo que todos, a esta edad, nos preguntamos, \u00bfqu\u00e9 hago con mi vida ahora? Y buscamos ese prop\u00f3sito, lo cual no es f\u00e1cil. Les voy a dar un tip: escuchen a su alrededor, escuchen la densidad de la comunidad. Espero que mi historia y la de los dem\u00e1s ponentes les inspiren a analizarse, conocerse y encontrar ese impulso\u201d.<\/p>\n<p>La joven creadora agreg\u00f3 que ser\u00e1 interesante ver c\u00f3mo cada historia conecta con diferentes personas interesadas en diferentes campos, como la fotograf\u00eda, el dise\u00f1o, la gastronom\u00eda, la tecnolog\u00eda, el periodismo y la m\u00fasica.<\/p>\n<p>\u201cCada historia tiene una caracter\u00edstica que conectar\u00e1 con alguien, y todos nos sentiremos identificados. Encontraremos esas palabras que impulsan y reflexionan. Los invito a ser parte de esta experiencia muy grata y completa. Tenemos ponentes de diferentes \u00e1reas y, en mi caso, hablar\u00e9 de tecnolog\u00eda, c\u00f3mo impacta en las comunidades y c\u00f3mo fue mi camino, que no ha sido simple\u201d, acot\u00f3.<\/p>\n<p>Melina Uzqueda, estudiante de la carrera de Publicidad y Marketing, indic\u00f3 que las charlas que se llevar\u00e1n a cabo en este TEDx, servir\u00e1n a los asistentes de fuente de inspiraci\u00f3n y de conexi\u00f3n entre las experiencias de los speakers y los asistentes.<\/p>\n<p>\u201cEste evento nos ayudar\u00e1 a inspirarnos y crecer al conocer las historias y la manera de c\u00f3mo muchas personas han llegado a donde est\u00e1n. Son una inspiraci\u00f3n para los j\u00f3venes y estudiantes, d\u00e1ndoles esperanza de que un d\u00eda tambi\u00e9n puedan ser grandes e inspirar a otros\u201d, dijo.<\/p>\n<p>Con historias de \u00e9xito, ideas disruptivas y propuestas audaces, las seis voces que inspiran est\u00e1n transformando sus realidades y ahora asumen el reto de inspirar para transformar vidas.<\/p>","protected":false},"excerpt":{"rendered":"<p>Cada voz tiene el poder de impactar, cada historia el poder de inspirar y cada idea el poder de transformar las vidas de quienes las escuchamos, encontrando en ellas una luz que nos gu\u00ede a perseguir nuestros sue\u00f1os. Bajo esta premisa, seis personalidades bolivianas compartir\u00e1n sus experiencias y logros para inspirar a los j\u00f3venes, en &hellip; <a href=\"https:\/\/unifranz.edu.bo\/pt\/blog\/tedx-unifranz-historias-de-exito-que-transforman-vidas\/\">Continued<\/a><\/p>","protected":false},"author":45,"featured_media":676757,"comment_status":"open","ping_status":"open","sticky":false,"template":"","format":"standard","meta":{"_acf_changed":false,"footnotes":""},"categories":[60,1708,2386,5136,1782],"tags":[10403,10361,10314,1986,5230,9164,1422,10404,10402,4142,10390,242],"class_list":["post-676740","post","type-post","status-publish","format-standard","has-post-thumbnail","hentry","category-blog","category-innovacion","category-tedx","category-tedx-unifranz","category-unifranz","tag-alvaro-arce","tag-camila-lechin","tag-grecia-bello","tag-historias-de-exito","tag-historias-que-inspiran","tag-historias-que-valen-la-pena-contar","tag-innovacion-en-educacion","tag-milan-gonzales","tag-susana-machicao","tag-tedx-unifranz","tag-tony-suarez","tag-unifranz"],"acf":[],"_links":{"self":[{"href":"https:\/\/unifranz.edu.bo\/pt\/wp-json\/wp\/v2\/posts\/676740","targetHints":{"allow":["GET"]}}],"collection":[{"href":"https:\/\/unifranz.edu.bo\/pt\/wp-json\/wp\/v2\/posts"}],"about":[{"href":"https:\/\/unifranz.edu.bo\/pt\/wp-json\/wp\/v2\/types\/post"}],"author":[{"embeddable":true,"href":"https:\/\/unifranz.edu.bo\/pt\/wp-json\/wp\/v2\/users\/45"}],"replies":[{"embeddable":true,"href":"https:\/\/unifranz.edu.bo\/pt\/wp-json\/wp\/v2\/comments?post=676740"}],"version-history":[{"count":4,"href":"https:\/\/unifranz.edu.bo\/pt\/wp-json\/wp\/v2\/posts\/676740\/revisions"}],"predecessor-version":[{"id":676760,"href":"https:\/\/unifranz.edu.bo\/pt\/wp-json\/wp\/v2\/posts\/676740\/revisions\/676760"}],"wp:featuredmedia":[{"embeddable":true,"href":"https:\/\/unifranz.edu.bo\/pt\/wp-json\/wp\/v2\/media\/676757"}],"wp:attachment":[{"href":"https:\/\/unifranz.edu.bo\/pt\/wp-json\/wp\/v2\/media?parent=676740"}],"wp:term":[{"taxonomy":"category","embeddable":true,"href":"https:\/\/unifranz.edu.bo\/pt\/wp-json\/wp\/v2\/categories?post=676740"},{"taxonomy":"post_tag","embeddable":true,"href":"https:\/\/unifranz.edu.bo\/pt\/wp-json\/wp\/v2\/tags?post=676740"}],"curies":[{"name":"wp","href":"https:\/\/api.w.org\/{rel}","templated":true}]}}