{"id":67633,"date":"2021-08-19T14:51:25","date_gmt":"2021-08-19T18:51:25","guid":{"rendered":"https:\/\/unifranz.edu.bo\/?p=67633"},"modified":"2021-08-19T14:51:25","modified_gmt":"2021-08-19T18:51:25","slug":"pormiyportodos-unifranz-y-gamea-refuerzan-lucha-contra-el-covid-19","status":"publish","type":"post","link":"https:\/\/unifranz.edu.bo\/pt\/carreras\/pormiyportodos-unifranz-y-gamea-refuerzan-lucha-contra-el-covid-19\/","title":{"rendered":"#PORM\u00cdYPORTODOS: UNIFRANZ Y GAMEA REFUERZAN LUCHA CONTRA EL COVID-19"},"content":{"rendered":"<p><span style=\"color: #000000;\">UNIFRANZ y la Secretar\u00eda Municipal de Salud del Gobierno Municipal de El Alto sellaron una alianza interinstitucional de responsabilidad social que busca beneficiar a la poblaci\u00f3n de la urbe alte\u00f1a a trav\u00e9s de diferentes campa\u00f1as y programas de prevenci\u00f3n, promoci\u00f3n y sensibilizaci\u00f3n en temas de salud.<\/span><\/p>\n<p><span style=\"color: #000000;\">El trabajo interinstitucional iniciar\u00e1 la primera semana de septiembre con la campa\u00f1a denominada #PorM\u00edYPorTodos, que nace a partir de los componentes: visual y digital y cuenta con dos etapas: \u201cUna a trav\u00e9s de la difusi\u00f3n de mensajes gr\u00e1ficos y otra a trav\u00e9s de capacitaciones virtuales a la ciudadan\u00eda, cuyo objetivo ser\u00e1 el de generar conciencia y sensibilizar sobre la importancia y responsabilidad de cuidar nuestra salud y la de nuestras familias, principalmente en la lucha contra el COVID-19\u201d, explic\u00f3 Eve Gomez,\u00a0 vicerrectora de UNIFRANZ El Alto.<\/span><\/p>\n<p><span style=\"color: #000000;\">La primera etapa de la campa\u00f1a, dise\u00f1ada por Jes\u00fas Condori, estudiante destacado de la carrera de Dise\u00f1o Gr\u00e1fico y Producci\u00f3n Crossmedia de UNIFRANZ El Alto, bajo la coordinaci\u00f3n de su directora Paola Tavera, consiste en la promoci\u00f3n de diversos mensajes gr\u00e1ficos enfocados principalmente a generar conciencia, reflexi\u00f3n y acci\u00f3n en la sociedad, mediante la generaci\u00f3n de mensajes de impacto sobre la prevenci\u00f3n del COVID-19 y dar a conocer las herramientas de la profesi\u00f3n, con la finalidad de promover un cambio social. Se prev\u00e9 que estos puedan ser difundidos, en primera instancia, a trav\u00e9s de plataformas, redes sociales y medios digitales, y posteriormente ser impresos y colocados, con presupuesto de las autoridades de salud, en diversos lugares de la ciudad. \u00a0\u00a0\u00a0<\/span><\/p>\n<p><span style=\"color: #000000;\">Por otra parte, la carrera de Enfermer\u00eda, en coordinaci\u00f3n con la Secretar\u00eda Municipal de Salud, llevar\u00e1 adelante un ciclo de capacitaciones virtuales dirigidas a juntas vecinales de los 14 distritos del Municipio de El Alto, referidas a la prevenci\u00f3n del COVID-19 y otras enfermedades. Esta etapa tendr\u00e1 una duraci\u00f3n de dos meses y medio. Esta etapa se lleva adelante a trav\u00e9s de Milena Arroyo, directora de la carrera y el plantel docente que llevar\u00e1 adelante las capacitaciones.<\/span><\/p>","protected":false},"excerpt":{"rendered":"<p>UNIFRANZ y la Secretar\u00eda Municipal de Salud del Gobierno Municipal de El Alto sellaron una alianza interinstitucional de responsabilidad social que busca beneficiar a la poblaci\u00f3n de la urbe alte\u00f1a a trav\u00e9s de diferentes campa\u00f1as y programas de prevenci\u00f3n, promoci\u00f3n y sensibilizaci\u00f3n en temas de salud. El trabajo interinstitucional iniciar\u00e1 la primera semana de septiembre &hellip; <a href=\"https:\/\/unifranz.edu.bo\/pt\/carreras\/pormiyportodos-unifranz-y-gamea-refuerzan-lucha-contra-el-covid-19\/\">Continued<\/a><\/p>","protected":false},"author":25,"featured_media":67674,"comment_status":"open","ping_status":"open","sticky":false,"template":"","format":"standard","meta":{"_acf_changed":false,"footnotes":""},"categories":[60,35,454,302,45,1708],"tags":[414,47,603,376,1422],"class_list":["post-67633","post","type-post","status-publish","format-standard","has-post-thumbnail","hentry","category-blog","category-carreras","category-convenios","category-el-alto","category-eventos","category-innovacion","tag-diseno-grafico","tag-el-alto","tag-enfermeria","tag-gamea","tag-innovacion-en-educacion"],"acf":[],"_links":{"self":[{"href":"https:\/\/unifranz.edu.bo\/pt\/wp-json\/wp\/v2\/posts\/67633","targetHints":{"allow":["GET"]}}],"collection":[{"href":"https:\/\/unifranz.edu.bo\/pt\/wp-json\/wp\/v2\/posts"}],"about":[{"href":"https:\/\/unifranz.edu.bo\/pt\/wp-json\/wp\/v2\/types\/post"}],"author":[{"embeddable":true,"href":"https:\/\/unifranz.edu.bo\/pt\/wp-json\/wp\/v2\/users\/25"}],"replies":[{"embeddable":true,"href":"https:\/\/unifranz.edu.bo\/pt\/wp-json\/wp\/v2\/comments?post=67633"}],"version-history":[{"count":1,"href":"https:\/\/unifranz.edu.bo\/pt\/wp-json\/wp\/v2\/posts\/67633\/revisions"}],"predecessor-version":[{"id":67675,"href":"https:\/\/unifranz.edu.bo\/pt\/wp-json\/wp\/v2\/posts\/67633\/revisions\/67675"}],"wp:featuredmedia":[{"embeddable":true,"href":"https:\/\/unifranz.edu.bo\/pt\/wp-json\/wp\/v2\/media\/67674"}],"wp:attachment":[{"href":"https:\/\/unifranz.edu.bo\/pt\/wp-json\/wp\/v2\/media?parent=67633"}],"wp:term":[{"taxonomy":"category","embeddable":true,"href":"https:\/\/unifranz.edu.bo\/pt\/wp-json\/wp\/v2\/categories?post=67633"},{"taxonomy":"post_tag","embeddable":true,"href":"https:\/\/unifranz.edu.bo\/pt\/wp-json\/wp\/v2\/tags?post=67633"}],"curies":[{"name":"wp","href":"https:\/\/api.w.org\/{rel}","templated":true}]}}