{"id":673081,"date":"2024-11-20T21:37:56","date_gmt":"2024-11-21T01:37:56","guid":{"rendered":"https:\/\/unifranz.edu.bo\/?p=673081"},"modified":"2024-11-21T17:53:20","modified_gmt":"2024-11-21T21:53:20","slug":"tony-suarez-el-fotografo-del-illimani-testigo-de-olimpiadas-mundiales-y-lanzamientos-espaciales","status":"publish","type":"post","link":"https:\/\/unifranz.edu.bo\/pt\/blog\/tony-suarez-el-fotografo-del-illimani-testigo-de-olimpiadas-mundiales-y-lanzamientos-espaciales\/","title":{"rendered":"Tony Su\u00e1rez, el fot\u00f3grafo del Illimani que fue testigo de 5 olimpiadas, mundiales y lanzamientos espaciales"},"content":{"rendered":"<p>Por Manuel Filomeno<\/p>\n<p><span style=\"font-weight: 400;\">Sus ojos parecen estar constantemente sobre el visor de una c\u00e1mara, con la boina inclinada y media sonrisa, Tony Su\u00e1rez trata siempre de mantener el encuadre cuando mira una situaci\u00f3n o conversa con una persona, una habilidad que lo llev\u00f3 alrededor del mundo, atestiguando al menos cinco juegos ol\u00edmpicos, cinco mundiales y un lanzamiento espacial, memorias que atesora casi tanto como observar el Illimani cada ma\u00f1ana.<\/span><\/p>\n<p><span style=\"font-weight: 400;\">Su\u00e1rez se define como un fot\u00f3grafo apasionado nacido en Cochabamba, pero al final del d\u00eda, un boliviano de todas partes. \u201cMi padre es cochabambino, mi madre cruce\u00f1a, mis hijos pace\u00f1os y mi esposa de familia\u00a0 beniana. Por eso, mi amor por la fotograf\u00eda recorre todo el pa\u00eds\u201d.<\/span><\/p>\n<p><span style=\"font-weight: 400;\">Su c\u00e1mara lo ha llevado por todo el mundo, presenciando hechos hist\u00f3ricos, eventos deportivos, ciudades ocultas y paisajes majestuosos. Estas son algunas razones que lo llevan a compartir su historia en la charla TEDx Unifranz 2024, el pr\u00f3ximo 28 de noviembre en La Paz.<\/span><\/p>\n<p><span style=\"font-weight: 400;\">\u201cHe tenido la suerte de asistir a los primeros vuelos de transbordadores, cinco olimpiadas, cinco copas del mundo en f\u00fatbol y muchos otros eventos importantes, incluyendo transmisiones de mando presidencial en Estados Unidos. Tambi\u00e9n he viajado extensamente por Bolivia, explorando todos sus departamentos y, en La Paz, he podido observar y fotografiar al Illimani casi a diario\u201d, expresa.<\/span><\/p>\n<p><span style=\"font-weight: 400;\">Sus fotograf\u00edas fueron expuestas en La Paz, Santa Cruz, Nueva York, entre otras ciudades del mundo. Tuvo como profesores en el mundo de la fotograf\u00eda a Philip Halsman, Lisset Model, Leonard Freed en la School of Visual Arts de New York y a Neil Leifer como mentor.<\/span><\/p>\n<p>&nbsp;<\/p>\n<p><iframe loading=\"lazy\" title=\"YouTube video player\" src=\"https:\/\/www.youtube.com\/embed\/__Wc5zPiL1s?si=i_SyPSKmAJGX1Ky3\" width=\"560\" height=\"315\" frameborder=\"0\" allowfullscreen=\"allowfullscreen\"><\/iframe><\/p>\n<p><span style=\"font-weight: 400;\">Particip\u00f3 en varios libros de fotograf\u00eda entre los que se destacan, Illimani Santo, Salto al Futuro, La historia de la selecci\u00f3n en el Mundial USA 94, Entre \u00c1ngeles y diablos y Los Cimientos de La Paz, Tarija y Santa Cruz, entre otros m\u00e1s.<\/span><\/p>\n<p><span style=\"font-weight: 400;\">Su\u00e1rez descubri\u00f3 su gusto por la fotograf\u00eda mientras trabajaba como repartidor de correo interno en las oficinas de la empresa TIME Inc, que publicaba la prestigiosa revista Time entre otras publicaciones, despu\u00e9s de abandonar sus estudios (primero de ingenier\u00eda y luego de arquitectura entre otras carreras).<\/span><\/p>\n<p><span style=\"font-weight: 400;\">Su\u00e1rez cuenta que, en ese entonces, trabajando en la empresa editorial, se dispar\u00f3 su curiosidad por la fotograf\u00eda, sin embargo, en ese entonces \u00e9l no sab\u00eda nada de este arte.<\/span><\/p>\n<p><span style=\"font-weight: 400;\">\u201cAl principio me interes\u00e9 en la foto, fui a exposiciones, tom\u00e9 cursos y talleres, pero no sab\u00eda nada, me compre una c\u00e1mara Asahi Pentax y me puse a aprender\u201d.<\/span><\/p>\n<p><span style=\"font-weight: 400;\">Trabajando en TIME Inc., Tony persever\u00f3 hasta que un puesto se abri\u00f3 para \u00e9l en el laboratorio de fotograf\u00eda, donde continu\u00f3 aprendiendo y pudo conocer a los fot\u00f3grafos que trabajaban en el conglomerado de medios, con el tiempo, pas\u00f3 a ser asistente y pudo conocer, de primera mano, c\u00f3mo era el trabajo del fot\u00f3grafo, algo que le tom\u00f3 m\u00e1s de 10 a\u00f1os.<\/span><\/p>\n<p><span style=\"font-weight: 400;\">\u201cComenc\u00e9 mi carrera en TIME Inc., trabajando primero en el laboratorio y luego en el departamento de noticias, ah\u00ed me qued\u00e9 20 a\u00f1os, tomando fotos para varias de sus publicaciones.\u00a0 Tras regresar a Bolivia, continu\u00e9 mi carrera durante m\u00e1s de 30 a\u00f1os m\u00e1s, fotografiando una amplia variedad de eventos y trabajando tanto de manera independiente como con diversos medios, desde la prensa hasta el arte\u201d, recuerda.<\/span><\/p>\n<p><span style=\"font-weight: 400;\">Esa sensibilidad art\u00edstica lo impuls\u00f3 a retratar al Illimani casi diariamente por cerca de 4 a\u00f1os, preparando \u201cIllimani Santo\u201d, una colecci\u00f3n que homenajea al guardi\u00e1n de La Paz en todas sus facetas.<\/span><\/p>\n<p><span style=\"font-weight: 400;\">\u201cLa Paz no ser\u00eda La Paz sin \u00e9l, es el que nos cuida, nuestro \u00e1ngel guardi\u00e1n. He fotografiado el Illimani casi a diario por mucho tiempo y sigo fotografi\u00e1ndolo y nunca es igual, eso me inspir\u00f3 a hacer un libro sobre \u00e9l\u201d, dice.<\/span><\/p>\n<p><span style=\"font-weight: 400;\">El libro de fotograf\u00edas Illimani Santo fue impreso en un gran formato y es posiblemente el libro de fotograf\u00eda m\u00e1s grande hecho en Bolivia: abierto mide 1 metro por 36 cent\u00edmetros. Por esta raz\u00f3n, solo se imprimieron 500 ejemplares numerados y firmados por el artista.\u00a0<\/span><\/p>\n<p><span style=\"font-weight: 400;\">\u201cEl Illimani es tan majestuoso que no pod\u00eda ser impreso en un formato menor. El Illimani es La Paz y este libro es la convivencia que todos tenemos\u201d, explica Su\u00e1rez.<\/span><\/p>\n<p><b>Un trabajo constante<\/b><\/p>\n<p><span style=\"font-weight: 400;\">Para Su\u00e1rez, la fotograf\u00eda ha sido una pasi\u00f3n desde que la descubri\u00f3.\u00a0<\/span><\/p>\n<p><span style=\"font-weight: 400;\">\u201cMi objetivo siempre ha sido ser fot\u00f3grafo, y dediqu\u00e9 m\u00e1s de 10 a\u00f1os a alcanzar este sue\u00f1o. 10 a\u00f1os de trabajo antes de poder llamarme a mi mismo fot\u00f3grafo. Defino la fotograf\u00eda como un trabajo constante que requiere constancia y dedicaci\u00f3n, donde el \u00e9xito es un 2% inspiraci\u00f3n y un 98% esfuerzo\u201d, expresa.<\/span><\/p>\n<p><span style=\"font-weight: 400;\">Por esta raz\u00f3n, el fot\u00f3grafo anima a los j\u00f3venes a dedicarse plenamente a su pasi\u00f3n, sea cual sea \u00e9sta, comparando esta dedicaci\u00f3n con la de un cura que se convierte en predicador.\u00a0<\/span><\/p>\n<p><span style=\"font-weight: 400;\">\u201cInsisto en la importancia de la constancia y el trabajo diario para alcanzar el \u00e9xito\u201d, agrega.<\/span><\/p>\n<p><span style=\"font-weight: 400;\">Este consejo cobra mucho sentido para Su\u00e1rez, que considera que dedicarse a la fotograf\u00eda es un camino lleno de obst\u00e1culos, pero que intentarlo vale la pena completamente.<\/span><\/p>\n<p><span style=\"font-weight: 400;\">\u201cReconozco que vivir de la fotograf\u00eda en Bolivia es muy dif\u00edcil, pero admiro a quienes lo logran por su amor y dedicaci\u00f3n. Considero que estos fot\u00f3grafos tienen un gran valor y destacan por su pasi\u00f3n. Deseo que los j\u00f3venes aprendan la importancia de tener un objetivo claro y luchar por alcanzarlo, manteniendo siempre su meta en mente, sin importar los desaf\u00edos\u201d, finaliza.<\/span><\/p>\n<p><span style=\"font-weight: 400;\">Antonio Suarez Weise, m\u00e1s conocido como Tonny Suarez, ser\u00e1 speaker del TEDx Unifranz 2024, una iniciativa de la Universidad Franz Tamayo. Junto a Su\u00e1rez estar\u00e1n\u00a0 \u00c1lvaro \u201cConejo\u201d Arce, m\u00fasico, productor, DJ y pionero de la m\u00fasica electr\u00f3nica en Bolivia; Susana Machicao,\u00a0 comunicadora, dise\u00f1adora y gestora cultural y directora de la Bienal de Dise\u00f1o y Cartel Bolivia BICeB\u00e9; Grecia Bello, ingeniera electr\u00f3nica con visi\u00f3n social, experta en rob\u00f3tica industrial, investigadora Fabricademist\u00a0 y coordinadora del FabLab Santa Cruz y Milan M.A. Gonz\u00e1lez, poeta, corresponsal de guerra y periodista.<\/span><\/p>\n<p><span style=\"font-weight: 400;\">Por cuarto a\u00f1o consecutivo Unifranz impulsa la iniciativa.\u00a0 \u201cCreemos en el poder de las palabras para transformar vidas, por ello impulsamos las charlas TEDx Unifranz, como un escenario de reflexi\u00f3n, debate, co-creaci\u00f3n de futuros y desarrollo del pensamiento cr\u00edtico. Este tipo de espacios son imprescindibles en estos tiempos de incertidumbre\u00a0 para inspirar y juntos\u00a0 construir un mundo mejor\u201d, asegura Ver\u00f3nica \u00c1greda, rectora de la casa de estudios superiores.<\/span><\/p>","protected":false},"excerpt":{"rendered":"<p>Por Manuel Filomeno Sus ojos parecen estar constantemente sobre el visor de una c\u00e1mara, con la boina inclinada y media sonrisa, Tony Su\u00e1rez trata siempre de mantener el encuadre cuando mira una situaci\u00f3n o conversa con una persona, una habilidad que lo llev\u00f3 alrededor del mundo, atestiguando al menos cinco juegos ol\u00edmpicos, cinco mundiales y &hellip; <a href=\"https:\/\/unifranz.edu.bo\/pt\/blog\/tony-suarez-el-fotografo-del-illimani-testigo-de-olimpiadas-mundiales-y-lanzamientos-espaciales\/\">Continued<\/a><\/p>","protected":false},"author":45,"featured_media":673084,"comment_status":"open","ping_status":"open","sticky":false,"template":"","format":"standard","meta":{"_acf_changed":false,"footnotes":""},"categories":[60,2386,5136,1782],"tags":[10392,4466,9972,5230,1422,10391,10390,242],"class_list":["post-673081","post","type-post","status-publish","format-standard","has-post-thumbnail","hentry","category-blog","category-tedx","category-tedx-unifranz","category-unifranz","tag-charlas-tedx","tag-fotografo","tag-historias-de-bolivia","tag-historias-que-inspiran","tag-innovacion-en-educacion","tag-tedx-unifranz-2024","tag-tony-suarez","tag-unifranz"],"acf":[],"_links":{"self":[{"href":"https:\/\/unifranz.edu.bo\/pt\/wp-json\/wp\/v2\/posts\/673081","targetHints":{"allow":["GET"]}}],"collection":[{"href":"https:\/\/unifranz.edu.bo\/pt\/wp-json\/wp\/v2\/posts"}],"about":[{"href":"https:\/\/unifranz.edu.bo\/pt\/wp-json\/wp\/v2\/types\/post"}],"author":[{"embeddable":true,"href":"https:\/\/unifranz.edu.bo\/pt\/wp-json\/wp\/v2\/users\/45"}],"replies":[{"embeddable":true,"href":"https:\/\/unifranz.edu.bo\/pt\/wp-json\/wp\/v2\/comments?post=673081"}],"version-history":[{"count":5,"href":"https:\/\/unifranz.edu.bo\/pt\/wp-json\/wp\/v2\/posts\/673081\/revisions"}],"predecessor-version":[{"id":676476,"href":"https:\/\/unifranz.edu.bo\/pt\/wp-json\/wp\/v2\/posts\/673081\/revisions\/676476"}],"wp:featuredmedia":[{"embeddable":true,"href":"https:\/\/unifranz.edu.bo\/pt\/wp-json\/wp\/v2\/media\/673084"}],"wp:attachment":[{"href":"https:\/\/unifranz.edu.bo\/pt\/wp-json\/wp\/v2\/media?parent=673081"}],"wp:term":[{"taxonomy":"category","embeddable":true,"href":"https:\/\/unifranz.edu.bo\/pt\/wp-json\/wp\/v2\/categories?post=673081"},{"taxonomy":"post_tag","embeddable":true,"href":"https:\/\/unifranz.edu.bo\/pt\/wp-json\/wp\/v2\/tags?post=673081"}],"curies":[{"name":"wp","href":"https:\/\/api.w.org\/{rel}","templated":true}]}}