{"id":672520,"date":"2024-11-17T22:28:58","date_gmt":"2024-11-18T02:28:58","guid":{"rendered":"https:\/\/unifranz.edu.bo\/?p=672520"},"modified":"2024-11-17T22:28:58","modified_gmt":"2024-11-18T02:28:58","slug":"cambio-climatico-propicia-auge-de-enfermedades-tropicales-desatendidas","status":"publish","type":"post","link":"https:\/\/unifranz.edu.bo\/pt\/blog\/cambio-climatico-propicia-auge-de-enfermedades-tropicales-desatendidas\/","title":{"rendered":"Cambio clim\u00e1tico propicia auge de enfermedades tropicales desatendidas"},"content":{"rendered":"<p><em>Por Manuel Filomeno<\/em><\/p>\n<p><span style=\"font-weight: 400;\">Alrededor del mundo, la deforestaci\u00f3n y el cambio clim\u00e1tico han propiciado la propagaci\u00f3n de las enfermedades tropicales desatendidas (ETD), un grupo de padecimientos que afectan a m\u00e1s de 1.000 millones de personas.<\/span><\/p>\n<p><span style=\"font-weight: 400;\">La Organizaci\u00f3n Mundial de la Salud (OMS) describe las ETD como enfermedades causadas por pat\u00f3genos como virus, bacterias, par\u00e1sitos, hongos y toxinas, con consecuencias sanitarias, sociales y econ\u00f3micas devastadoras. Estas enfermedades, entre las que destacan patolog\u00edas como la malaria, el dengue, el zika, chikungunya o la leishmaniasis, son, en su mayor\u00eda, tratables.<\/span><\/p>\n<p><span style=\"font-weight: 400;\">Fernando Siles, docente de la carrera de Medicina de la Universidad Franz Tamayo, Unifranz, explica que, en Bolivia, estas enfermedades se presentan principalmente durante la temporada de lluvias.<\/span><\/p>\n<p><span style=\"font-weight: 400;\">\u201cPor ejemplo, en Cochabamba, es com\u00fan la aparici\u00f3n de enfermedades respiratorias, como resfriados y gripes, debido al aumento de la humedad. Tambi\u00e9n se pueden presentar enfermedades transmitidas por mosquitos, como el dengue y la malaria, debido a la proliferaci\u00f3n de estos insectos en los criaderos de agua estancada, particularmente en la regi\u00f3n del Chapare\u201d, explica el m\u00e9dico.<\/span><\/p>\n<p><span style=\"font-weight: 400;\">Seg\u00fan Siles, en esta \u00e9poca, algunas enfermedades pueden ser estacionales, es decir, que ocurren con mayor frecuencia s\u00f3lo en este per\u00edodo del a\u00f1o debido a las condiciones clim\u00e1ticas. Sin embargo, tambi\u00e9n existen enfermedades que son end\u00e9micas, lo que significa que est\u00e1n presentes de manera constante en una determinada \u00e1rea geogr\u00e1fica.<\/span><\/p>\n<p><span style=\"font-weight: 400;\">\u201cEn el caso de Bolivia, algunas enfermedades transmitidas por mosquitos, como el dengue y la malaria, pueden ser tanto estacionales como end\u00e9micas, dependiendo de la regi\u00f3n. Estas enfermedades pueden aumentar durante la temporada de lluvias debido a la proliferaci\u00f3n de mosquitos en los criaderos de agua estancada\u201d, puntualiza el acad\u00e9mico.<\/span><\/p>\n<p><span style=\"font-weight: 400;\">El informe \u00ab<\/span><i><span style=\"font-weight: 400;\">Quantifying the Impact of Climate Change on Human Health<\/span><\/i><span style=\"font-weight: 400;\">\u00bb del Foro Econ\u00f3mico Mundial (WEF), publicado en enero de 2024, explora los v\u00ednculos entre la crisis clim\u00e1tica y la salud. El cambio clim\u00e1tico impacta profundamente en la salud global, afectando el suministro de agua dulce, aumentando enfermedades infecciosas y la contaminaci\u00f3n del aire. Se estima que para 2050 habr\u00e1 14,5 millones de muertes relacionadas con el clima y un aumento de problemas de salud p\u00fablica, como enfermedades infecciosas no transmisibles y mentales.<\/span><\/p>\n<p><span style=\"font-weight: 400;\">El aumento de temperaturas podr\u00eda incrementar la poblaci\u00f3n de mosquitos, incrementando enfermedades como la malaria, el dengue y el Zika, exponiendo a 500 millones de personas m\u00e1s.\u00a0<\/span><\/p>\n<p><span style=\"font-weight: 400;\">Ante esta situaci\u00f3n, el Foro insta a soluciones como sistemas de alerta temprana, inversi\u00f3n en I+D innovadores e incentivos econ\u00f3micos para sistemas sanitarios m\u00e1s resilientes.<\/span><\/p>\n<p><span style=\"font-weight: 400;\">El WEF tambi\u00e9n se\u00f1ala que, en 2024, m\u00e1s de 300 organizaciones de gobiernos, academias y sectores privados apoyaron el D\u00eda de las Enfermedades Tropicales Desatendidas, establecido por la OMS el 30 de enero de cada a\u00f1o. Estas enfermedades tambi\u00e9n estuvieron en la agenda de la COP28 en 2023, y se espera que tengan un papel destacado en la COP29. La OMS y la Fundaci\u00f3n Bill &amp; Melinda Gates se comprometieron a destinar 777 millones de d\u00f3lares para programas y tratamientos esenciales contra las ETD, investigaci\u00f3n e innovaci\u00f3n, y fortalecimiento de sistemas de salud.<\/span><\/p>\n<h2><b>C\u00f3mo prevenir enfermedades en esta temporada<\/b><\/h2>\n<p><span style=\"font-weight: 400;\">Para prevenir enfermedades durante la temporada de lluvias, Siles recomienda seguir las siguientes medidas:<\/span><\/p>\n<ul>\n<li style=\"font-weight: 400;\" aria-level=\"1\"><span style=\"font-weight: 400;\">Mantener una buena higiene personal, lav\u00e1ndose las manos con frecuencia y utilizando desinfectante de manos cuando no sea posible lavarlas con agua y jab\u00f3n.<\/span><\/li>\n<li style=\"font-weight: 400;\" aria-level=\"1\"><span style=\"font-weight: 400;\">Evitar el contacto con agua estancada y eliminar los posibles criaderos de mosquitos en el entorno, como recipientes con agua acumulada.<\/span><\/li>\n<li style=\"font-weight: 400;\" aria-level=\"1\"><span style=\"font-weight: 400;\">Protegerse de los mosquitos utilizando repelente, ropa de manga larga y pantalones largos, y colocando mosquiteros en las ventanas y puertas.<\/span><\/li>\n<li style=\"font-weight: 400;\" aria-level=\"1\"><span style=\"font-weight: 400;\">Evitar el consumo de agua no potable y asegurarse de que las fuentes de agua est\u00e9n adecuadamente tratadas.<\/span><\/li>\n<li style=\"font-weight: 400;\" aria-level=\"1\"><span style=\"font-weight: 400;\">Mantener una buena ventilaci\u00f3n en los espacios cerrados para reducir la humedad y prevenir la proliferaci\u00f3n de microorganismos.<\/span><\/li>\n<li style=\"font-weight: 400;\" aria-level=\"1\"><span style=\"font-weight: 400;\">Vacunarse seg\u00fan las recomendaciones de las autoridades sanitarias.<\/span><\/li>\n<\/ul>\n<p><span style=\"font-weight: 400;\">Siles enfatiza sobre la necesidad de mantener una estricta higiene personal y del entorno, buscar atenci\u00f3n m\u00e9dica de manera temprana, participar en campa\u00f1as educativas comunitarias y colaborar estrechamente con las autoridades de salud.<\/span><\/p>\n<p><span style=\"font-weight: 400;\">Otra medida de seguridad que se puede adoptar es la protecci\u00f3n personal durante actividades al aire libre, incluyendo el cambio de ropa en caso de mojarse despu\u00e9s de realizar alguna actividad.<\/span><\/p>","protected":false},"excerpt":{"rendered":"<p>El cambio clim\u00e1tico impulsa la propagaci\u00f3n de enfermedades tropicales desatendidas, como el dengue y la malaria. Conoce c\u00f3mo prevenirlas.<\/p>","protected":false},"author":50,"featured_media":672521,"comment_status":"open","ping_status":"open","sticky":false,"template":"","format":"standard","meta":{"_acf_changed":false,"footnotes":""},"categories":[60,1946,1878,1782],"tags":[420,10378,1422,49,9974,124,242,9879],"class_list":["post-672520","post","type-post","status-publish","format-standard","has-post-thumbnail","hentry","category-blog","category-medicina","category-salud","category-unifranz","tag-cambio-climatico","tag-enfermedades-tropicales-desatendidas","tag-innovacion-en-educacion","tag-medicina","tag-noticia-de-hoy","tag-salud","tag-unifranz","tag-wef"],"acf":[],"_links":{"self":[{"href":"https:\/\/unifranz.edu.bo\/pt\/wp-json\/wp\/v2\/posts\/672520","targetHints":{"allow":["GET"]}}],"collection":[{"href":"https:\/\/unifranz.edu.bo\/pt\/wp-json\/wp\/v2\/posts"}],"about":[{"href":"https:\/\/unifranz.edu.bo\/pt\/wp-json\/wp\/v2\/types\/post"}],"author":[{"embeddable":true,"href":"https:\/\/unifranz.edu.bo\/pt\/wp-json\/wp\/v2\/users\/50"}],"replies":[{"embeddable":true,"href":"https:\/\/unifranz.edu.bo\/pt\/wp-json\/wp\/v2\/comments?post=672520"}],"version-history":[{"count":1,"href":"https:\/\/unifranz.edu.bo\/pt\/wp-json\/wp\/v2\/posts\/672520\/revisions"}],"predecessor-version":[{"id":672522,"href":"https:\/\/unifranz.edu.bo\/pt\/wp-json\/wp\/v2\/posts\/672520\/revisions\/672522"}],"wp:featuredmedia":[{"embeddable":true,"href":"https:\/\/unifranz.edu.bo\/pt\/wp-json\/wp\/v2\/media\/672521"}],"wp:attachment":[{"href":"https:\/\/unifranz.edu.bo\/pt\/wp-json\/wp\/v2\/media?parent=672520"}],"wp:term":[{"taxonomy":"category","embeddable":true,"href":"https:\/\/unifranz.edu.bo\/pt\/wp-json\/wp\/v2\/categories?post=672520"},{"taxonomy":"post_tag","embeddable":true,"href":"https:\/\/unifranz.edu.bo\/pt\/wp-json\/wp\/v2\/tags?post=672520"}],"curies":[{"name":"wp","href":"https:\/\/api.w.org\/{rel}","templated":true}]}}