{"id":671857,"date":"2024-11-15T22:15:08","date_gmt":"2024-11-16T02:15:08","guid":{"rendered":"https:\/\/unifranz.edu.bo\/?p=671857"},"modified":"2024-11-15T22:15:08","modified_gmt":"2024-11-16T02:15:08","slug":"pensamiento-no-lineal-una-herramienta-para-solucionar-los-problemas-actuales-y-futuros","status":"publish","type":"post","link":"https:\/\/unifranz.edu.bo\/pt\/blog\/pensamiento-no-lineal-una-herramienta-para-solucionar-los-problemas-actuales-y-futuros\/","title":{"rendered":"Pensamiento no lineal, una herramienta para solucionar los problemas actuales y futuros"},"content":{"rendered":"<p><span style=\"font-weight: 400;\">Todo est\u00e1 interconectado. Los problemas son redes de interacciones con consecuencias a largo plazo y el pensamiento de causa-efecto no basta para entender y solucionar estos problemas de manera inteligente. Enfrentar los problemas actuales y futuros requiere un pensamiento sist\u00e9mico y no lineal, que considere todas las interacciones y consecuencias a largo plazo.<\/span><\/p>\n<p><span style=\"font-weight: 400;\">\u201cEs crucial adoptar un enfoque sist\u00e9mico, donde todo est\u00e1 interconectado y tiene una finalidad. El pensamiento causa-efecto solo sirve para problemas simples, pero no para los complejos de hoy en d\u00eda. En la actualidad y en el futuro, debemos considerar la interconexi\u00f3n de factores para evitar que nuestras soluciones creen nuevos problemas. Un enfoque sist\u00e9mico no lineal es clave para entender las consecuencias a largo plazo de nuestras intervenciones y pol\u00edticas p\u00fablicas, proporcionando soluciones m\u00e1s robustas\u201d, se\u00f1ala Karelys Abarca, directora de Comunicaciones de la Red Iberoamericana de Prospectiva (RIBER).<\/span><\/p>\n<p><span style=\"font-weight: 400;\">Abarca particip\u00f3 en el Futures Week, organizado por la Universidad Franz Tamayo, Unifranz, que reuni\u00f3 a una treintena de expertos nacionales e internacionales con m\u00e1s de un millar de j\u00f3venes de El Alto y Cochabamba, con el objetivo de desarrollar estrategias y planes para las ciudades del futuro.<\/span><\/p>\n<p><span style=\"font-weight: 400;\">La investigadora indica que el pensamiento no lineal es aquel que integra la relaci\u00f3n exponencial de los acontecimientos en la previsi\u00f3n del futuro, tomando en cuenta las diferentes facetas e interacciones de los problemas tratados.<\/span><\/p>\n<p><span style=\"font-weight: 400;\">Es decir, que busca soluciones integrales que busquen la ra\u00edz y la manera en la que el problema a tratar se interconecta con otros, buscando formulas que no solo resuelvan los problemas de manera completa, sino que no causen mayor da\u00f1o.<\/span><\/p>\n<p><span style=\"font-weight: 400;\">Apunta, tambi\u00e9n, que no existen soluciones f\u00e1ciles y r\u00e1pidas para los problemas del mundo, ya que estos tienen muchos puntos de conflicto con otros problemas, por lo que es importante pensar en bucles o c\u00edrculos.<\/span><\/p>\n<p><span style=\"font-weight: 400;\">\u201cDebemos pasar del pensamiento lineal que nos ense\u00f1aron, a un pensamiento de interacci\u00f3n circular, donde una causa puede ser tanto un efecto como causa de muchos otros efectos. Si no adoptamos esta mentalidad, nuestras soluciones nunca ser\u00e1n completas.<\/span><\/p>\n<p><span style=\"font-weight: 400;\">Por ejemplo, puntualiza la experta, el cambio clim\u00e1tico es un problema complejo y sist\u00e9mico que no puede abordarse con soluciones lineales. Promover los biocombustibles como alternativa a los combustibles f\u00f3siles puede reducir las emisiones a corto plazo, pero su producci\u00f3n requiere grandes cantidades de tierra y agua, agravando otros problemas ambientales.\u00a0<\/span><\/p>\n<p><span style=\"font-weight: 400;\">Del mismo modo, resolver la congesti\u00f3n del tr\u00e1fico con m\u00e1s carreteras genera m\u00e1s demanda de veh\u00edculos, perpetuando el problema a largo plazo.<\/span><\/p>\n<p><span style=\"font-weight: 400;\">Un desaf\u00edo de implementar el pensamiento sist\u00e9mico es entender la complejidad como una red de interconexiones.\u00a0<\/span><\/p>\n<p><span style=\"font-weight: 400;\">\u201cTodos los sistemas son abiertos y forman parte de otros sistemas, por lo que es necesario considerar los efectos a largo plazo en un mundo que a menudo busca soluciones r\u00e1pidas. Las soluciones verdaderas son colaborativas entre diferentes sectores y disciplinas, enfoc\u00e1ndose en la gobernanza y enfrentando la resistencia al cambio con soluciones inteligentes\u201d, se\u00f1ala la comunicadora.<\/span><\/p>\n<p><span style=\"font-weight: 400;\">Existen ejemplos exitosos de pensamiento sist\u00e9mico, como el abordaje del SIDA o VIH con un enfoque integral que ha reducido significativamente las infecciones. Tambi\u00e9n se han enfrentado a la p\u00e9rdida de biodiversidad y la transformaci\u00f3n de ciudades insostenibles en sostenibles.\u00a0<\/span><\/p>\n<p><span style=\"font-weight: 400;\">Estos casos muestran la importancia de pensar en c\u00edrculo y de manera no lineal, considerando los patrones recurrentes y ubicando los puntos de apalancamiento para intervenciones efectivas.<\/span><\/p>\n<h2><b>Arquetipos del pensamiento lineal<\/b><\/h2>\n<p><span style=\"font-weight: 400;\">Abarca se\u00f1ala que muchas veces, las personas caen en ciertos arquetipos (modelos primarios) de pensamiento lineal, los cuales no nos permiten avanzar en soluciones integrales.<\/span><\/p>\n<p><span style=\"font-weight: 400;\">El arquetipo del \u00abl\u00edmite de crecimiento\u00bb describe situaciones donde el crecimiento inicial parece exponencial, pero se estabiliza y decrece debido a recursos limitados.\u00a0<\/span><\/p>\n<p><span style=\"font-weight: 400;\">\u201cUn ejemplo es el impacto del cambio clim\u00e1tico en el desarrollo industrial, donde la capacidad del planeta para absorber gases de efecto invernadero impone l\u00edmites al crecimiento econ\u00f3mico\u201d, puntualiza.\u00a0<\/span><\/p>\n<p><span style=\"font-weight: 400;\">Otro arquetipo es el \u00abdesplazamiento de carga\u00bb, donde una soluci\u00f3n a corto plazo alivia s\u00edntomas sin abordar la causa ra\u00edz, empeorando la situaci\u00f3n a largo plazo. Un ejemplo es el uso excesivo de antibi\u00f3ticos en salud y ganader\u00eda, que desarrolla resistencia bacteriana.<\/span><\/p>\n<p><span style=\"font-weight: 400;\">Un tercer arquetipo es la \u00abtragedia de los comunes\u00bb ocurre cuando m\u00faltiples actores sobreexplotan un recurso com\u00fan, llev\u00e1ndolo al agotamiento y perjudicando a todos. Un ejemplo es la sobrepesca en los oc\u00e9anos, que amenaza la sostenibilidad de las pesquer\u00edas y la salud del oc\u00e9ano, vital para capturar carbono y producir ox\u00edgeno.<\/span><\/p>\n<p><span style=\"font-weight: 400;\">\u201cEn conclusi\u00f3n, es crucial reconocer estos arquetipos sist\u00e9micos y pensar de manera no lineal para desarrollar estrategias integrales y sostenibles. Esto nos permitir\u00e1 mejorar el rendimiento en organizaciones, la salud p\u00fablica, la sostenibilidad ambiental y la calidad de vida a largo plazo. Al pensar en bucles de retroalimentaci\u00f3n positiva, podemos generar efectos exponenciales beneficiosos, mientras que los bucles de retroalimentaci\u00f3n negativa act\u00faan como termostatos que estabilizan los fen\u00f3menos\u201d, concluye la experta.<\/span><\/p>","protected":false},"excerpt":{"rendered":"<p>Descubre el poder del pensamiento no lineal: soluciones sostenibles a problemas complejos mediante un enfoque sist\u00e9mico e integral.<\/p>","protected":false},"author":50,"featured_media":671858,"comment_status":"open","ping_status":"open","sticky":false,"template":"","format":"standard","meta":{"_acf_changed":false,"footnotes":""},"categories":[60,2472,1782],"tags":[10196,1422,9974,242],"class_list":["post-671857","post","type-post","status-publish","format-standard","has-post-thumbnail","hentry","category-blog","category-futures-week","category-unifranz","tag-futures-week-2024","tag-innovacion-en-educacion","tag-noticia-de-hoy","tag-unifranz"],"acf":[],"_links":{"self":[{"href":"https:\/\/unifranz.edu.bo\/pt\/wp-json\/wp\/v2\/posts\/671857","targetHints":{"allow":["GET"]}}],"collection":[{"href":"https:\/\/unifranz.edu.bo\/pt\/wp-json\/wp\/v2\/posts"}],"about":[{"href":"https:\/\/unifranz.edu.bo\/pt\/wp-json\/wp\/v2\/types\/post"}],"author":[{"embeddable":true,"href":"https:\/\/unifranz.edu.bo\/pt\/wp-json\/wp\/v2\/users\/50"}],"replies":[{"embeddable":true,"href":"https:\/\/unifranz.edu.bo\/pt\/wp-json\/wp\/v2\/comments?post=671857"}],"version-history":[{"count":1,"href":"https:\/\/unifranz.edu.bo\/pt\/wp-json\/wp\/v2\/posts\/671857\/revisions"}],"predecessor-version":[{"id":671859,"href":"https:\/\/unifranz.edu.bo\/pt\/wp-json\/wp\/v2\/posts\/671857\/revisions\/671859"}],"wp:featuredmedia":[{"embeddable":true,"href":"https:\/\/unifranz.edu.bo\/pt\/wp-json\/wp\/v2\/media\/671858"}],"wp:attachment":[{"href":"https:\/\/unifranz.edu.bo\/pt\/wp-json\/wp\/v2\/media?parent=671857"}],"wp:term":[{"taxonomy":"category","embeddable":true,"href":"https:\/\/unifranz.edu.bo\/pt\/wp-json\/wp\/v2\/categories?post=671857"},{"taxonomy":"post_tag","embeddable":true,"href":"https:\/\/unifranz.edu.bo\/pt\/wp-json\/wp\/v2\/tags?post=671857"}],"curies":[{"name":"wp","href":"https:\/\/api.w.org\/{rel}","templated":true}]}}