{"id":671800,"date":"2024-11-15T16:46:03","date_gmt":"2024-11-15T20:46:03","guid":{"rendered":"https:\/\/unifranz.edu.bo\/?p=671800"},"modified":"2024-11-15T16:46:03","modified_gmt":"2024-11-15T20:46:03","slug":"futura-arquitecta-elabora-disenos-bioclimaticos-de-vivienda-social-para-poblaciones-en-situacion-de-vulnerabilidad","status":"publish","type":"post","link":"https:\/\/unifranz.edu.bo\/pt\/blog\/futura-arquitecta-elabora-disenos-bioclimaticos-de-vivienda-social-para-poblaciones-en-situacion-de-vulnerabilidad\/","title":{"rendered":"Futura arquitecta elabora dise\u00f1os bioclim\u00e1ticos de vivienda social para poblaciones en situaci\u00f3n de vulnerabilidad"},"content":{"rendered":"<p><span style=\"color: #000000;\">Antonella Santill\u00e1n, estudiante de la carrera de Arquitectura de la Universidad Franz Tamayo (Unifranz), elabor\u00f3 un proyecto innovador de viviendas sociales que integra principios avanzados de dise\u00f1o bioclim\u00e1tico, con el fin de ofrecer soluciones habitacionales sostenibles, accesibles y resilientes para poblaciones en situaci\u00f3n de vulnerabilidad.<\/span><\/p>\n<p><span style=\"color: #000000;\">Este proyecto, desarrollado como parte de la asignatura Proyecto Integrador, se enfoca en una propuesta arquitect\u00f3nica adaptativa que responde a las diversas condiciones clim\u00e1ticas del pa\u00eds, particularmente para familias afectadas por desastres naturales como incendios, inundaciones y desplazamientos forzados.<\/span><\/p>\n<p><span style=\"color: #000000;\">El dise\u00f1o arquitect\u00f3nico propuesto por Santill\u00e1n tiene como objetivo principal crear viviendas que no solo sean econ\u00f3micamente viables, sino que tambi\u00e9n maximicen la eficiencia energ\u00e9tica y mejoren la calidad de vida de sus habitantes, teniendo en cuenta las particularidades ambientales de cada regi\u00f3n. \u00abNuestro proyecto no solo se basa en la construcci\u00f3n de viviendas econ\u00f3micas, sino que busca transformar el concepto de vivienda social al incorporar criterios de sostenibilidad, eficiencia t\u00e9rmica y confort ambiental\u00bb.<\/span><\/p>\n<p><span style=\"color: #000000;\">Una de las caracter\u00edsticas principales de este proyecto es su enfoque bioclim\u00e1tico. A trav\u00e9s del dise\u00f1o estrat\u00e9gico de las envolventes, materiales y sistemas de ventilaci\u00f3n natural, se garantiza la optimizaci\u00f3n del confort t\u00e9rmico y energ\u00e9tico en diversas condiciones clim\u00e1ticas. En zonas fr\u00edas, las viviendas est\u00e1n pensadas para maximizar la captaci\u00f3n solar mediante la orientaci\u00f3n adecuada de los muros y el uso de materiales con alta inercia t\u00e9rmica, como el bloque de tierra comprimida (BTC) o adobe, que permiten regular las variaciones de temperatura y mantener un ambiente c\u00e1lido sin necesidad de sistemas de calefacci\u00f3n costosos.<\/span><\/p>\n<p><span style=\"color: #000000;\">Por otro lado, en \u00e1reas c\u00e1lidas y tropicales, se prioriza la ventilaci\u00f3n cruzada y la utilizaci\u00f3n de materiales ligeros y transpirables, como la madera local o el panel SIP (Structural Insulated Panel), que permiten mantener la vivienda fresca y disminuir la acumulaci\u00f3n de calor. El dise\u00f1o tambi\u00e9n incluye techos inclinados que favorecen la circulaci\u00f3n del aire, y sistemas de captaci\u00f3n de agua pluvial, promoviendo la autosuficiencia y la reducci\u00f3n de la huella ecol\u00f3gica.<\/span><\/p>\n<p><iframe loading=\"lazy\" title=\"Futura arquitecta elabora dise\u00f1os bioclim\u00e1ticos de vivienda social para poblaciones vulnerables\" width=\"500\" height=\"281\" src=\"https:\/\/www.youtube.com\/embed\/BZ4LzkmNgSQ?feature=oembed\" frameborder=\"0\" allow=\"accelerometer; autoplay; clipboard-write; encrypted-media; gyroscope; picture-in-picture; web-share\" referrerpolicy=\"strict-origin-when-cross-origin\" allowfullscreen><\/iframe><\/p>\n<p><span style=\"color: #000000;\"><strong>Materiales Sostenibles y de Bajo Costo: Construcci\u00f3n Social Responsable<\/strong><\/span><\/p>\n<p><span style=\"color: #000000;\">El proyecto plantea una opci\u00f3n viable para la construcci\u00f3n de viviendas sociales utilizando materiales locales y de bajo costo, que no solo son accesibles, sino que tambi\u00e9n minimizan el impacto ambiental. Aparte del uso de materiales tradicionales como el madera y tierra (t\u00edpicos de la construcci\u00f3n vern\u00e1cula), se propone la incorporaci\u00f3n de materiales reciclados o reutilizados, como neum\u00e1ticos reciclados y pl\u00e1stico PET, lo que no solo reduce costos, sino que tambi\u00e9n contribuye a la gesti\u00f3n de residuos en comunidades vulnerables.<\/span><\/p>\n<p><span style=\"color: #000000;\">\u201cLos materiales que proponemos son accesibles, pero tambi\u00e9n tienen una alta durabilidad y resistencia. La elecci\u00f3n de estos materiales responde a la necesidad de crear un balance entre la sostenibilidad, la disponibilidad local y el costo econ\u00f3mico para las familias m\u00e1s vulnerables\u201d, se\u00f1al\u00f3 Santill\u00e1n.<\/span><\/p>\n<p><span style=\"color: #000000;\">El impacto de este tipo de proyectos trasciende la construcci\u00f3n f\u00edsica de la vivienda, ya que est\u00e1 directamente relacionado con la mejora en la calidad de vida de las personas que las habitan. Las viviendas dise\u00f1adas no solo ofrecen un espacio seguro y digno, sino que tambi\u00e9n est\u00e1n pensadas para optimizar el bienestar de los habitantes a largo plazo, reduciendo los costos operativos derivados de la energ\u00eda y el mantenimiento.<\/span><\/p>\n<p><span style=\"color: #000000;\">\u201cLo que buscamos con este proyecto es que las viviendas sean resilientes, no solo frente a los desastres naturales, sino tambi\u00e9n al paso del tiempo y los efectos del cambio clim\u00e1tico. Queremos que las familias se sientan acogidas, pero tambi\u00e9n que puedan ahorrar energ\u00eda y vivir de manera m\u00e1s saludable\u201d, destac\u00f3 la futura arquitecta.<\/span><\/p>\n<p><span style=\"color: #000000;\"><strong>Impulsando la Innovaci\u00f3n y el Compromiso Social en la Formaci\u00f3n de Arquitectos<\/strong><\/span><\/p>\n<p><span style=\"color: #000000;\">Este proyecto forma parte de la metodolog\u00eda educativa de Unifranz, que apuesta por la innovaci\u00f3n y el compromiso social desde el inicio de la carrera. A trav\u00e9s de sus proyectos integradores, la universidad fomenta la creatividad y la conciencia social de sus estudiantes, brind\u00e1ndoles las herramientas necesarias para enfrentar los desaf\u00edos del presente y futuro de la arquitectura. Los egresados de Unifranz son capacitados no solo para dise\u00f1ar estructuras funcionales, sino tambi\u00e9n para generar soluciones arquitect\u00f3nicas que respondan a las necesidades del contexto social y ambiental.<\/span><\/p>\n<p><span style=\"color: #000000;\">La Facultad de Arquitectura de Unifranz sigue apostando por la formaci\u00f3n integral de sus estudiantes, incorporando \u00e1reas como Arquitectura Bioclim\u00e1tica, Dise\u00f1o de Territorio y Urbanismo Sostenible, para que los futuros arquitectos desarrollen proyectos m\u00e1s responsables desde el punto de vista ecol\u00f3gico y social.<\/span><\/p>\n<p><span style=\"color: #000000;\">De esta forma, Unifranz se consolida como una universidad que forma a profesionales con una visi\u00f3n hol\u00edstica, capaces de transformar el entorno urbano y contribuir al bienestar de las comunidades a trav\u00e9s de la arquitectura.<\/span><\/p>\n<p><span style=\"color: #000000;\">Conoce m\u00e1s de la carrera de Arquitectura en el siguiente enlace:<\/span> <span style=\"color: #ff6600;\">https:\/\/ux.unifranz.edu.bo\/arquitectura<\/span><\/p>\n<p>&nbsp;<\/p>","protected":false},"excerpt":{"rendered":"<p>Antonella Santill\u00e1n, estudiante de la carrera de Arquitectura de la Universidad Franz Tamayo (Unifranz), elabor\u00f3 un proyecto innovador de viviendas sociales que integra principios avanzados de dise\u00f1o bioclim\u00e1tico, con el fin de ofrecer soluciones habitacionales sostenibles, accesibles y resilientes para poblaciones en situaci\u00f3n de vulnerabilidad. Este proyecto, desarrollado como parte de la asignatura Proyecto Integrador, &hellip; <a href=\"https:\/\/unifranz.edu.bo\/pt\/blog\/futura-arquitecta-elabora-disenos-bioclimaticos-de-vivienda-social-para-poblaciones-en-situacion-de-vulnerabilidad\/\">Continued<\/a><\/p>","protected":false},"author":33,"featured_media":671801,"comment_status":"open","ping_status":"open","sticky":false,"template":"","format":"standard","meta":{"_acf_changed":false,"footnotes":""},"categories":[2576,1884,60,1950,2938],"tags":[428,10369,210,1650,1596,218,10370],"class_list":["post-671800","post","type-post","status-publish","format-standard","has-post-thumbnail","hentry","category-unifranz-santa-cruz","category-arquitectura","category-blog","category-calidad-academica","category-proyectos-integradores","tag-arquitectura","tag-bioclimatica","tag-innovacion","tag-mejores-universidades-de-bolivia","tag-proyectos-integradores","tag-tecnologia","tag-vivienda-social"],"acf":[],"_links":{"self":[{"href":"https:\/\/unifranz.edu.bo\/pt\/wp-json\/wp\/v2\/posts\/671800","targetHints":{"allow":["GET"]}}],"collection":[{"href":"https:\/\/unifranz.edu.bo\/pt\/wp-json\/wp\/v2\/posts"}],"about":[{"href":"https:\/\/unifranz.edu.bo\/pt\/wp-json\/wp\/v2\/types\/post"}],"author":[{"embeddable":true,"href":"https:\/\/unifranz.edu.bo\/pt\/wp-json\/wp\/v2\/users\/33"}],"replies":[{"embeddable":true,"href":"https:\/\/unifranz.edu.bo\/pt\/wp-json\/wp\/v2\/comments?post=671800"}],"version-history":[{"count":1,"href":"https:\/\/unifranz.edu.bo\/pt\/wp-json\/wp\/v2\/posts\/671800\/revisions"}],"predecessor-version":[{"id":671802,"href":"https:\/\/unifranz.edu.bo\/pt\/wp-json\/wp\/v2\/posts\/671800\/revisions\/671802"}],"wp:featuredmedia":[{"embeddable":true,"href":"https:\/\/unifranz.edu.bo\/pt\/wp-json\/wp\/v2\/media\/671801"}],"wp:attachment":[{"href":"https:\/\/unifranz.edu.bo\/pt\/wp-json\/wp\/v2\/media?parent=671800"}],"wp:term":[{"taxonomy":"category","embeddable":true,"href":"https:\/\/unifranz.edu.bo\/pt\/wp-json\/wp\/v2\/categories?post=671800"},{"taxonomy":"post_tag","embeddable":true,"href":"https:\/\/unifranz.edu.bo\/pt\/wp-json\/wp\/v2\/tags?post=671800"}],"curies":[{"name":"wp","href":"https:\/\/api.w.org\/{rel}","templated":true}]}}