{"id":663393,"date":"2024-11-11T22:34:18","date_gmt":"2024-11-12T02:34:18","guid":{"rendered":"https:\/\/unifranz.edu.bo\/?p=663393"},"modified":"2024-11-11T22:35:07","modified_gmt":"2024-11-12T02:35:07","slug":"brecha-digital-el-muro-invisible-que-frena-el-crecimiento-economico-y-social","status":"publish","type":"post","link":"https:\/\/unifranz.edu.bo\/pt\/blog\/brecha-digital-el-muro-invisible-que-frena-el-crecimiento-economico-y-social\/","title":{"rendered":"Brecha digital: el muro invisible que frena el crecimiento econ\u00f3mico y social"},"content":{"rendered":"<p><em>Por Jorge L\u00f3pez<\/em><\/p>\n<p><span style=\"font-weight: 400;\">La falta de acceso y el limitado conocimiento de la tecnolog\u00eda en las econom\u00edas emergentes han creado un muro casi invisible que restringe el desarrollo econ\u00f3mico de millones de personas, mientras que en las econom\u00edas desarrolladas el avance tecnol\u00f3gico impulsa la productividad y genera empleos, en muchas comunidades de pa\u00edses en desarrollo, la brecha digital sigue marcando una diferencia profunda.\u00a0<\/span><\/p>\n<p><span style=\"font-weight: 400;\">\u201cDados los factores de capital y trabajo, el crecimiento econ\u00f3mico est\u00e1 fuertemente influenciado por el conocimiento y la tecnolog\u00eda; estos factores ser\u00e1n determinantes para lograr el estado estacionario en un pa\u00eds y, a la vez, son los factores que diferencian a las grandes econom\u00edas del resto\u201d, explica Orlando L\u00f3pez, docente de la carrera Ingenier\u00eda Econ\u00f3mica, de la Universidad Franz Tamayo, Unifranz.<\/span><\/p>\n<p><span style=\"font-weight: 400;\">La brecha digital se define como la diferencia entre los que tienen acceso y habilidades para usar las tecnolog\u00edas de la informaci\u00f3n y aquellos que no. En las econom\u00edas emergentes, esta brecha es evidente no s\u00f3lo entre individuos, sino tambi\u00e9n entre \u00e1reas urbanas y rurales, entre generaciones y entre distintos niveles de ingreso. Esto tiene m\u00faltiples efectos negativos que limitan el desarrollo econ\u00f3mico en varias dimensiones.<\/span><\/p>\n<p><span style=\"font-weight: 400;\">El Banco Mundial, en su informe <\/span><i><span style=\"font-weight: 400;\">World Development Report 2021: Data for Better Lives<\/span><\/i><span style=\"font-weight: 400;\">, asegura\u00a0 que \u201cla conectividad digital es un pilar clave para el desarrollo econ\u00f3mico moderno y reducir la brecha digital es fundamental para asegurar que todos puedan beneficiarse de las oportunidades que ofrece la econom\u00eda digital\u00bb, indica el organismo internacional.<\/span><\/p>\n<p><span style=\"font-weight: 400;\">La reciente pandemia dej\u00f3 en evidencia la importancia de contar con acceso a herramientas digitales para seguir aprendiendo. Sin embargo, en regiones donde la infraestructura de internet es deficiente y los hogares carecen de dispositivos adecuados, la educaci\u00f3n se convierte en un lujo. La falta de alfabetizaci\u00f3n digital impide que los j\u00f3venes desarrollen las competencias necesarias para competir en el mercado laboral global.<\/span><\/p>\n<p><span style=\"font-weight: 400;\">\u201cTodos los sectores, en mayor o menor grado, son afectados por el acceso limitado a la tecnolog\u00eda, los niveles de producci\u00f3n en una econom\u00eda est\u00e1n determinados por capital, trabajo y el nivel de conocimiento y tecnolog\u00eda que alcancen; ello podr\u00eda traducirse en una baja productividad de los trabajadores y de las empresas\u201d, a\u00f1ade L\u00f3pez.\u00a0<\/span><\/p>\n<p><span style=\"font-weight: 400;\">El acceso a internet y el conocimiento digital son fundamentales para que los emprendedores puedan dar a conocer sus productos, gestionar sus negocios y atraer clientes. Sin embargo, en econom\u00edas emergentes, la falta de conectividad y habilidades digitales en \u00e1reas rurales significa que muchos emprendedores se quedan sin aprovechar herramientas b\u00e1sicas para crecer.\u00a0<\/span><\/p>\n<p><span style=\"font-weight: 400;\">\u201cLas tecnolog\u00edas de la informaci\u00f3n y la comunicaci\u00f3n (TIC) ya no son un lujo, sino una necesidad. La falta de acceso a Internet limita gravemente la capacidad de las personas para acceder a servicios esenciales y participar plenamente en la econom\u00eda\u00bb seg\u00fan la UIT en su reporte \u00abMeasuring Digital Development: Facts and Figures 2022\u00bb.<\/span><\/p>\n<p><span style=\"font-weight: 400;\">Tambi\u00e9n han transformado c\u00f3mo accedemos a servicios de salud, financieros y educativos, pero en las econom\u00edas emergentes, muchas personas a\u00fan est\u00e1n fuera de esta revoluci\u00f3n. Sin un dispositivo y una conexi\u00f3n a internet, servicios como la telemedicina, las bancas digitales y los recursos educativos en l\u00ednea quedan fuera del alcance de millones de personas, profundizando las desigualdades y afectando su bienestar.<\/span><\/p>\n<h2><b>Estrategias para cerrar la brecha digital<\/b><\/h2>\n<p><span style=\"font-weight: 400;\">Aunque cerrar la brecha digital en las econom\u00edas emergentes es un gran desaf\u00edo, existen estrategias que pueden ayudar a reducirla y mejorar las oportunidades para millones de personas. Estas estrategias abarcan desde inversiones en infraestructura hasta la creaci\u00f3n de programas educativos y de capacitaci\u00f3n en competencias digitales.<\/span><\/p>\n<ol>\n<li style=\"font-weight: 400;\" aria-level=\"1\">\n<h3><b>Desarrollar infraestructura de conectividad: <\/b><\/h3>\n<p><span style=\"font-weight: 400;\">los gobiernos y empresas de telecomunicaciones deben asociarse para expandir redes de internet en \u00e1reas rurales y remotas, asegurando que el acceso no se limite a las ciudades. Inversiones en tecnolog\u00edas de bajo costo, como redes m\u00f3viles 4G y 5G y soluciones de conectividad satelital, pueden hacer que el internet sea m\u00e1s accesible en zonas de dif\u00edcil acceso.<\/span><\/li>\n<li style=\"font-weight: 400;\" aria-level=\"1\">\n<h3><b>Acceso a dispositivos a precios asequibles:<\/b><\/h3>\n<p><span style=\"font-weight: 400;\"> las pol\u00edticas de subsidios y financiamiento para la compra de dispositivos son claves para que las familias de bajos ingresos puedan adquirir herramientas tecnol\u00f3gicas. Iniciativas de reciclaje y donaci\u00f3n de dispositivos tambi\u00e9n pueden facilitar el acceso a dispositivos b\u00e1sicos en comunidades vulnerables.<\/span><\/li>\n<li style=\"font-weight: 400;\" aria-level=\"1\">\n<h3><b>Alfabetizaci\u00f3n digital en los sistemas escolares: <\/b><\/h3>\n<p><span style=\"font-weight: 400;\">incluir competencias digitales en el curr\u00edculo desde primaria ayudar\u00eda a crear una fuerza laboral que domine estas herramientas desde temprana edad. Adem\u00e1s, se podr\u00edan implementar programas de capacitaci\u00f3n tecnol\u00f3gica para adultos, tanto en \u00e1reas rurales como urbanas, promoviendo la integraci\u00f3n de todos en la econom\u00eda digital.<\/span><\/li>\n<li style=\"font-weight: 400;\" aria-level=\"1\">\n<h3><b>Apoyo a emprendimientos digitales<\/b><\/h3>\n<p><span style=\"font-weight: 400;\">: los gobiernos pueden incentivar el emprendimiento digital a trav\u00e9s de subsidios, cr\u00e9ditos y capacitaciones espec\u00edficas para empresarios emergentes. Estas medidas no solo ayudar\u00edan a que los emprendedores ampl\u00eden sus mercados, sino que tambi\u00e9n contribuir\u00edan a dinamizar la econom\u00eda local al crear nuevas oportunidades de empleo.<\/span><\/li>\n<li style=\"font-weight: 400;\" aria-level=\"1\">\n<h3><b>Fomentar alianzas p\u00fablico-privadas: <\/b><\/h3>\n<p><span style=\"font-weight: 400;\">asociaciones entre el sector p\u00fablico, privado y organizaciones internacionales pueden potenciar los esfuerzos para reducir la brecha digital. Estas alianzas pueden incluir el financiamiento conjunto para infraestructura, programas de educaci\u00f3n y la creaci\u00f3n de plataformas de capacitaci\u00f3n accesibles.<\/span><\/li>\n<\/ol>\n<p><span style=\"font-weight: 400;\">\u201cLa creaci\u00f3n de infraestructura tecnol\u00f3gica en \u00e1reas rurales no solo podr\u00eda generar empleo directos e indirectos, sino fomentar sectores como el comercio, turismo y servicios; los resultados con valor agregado serian \u00e1reas rurales conectadas y con fuerte inversi\u00f3n en educaci\u00f3n\u201d, concluye L\u00f3pez.\u00a0<\/span><\/p>\n<p><span style=\"font-weight: 400;\">Cerrar la brecha digital en las econom\u00edas emergentes no es solo una cuesti\u00f3n de justicia social; es una inversi\u00f3n que puede transformar la vida de millones de personas. Al reducir las barreras de acceso y capacitar a las personas en el uso de tecnolog\u00eda, se crear\u00edan oportunidades econ\u00f3micas y sociales que beneficiar\u00edan a todos, desde la expansi\u00f3n de nuevos mercados y la reducci\u00f3n de la pobreza hasta una mayor cohesi\u00f3n social. <\/span><\/p>","protected":false},"excerpt":{"rendered":"<p>La brecha digital frena el crecimiento en pa\u00edses en desarrollo. Mejor conectividad y alfabetizaci\u00f3n digital transforman econom\u00edas y reducen desigualdades.<\/p>","protected":false},"author":50,"featured_media":663394,"comment_status":"open","ping_status":"open","sticky":false,"template":"","format":"standard","meta":{"_acf_changed":false,"footnotes":""},"categories":[60,2228,1686],"tags":[3950,6288,8502,10186,10340,1588],"class_list":["post-663393","post","type-post","status-publish","format-standard","has-post-thumbnail","hentry","category-blog","category-ingenieria-economica","category-tecnologia","tag-avances-tecnologicos","tag-brecha-digital","tag-desarrollo-economico","tag-economia-digital","tag-economias-emergentes","tag-tics"],"acf":[],"_links":{"self":[{"href":"https:\/\/unifranz.edu.bo\/pt\/wp-json\/wp\/v2\/posts\/663393","targetHints":{"allow":["GET"]}}],"collection":[{"href":"https:\/\/unifranz.edu.bo\/pt\/wp-json\/wp\/v2\/posts"}],"about":[{"href":"https:\/\/unifranz.edu.bo\/pt\/wp-json\/wp\/v2\/types\/post"}],"author":[{"embeddable":true,"href":"https:\/\/unifranz.edu.bo\/pt\/wp-json\/wp\/v2\/users\/50"}],"replies":[{"embeddable":true,"href":"https:\/\/unifranz.edu.bo\/pt\/wp-json\/wp\/v2\/comments?post=663393"}],"version-history":[{"count":2,"href":"https:\/\/unifranz.edu.bo\/pt\/wp-json\/wp\/v2\/posts\/663393\/revisions"}],"predecessor-version":[{"id":663398,"href":"https:\/\/unifranz.edu.bo\/pt\/wp-json\/wp\/v2\/posts\/663393\/revisions\/663398"}],"wp:featuredmedia":[{"embeddable":true,"href":"https:\/\/unifranz.edu.bo\/pt\/wp-json\/wp\/v2\/media\/663394"}],"wp:attachment":[{"href":"https:\/\/unifranz.edu.bo\/pt\/wp-json\/wp\/v2\/media?parent=663393"}],"wp:term":[{"taxonomy":"category","embeddable":true,"href":"https:\/\/unifranz.edu.bo\/pt\/wp-json\/wp\/v2\/categories?post=663393"},{"taxonomy":"post_tag","embeddable":true,"href":"https:\/\/unifranz.edu.bo\/pt\/wp-json\/wp\/v2\/tags?post=663393"}],"curies":[{"name":"wp","href":"https:\/\/api.w.org\/{rel}","templated":true}]}}