{"id":662449,"date":"2024-11-10T22:50:41","date_gmt":"2024-11-11T02:50:41","guid":{"rendered":"https:\/\/unifranz.edu.bo\/?p=662449"},"modified":"2024-11-10T23:00:16","modified_gmt":"2024-11-11T03:00:16","slug":"tratar-a-los-pacientes-con-un-enfoque-preventivo-siempre-es-mejor-que-atacar-el-sintoma","status":"publish","type":"post","link":"https:\/\/unifranz.edu.bo\/pt\/blog\/tratar-a-los-pacientes-con-un-enfoque-preventivo-siempre-es-mejor-que-atacar-el-sintoma\/","title":{"rendered":"Tratar a los pacientes con un enfoque preventivo siempre es mejor que atacar el s\u00edntoma"},"content":{"rendered":"<p>Por Manuel Filomeno<\/p>\n<p><span style=\"font-weight: 400;\">El mundo actual est\u00e1 lleno de amenazas a la salud de las personas, el estr\u00e9s, la contaminaci\u00f3n, la mala alimentaci\u00f3n y la falta de ejercicio son algunas de ellas. En este escenario, la medicina funcional o integrativa plantea una soluci\u00f3n, la prevenci\u00f3n por sobre el tratamiento de los s\u00edntomas.<\/span><\/p>\n<p><span style=\"font-weight: 400;\">La medicina funcional es un enfoque integral que busca identificar y tratar las causas subyacentes de las enfermedades, en lugar de limitarse a aliviar los s\u00edntomas. A diferencia de la medicina tradicional, que suele centrarse en tratar cada s\u00edntoma de manera aislada, la medicina funcional adopta una visi\u00f3n hol\u00edstica del cuerpo, considerando la interconexi\u00f3n entre los diferentes sistemas y \u00f3rganos.<\/span><\/p>\n<p><span style=\"font-weight: 400;\">\u201cLa mejor medicina realmente es la preventiva. Es decir, evitar tener individuos enfermos es mucho mejor que tratarlos despu\u00e9s. Esto es precisamente lo que busca la medicina funcional, que va a abordar al paciente desde todas las aristas y desde todos los \u00e1ngulos. Vemos la parte tanto emocional, mental y f\u00edsica del paciente\u201d, explica Lolita Vargas, especialista en medicina funcional integrativa.<\/span><\/p>\n<p><span style=\"font-weight: 400;\">Vargas particip\u00f3 recientemente del Futures Week, un evento organizado por la Universidad Franz Tamayo, Unifranz, el cual reuni\u00f3 a m\u00e1s de un millar de j\u00f3venes de El Alto y Cochabamba, con una treintena de expertos nacionales e internacionales de diversos \u00e1mbitos, con la misi\u00f3n de elaborar propuestas y planes para la construcci\u00f3n de las ciudades del futuro.<\/span><\/p>\n<p><span style=\"font-weight: 400;\">La especialista indica que, en estos tiempos, temas como el de la basura, en ciudades como El Alto y Cochabamba, en donde no existe un cuidado adecuado del recojo y procesamiento de residuos, puede tener un impacto enorme en la salud de la poblaci\u00f3n, no solo de manera f\u00edsica, sino tambi la salud y puede ayudar a prevenir y tratar una amplia gama de enfermedades.<\/span><\/p>\n<p><span style=\"font-weight: 400;\">Adem\u00e1s, puede utilizar pruebas de laboratorio avanzadas para evaluar el funcionamiento del sistema inmunol\u00f3gico, el equilibrio hormonal, la salud intestinal y otros aspectos clave de la salud. Estas pruebas permiten a los profesionales de la medicina funcional obtener una visi\u00f3n m\u00e1s completa del estado de salud del paciente y dise\u00f1ar intervenciones espec\u00edficas para mejorar su bienestar.<\/span><\/p>\n<p><span style=\"font-weight: 400;\">\u201cLa medicina funcional es una pr\u00e1ctica integrativa que busca tratar las causas subyacentes de las enfermedades mediante un enfoque personalizado y hol\u00edstico. Al centrarse en la prevenci\u00f3n, la nutrici\u00f3n y el estilo de vida, la medicina funcional busca restablecer el equilibrio y la funci\u00f3n \u00f3ptima del cuerpo, promoviendo la salud y el bienestar a largo plazo. Este enfoque est\u00e1 ganando popularidad a medida que m\u00e1s personas buscan alternativas a la medicina convencional para mejorar su salud de manera sostenible\u201d, concluye Vargas.\u00e9n emocional y mental.<\/span><\/p>\n<p><span style=\"font-weight: 400;\">Otros problemas como la contaminaci\u00f3n, la mala alimentaci\u00f3n, la falta de ejercicio tambi\u00e9n son temas que tratar.<\/span><\/p>\n<p><span style=\"font-weight: 400;\">\u201cEl tema de la basura, la contaminaci\u00f3n, la poluci\u00f3n que existe hoy en d\u00eda son determinantes, muy importantes para una salud, la alimentaci\u00f3n que est\u00e1 en base de ultra procesados, de harinas refinadas, de az\u00facares a\u00f1adidos, est\u00e1n afectando severamente la salud de las personas y eso es lo que queremos abordar con la medicina funcional, ayudar a las personas a vivir mejor, a cuidarse mejor, a comer mejor y a no dejarse vencer por los problemas que encuentra en la vida\u201d, agrega la m\u00e9dico.<\/span><\/p>\n<p><span style=\"font-weight: 400;\">Uno de los principios clave de la medicina funcional es que cada persona es \u00fanica y, por tanto, requiere un tratamiento personalizado. Los profesionales de la medicina funcional realizan evaluaciones detalladas del historial m\u00e9dico, la gen\u00e9tica, el estilo de vida y el entorno del paciente para comprender mejor las causas de sus problemas de salud. Este enfoque personalizado permite dise\u00f1ar tratamientos espec\u00edficos que aborden las necesidades individuales de cada paciente.<\/span><\/p>\n<p><span style=\"font-weight: 400;\">\u201cLa medicina funcional tambi\u00e9n pone un fuerte \u00e9nfasis en la prevenci\u00f3n. Al identificar y tratar los factores que contribuyen a las enfermedades antes de que se conviertan en problemas graves, se puede mejorar significativamente la salud y el bienestar a largo plazo. Esto incluye modificaciones en la dieta, el ejercicio, el manejo del estr\u00e9s y otros h\u00e1bitos de vida saludables\u201d, explica Vargas.<\/span><\/p>\n<p><span style=\"font-weight: 400;\">Otro aspecto importante de la medicina funcional es su enfoque en la nutrici\u00f3n y la suplementaci\u00f3n. Los profesionales de la medicina funcional a menudo recomiendan cambios en la dieta y el uso de suplementos para corregir deficiencias nutricionales y apoyar el funcionamiento \u00f3ptimo del cuerpo. La idea es que una alimentaci\u00f3n adecuada puede tener un impacto profundo en<\/span><\/p>","protected":false},"excerpt":{"rendered":"<p>Por Manuel Filomeno El mundo actual est\u00e1 lleno de amenazas a la salud de las personas, el estr\u00e9s, la contaminaci\u00f3n, la mala alimentaci\u00f3n y la falta de ejercicio son algunas de ellas. En este escenario, la medicina funcional o integrativa plantea una soluci\u00f3n, la prevenci\u00f3n por sobre el tratamiento de los s\u00edntomas. La medicina funcional &hellip; <a href=\"https:\/\/unifranz.edu.bo\/pt\/blog\/tratar-a-los-pacientes-con-un-enfoque-preventivo-siempre-es-mejor-que-atacar-el-sintoma\/\">Continued<\/a><\/p>","protected":false},"author":45,"featured_media":662450,"comment_status":"open","ping_status":"open","sticky":false,"template":"","format":"standard","meta":{"_acf_changed":false,"footnotes":""},"categories":[60,9742,2858,1946,1878,1782],"tags":[1622,1422,49,10336,124,242],"class_list":["post-662449","post","type-post","status-publish","format-standard","has-post-thumbnail","hentry","category-blog","category-carrera-de-medicina","category-innovacion-en-educacion","category-medicina","category-salud","category-unifranz","tag-carrera-de-medicina","tag-innovacion-en-educacion","tag-medicina","tag-medicina-funcional","tag-salud","tag-unifranz"],"acf":[],"_links":{"self":[{"href":"https:\/\/unifranz.edu.bo\/pt\/wp-json\/wp\/v2\/posts\/662449","targetHints":{"allow":["GET"]}}],"collection":[{"href":"https:\/\/unifranz.edu.bo\/pt\/wp-json\/wp\/v2\/posts"}],"about":[{"href":"https:\/\/unifranz.edu.bo\/pt\/wp-json\/wp\/v2\/types\/post"}],"author":[{"embeddable":true,"href":"https:\/\/unifranz.edu.bo\/pt\/wp-json\/wp\/v2\/users\/45"}],"replies":[{"embeddable":true,"href":"https:\/\/unifranz.edu.bo\/pt\/wp-json\/wp\/v2\/comments?post=662449"}],"version-history":[{"count":1,"href":"https:\/\/unifranz.edu.bo\/pt\/wp-json\/wp\/v2\/posts\/662449\/revisions"}],"predecessor-version":[{"id":662451,"href":"https:\/\/unifranz.edu.bo\/pt\/wp-json\/wp\/v2\/posts\/662449\/revisions\/662451"}],"wp:featuredmedia":[{"embeddable":true,"href":"https:\/\/unifranz.edu.bo\/pt\/wp-json\/wp\/v2\/media\/662450"}],"wp:attachment":[{"href":"https:\/\/unifranz.edu.bo\/pt\/wp-json\/wp\/v2\/media?parent=662449"}],"wp:term":[{"taxonomy":"category","embeddable":true,"href":"https:\/\/unifranz.edu.bo\/pt\/wp-json\/wp\/v2\/categories?post=662449"},{"taxonomy":"post_tag","embeddable":true,"href":"https:\/\/unifranz.edu.bo\/pt\/wp-json\/wp\/v2\/tags?post=662449"}],"curies":[{"name":"wp","href":"https:\/\/api.w.org\/{rel}","templated":true}]}}