{"id":661158,"date":"2024-11-08T23:06:35","date_gmt":"2024-11-09T03:06:35","guid":{"rendered":"https:\/\/unifranz.edu.bo\/?p=661158"},"modified":"2024-11-08T23:14:13","modified_gmt":"2024-11-09T03:14:13","slug":"potosi-entre-la-gloria-del-pasado-y-los-desafios-del-presente","status":"publish","type":"post","link":"https:\/\/unifranz.edu.bo\/pt\/blog\/potosi-entre-la-gloria-del-pasado-y-los-desafios-del-presente\/","title":{"rendered":"Potos\u00ed: entre la gloria del pasado y los desaf\u00edos del presente"},"content":{"rendered":"<p>Por Matias Phillco<\/p>\n<p><span style=\"font-weight: 400;\">Riqueza cultural, historia viva y legado minero, el departamento de Potos\u00ed celebra este 10 de noviembre los 214 a\u00f1os de su gesta revolucionaria, fecha en la que recuerda el esplendor de su pasado colonial y reflexiona en torno a los desaf\u00edos que le depara el futuro.\u00a0<\/span><\/p>\n<p><span style=\"font-weight: 400;\">Con el imponente Cerro Rico como s\u00edmbolo de su riqueza y sacrificio, esta ciudad patrimonial, reconocida mundialmente por su historia y arquitectura, recuerda su papel fundamental en la historia de Bolivia y del mundo, pero tambi\u00e9n los retos que le plantea la falta de diversificaci\u00f3n econ\u00f3mica.\u00a0<\/span><\/p>\n<p><span style=\"font-weight: 400;\">Seg\u00fan Jenny Andia, directora de la carrera de Ingenier\u00eda Econ\u00f3mica de la Universidad Franz Tamayo, Unifranz, a pesar de la importancia hist\u00f3rica de Potos\u00ed, su econom\u00eda a\u00fan depende, en gran medida, de la miner\u00eda, aunque con condiciones de trabajo que para muchos mineros siguen siendo precarias. Adem\u00e1s, el Cerro Rico muestra signos de deterioro, lo que plantea problemas de sostenibilidad y seguridad tanto para la monta\u00f1a como para la comunidad.<\/span><\/p>\n<p><span style=\"font-weight: 400;\">\u201cPotos\u00ed sigue siendo un ejemplo claro de lo que ocurre en econom\u00edas dependientes de la extracci\u00f3n de recursos naturales. Si bien la miner\u00eda genera ingresos importantes, no se ha traducido en mejoras de calidad de vida para muchos de sus habitantes. La falta de diversificaci\u00f3n econ\u00f3mica y de una gesti\u00f3n sostenible es uno de los grandes retos para el desarrollo de la ciudad\u201d, indica.<\/span><\/p>\n<p><iframe loading=\"lazy\" title=\"YouTube video player\" src=\"https:\/\/www.youtube.com\/embed\/uoQe0Fyi0C0?si=7vjL2lXPdVVXi6y3\" width=\"560\" height=\"315\" frameborder=\"0\" allowfullscreen=\"allowfullscreen\"><\/iframe><\/p>\n<p><span style=\"font-weight: 400;\">Para la acad\u00e9mica, una alternativa viable para Potos\u00ed ser\u00eda la inversi\u00f3n en sectores como el turismo y la industria artesanal, los cuales podr\u00edan brindar empleos m\u00e1s estables y menos riesgosos que la miner\u00eda.<\/span><\/p>\n<p><span style=\"font-weight: 400;\">\u00abPotos\u00ed tiene un patrimonio cultural \u00fanico que puede atraer turismo internacional. Sin embargo, se necesita una infraestructura adecuada y una planificaci\u00f3n que incluya a las comunidades locales en el desarrollo de estos proyectos\u00bb, se\u00f1ala.<\/span><\/p>\n<p><span style=\"font-weight: 400;\">Durante siglos, decir \u00abvale un Potos\u00ed\u00bb fue sin\u00f3nimo de inalcanzable riqueza, pues la plata potosina no s\u00f3lo sostuvo la econom\u00eda de la colonia, sino que tambi\u00e9n financi\u00f3 proyectos y expansiones europeas. Sin embargo, esta prosperidad no benefici\u00f3 igualitariamente a todos sus habitantes, especialmente a las comunidades ind\u00edgenas, que trabajaban en condiciones precarias.<\/span><\/p>\n<p><span style=\"font-weight: 400;\">Sof\u00eda Bellido, historiadora e investigadora boliviana, sostiene que desde sus calles coloniales hasta su contribuci\u00f3n econ\u00f3mica, cultural y social, \u201cPotos\u00ed ha dejado una marca en el mundo. Su historia y sus recursos son parte del orgullo y del desaf\u00edo de quienes habitan y construyen la ciudad hoy\u201d.<\/span><\/p>\n<p><b>La gloria del pasado<\/b><\/p>\n<p><span style=\"font-weight: 400;\">La historiadora destaca que \u00abPotos\u00ed fue una de las primeras ciudades globalizadas de Am\u00e9rica, con una poblaci\u00f3n que lleg\u00f3 a ser, incluso, mayor que la de Londres en el siglo XVII. Era un centro cosmopolita, donde se fusionaban culturas, lenguas y costumbres tra\u00eddas desde distintos rincones del mundo\u00bb y a\u00f1ade que \u00abla arquitectura de la \u00e9poca, con imponentes iglesias y la famosa Casa de la Moneda, refleja la importancia cultural y econ\u00f3mica de esta ciudad\u00bb.<\/span><\/p>\n<p><span style=\"font-weight: 400;\">Esta riqueza arquitect\u00f3nica y cultural, reconocida por la UNESCO en 1987 como Patrimonio de la Humanidad, es un recordatorio tangible del esplendor colonial. Las minas del Cerro Rico, donde se extra\u00edan toneladas de plata, atrajeron a miles de trabajadores y comerciantes, generando un flujo de intercambio econ\u00f3mico que, por momentos, lleg\u00f3 a sostener a la econom\u00eda global de la \u00e9poca.<\/span><\/p>\n<p><span style=\"font-weight: 400;\">En cada aniversario, Potos\u00ed celebra su identidad con desfiles, ferias y actividades culturales, donde se reafirma el orgullo y la resiliencia de su gente. A pesar de los retos actuales, esta ciudad mantiene viva la memoria de su grandeza, y la voluntad de sus habitantes sigue siendo su principal motor de cambio.<\/span><\/p>\n<p><span style=\"font-weight: 400;\">\u00abEste aniversario no solo es una oportunidad para recordar su historia, sino para reflexionar sobre los caminos hacia un desarrollo inclusivo y sostenible\u00bb, dice Bellido, a tiempo de destacar que, \u00abla lucha de Potos\u00ed, tanto en el pasado como en el presente, representa la perseverancia de sus habitantes por construir un futuro digno\u00bb.<\/span><\/p>\n<p><span style=\"font-weight: 400;\">El aniversario de Potos\u00ed es una oportunidad para celebrar y reflexionar, y quiz\u00e1s, como dice Andia, \u201cpara recordar que el verdadero valor de la ciudad ya no es solo su riqueza mineral, sino el potencial humano y cultural que reside en ella\u201d.<\/span><\/p>","protected":false},"excerpt":{"rendered":"<p>Por Matias Phillco Riqueza cultural, historia viva y legado minero, el departamento de Potos\u00ed celebra este 10 de noviembre los 214 a\u00f1os de su gesta revolucionaria, fecha en la que recuerda el esplendor de su pasado colonial y reflexiona en torno a los desaf\u00edos que le depara el futuro.\u00a0 Con el imponente Cerro Rico como &hellip; <a href=\"https:\/\/unifranz.edu.bo\/pt\/blog\/potosi-entre-la-gloria-del-pasado-y-los-desafios-del-presente\/\">Continued<\/a><\/p>","protected":false},"author":45,"featured_media":661161,"comment_status":"open","ping_status":"open","sticky":false,"template":"","format":"standard","meta":{"_acf_changed":false,"footnotes":""},"categories":[60,2186,1954,1658,1782],"tags":[10333,1422,9964,6066,88,242],"class_list":["post-661158","post","type-post","status-publish","format-standard","has-post-thumbnail","hentry","category-blog","category-carreras-es","category-economia","category-turismo","category-unifranz","tag-efemeride","tag-innovacion-en-educacion","tag-noticias-de-hoy","tag-potosi","tag-turismo","tag-unifranz"],"acf":[],"_links":{"self":[{"href":"https:\/\/unifranz.edu.bo\/pt\/wp-json\/wp\/v2\/posts\/661158","targetHints":{"allow":["GET"]}}],"collection":[{"href":"https:\/\/unifranz.edu.bo\/pt\/wp-json\/wp\/v2\/posts"}],"about":[{"href":"https:\/\/unifranz.edu.bo\/pt\/wp-json\/wp\/v2\/types\/post"}],"author":[{"embeddable":true,"href":"https:\/\/unifranz.edu.bo\/pt\/wp-json\/wp\/v2\/users\/45"}],"replies":[{"embeddable":true,"href":"https:\/\/unifranz.edu.bo\/pt\/wp-json\/wp\/v2\/comments?post=661158"}],"version-history":[{"count":2,"href":"https:\/\/unifranz.edu.bo\/pt\/wp-json\/wp\/v2\/posts\/661158\/revisions"}],"predecessor-version":[{"id":661163,"href":"https:\/\/unifranz.edu.bo\/pt\/wp-json\/wp\/v2\/posts\/661158\/revisions\/661163"}],"wp:featuredmedia":[{"embeddable":true,"href":"https:\/\/unifranz.edu.bo\/pt\/wp-json\/wp\/v2\/media\/661161"}],"wp:attachment":[{"href":"https:\/\/unifranz.edu.bo\/pt\/wp-json\/wp\/v2\/media?parent=661158"}],"wp:term":[{"taxonomy":"category","embeddable":true,"href":"https:\/\/unifranz.edu.bo\/pt\/wp-json\/wp\/v2\/categories?post=661158"},{"taxonomy":"post_tag","embeddable":true,"href":"https:\/\/unifranz.edu.bo\/pt\/wp-json\/wp\/v2\/tags?post=661158"}],"curies":[{"name":"wp","href":"https:\/\/api.w.org\/{rel}","templated":true}]}}