{"id":661116,"date":"2024-11-08T15:54:23","date_gmt":"2024-11-08T19:54:23","guid":{"rendered":"https:\/\/unifranz.edu.bo\/?p=661116"},"modified":"2024-11-08T18:09:14","modified_gmt":"2024-11-08T22:09:14","slug":"que-tan-digitalizado-estas-lanzan-encuesta-para-conocer-nivel-de-empoderamiento-digital","status":"publish","type":"post","link":"https:\/\/unifranz.edu.bo\/pt\/blog\/que-tan-digitalizado-estas-lanzan-encuesta-para-conocer-nivel-de-empoderamiento-digital\/","title":{"rendered":"\u00bfQu\u00e9 tan digitalizado est\u00e1s? Lanzan encuesta para conocer nivel de empoderamiento digital"},"content":{"rendered":"<p>Por Manuel Filomeno<\/p>\n<p><span style=\"font-weight: 400;\">El uso de herramientas digitales se ha convertido en parte esencial de nuestras vidas. Sin embargo, existen diferentes niveles y brechas en digitalizaci\u00f3n, que deben ser acortadas para avanzar como sociedad. Ante esta situaci\u00f3n, el Instituto de la Mujer &amp; Empresa\u00a0(IME), el Observatorio Nacional del Trabajo\u00a0(ONT),\u00a0en colaboraci\u00f3n con el Centro de Investigaci\u00f3n, Innovaci\u00f3n y Transformaci\u00f3n Digital en Turismo\u00a0(CIINTUR), lanzaron el \u00cdndice de Empoderamiento Digital, una herramienta que permite a las personas conocer su nivel de digitalizaci\u00f3n en siete dimensiones.<\/span><\/p>\n<p><span style=\"font-weight: 400;\">Esta herramienta, abierta para el p\u00fablico en general, fue desarrollada en conjunto por estos brazos operativos del Centro de Pensamiento Estrat\u00e9gico de la Universidad Franz Tamayo, Unifranz, junto a la Fundaci\u00f3n Kodea de Chile, con el prop\u00f3sito de estudiar las interacciones de los participantes, llegar a resultados globales y proponer pol\u00edticas que permitan un mejor nivel de digitalizaci\u00f3n a futuro.<\/span><\/p>\n<p><span style=\"font-weight: 400;\">\u201cActualmente, nos encontramos en la era de la Industria 5.0, donde la mayor\u00eda de los trabajos est\u00e1n tecnologizados y se utilizan herramientas digitales para hacer crecer los emprendimientos. Este estudio mide el \u00edndice de empoderamiento digital, lo que nos permite detectar oportunidades y brechas en la digitalizaci\u00f3n. As\u00ed, las personas pueden conocer su estado actual y saber en qu\u00e9 \u00e1reas pueden avanzar y crecer\u201d, se\u00f1ala la rectora de Unifranz, Ver\u00f3nica \u00c1greda de Pazos.<\/span><\/p>\n<p><iframe loading=\"lazy\" title=\"YouTube video player\" src=\"https:\/\/www.youtube.com\/embed\/mBGxbI8Dyx4?si=680w9wz5dr29JRzM\" width=\"560\" height=\"315\" frameborder=\"0\" allowfullscreen=\"allowfullscreen\"><\/iframe><\/p>\n<p><span style=\"font-weight: 400;\">Para Xiomara Zambrana, coordinadora del IME, esta herramienta permitir\u00e1 la aceleraci\u00f3n de la digitalizaci\u00f3n en Bolivia, con el prop\u00f3sito de fortalecer las habilidades existentes y el comercio digital en el pa\u00eds.<\/span><\/p>\n<p><span style=\"font-weight: 400;\">\u201cEste es un instrumento dise\u00f1ado para proporcionarte informaci\u00f3n valiosa sobre tus h\u00e1bitos, tu percepci\u00f3n de la tecnolog\u00eda y tus competencias digitales, con el objetivo de que los participantes puedan fortalecerlas\u201d, explica.\u00a0<\/span><\/p>\n<p><span style=\"font-weight: 400;\">\u00c1greda agrega que las capacidades en estas \u00e1reas son fundamentales para el sistema universitario y el pa\u00eds, ya que nos permiten conocer el avance del empoderamiento digital a nivel nacional. Por ello, se plantea que en una siguiente fase del estudio tambi\u00e9n se integre al Estado. La encuesta, disponible en <\/span><a href=\"https:\/\/boliviadigital.ime.bo\/\" target=\"_blank\" rel=\"noopener\"><span style=\"font-weight: 400;\">https:\/\/boliviadigital.ime.bo\/<\/span><\/a><span style=\"font-weight: 400;\"> toma en cuenta <strong>siete factores de medici\u00f3n<\/strong>:<\/span><\/p>\n<ul>\n<li style=\"font-weight: 400;\" aria-level=\"1\"><strong>Valoraci\u00f3n digital<\/strong><\/li>\n<\/ul>\n<p><span style=\"font-weight: 400;\">La Valoraci\u00f3n Digital refleja nuestra actitud y disposici\u00f3n hacia el uso de la tecnolog\u00eda en nuestras vidas diarias, as\u00ed como la percepci\u00f3n del impacto de las herramientas digitales en la sociedad.\u00a0<\/span><\/p>\n<p><span style=\"font-weight: 400;\">\u201cUna alta valoraci\u00f3n digital sugiere una visi\u00f3n optimista y entusiasta sobre el potencial de la tecnolog\u00eda para mejorar la calidad de vida y generar cambios positivos en la comunidad\u201d, expresa Zambrana.<\/span><\/p>\n<ul>\n<li style=\"font-weight: 400;\" aria-level=\"1\"><strong>Autoeficiencia digital<\/strong><\/li>\n<\/ul>\n<p><span style=\"font-weight: 400;\">Se refiere a la confianza que una persona tiene en sus habilidades para resolver problemas utilizando tecnolog\u00edas digitales en su vida diaria. Esto implica sentirse competente y seguro al enfrentar desaf\u00edos tecnol\u00f3gicos, lo que otorga mayor autonom\u00eda y eficacia en el entorno digital.<\/span><\/p>\n<ul>\n<li style=\"font-weight: 400;\" aria-level=\"1\"><strong>Templanza digital<\/strong><\/li>\n<\/ul>\n<p><span style=\"font-weight: 400;\">Consiste en mantener un equilibrio saludable entre el uso de tecnolog\u00edas digitales y otras \u00e1reas de la vida. Esto incluye gestionar de manera efectiva la ansiedad y el estr\u00e9s asociados con el uso de la tecnolog\u00eda, permitiendo disfrutar de sus beneficios sin afectar negativamente el bienestar emocional y f\u00edsico.<\/span><\/p>\n<ul>\n<li style=\"font-weight: 400;\" aria-level=\"1\"><strong>Resiliencia digital<\/strong><\/li>\n<\/ul>\n<p><span style=\"font-weight: 400;\">Es la capacidad de una persona para superar obst\u00e1culos y adaptarse a los cambios en el entorno digital. Esto implica enfrentar y sobreponerse a desaf\u00edos y dificultades al interactuar con tecnolog\u00edas digitales, demostrando una mentalidad flexible y perseverante en el mundo digital.<\/span><\/p>\n<ul>\n<li style=\"font-weight: 400;\" aria-level=\"1\"><strong>Responsabilidad digital<\/strong><\/li>\n<\/ul>\n<p><span style=\"font-weight: 400;\">Implica un comportamiento \u00e9tico y consciente al interactuar con tecnolog\u00edas digitales y compartir contenido en l\u00ednea. Esto incluye tomar precauciones para proteger la privacidad y seguridad en l\u00ednea, as\u00ed como ser consciente del impacto de las acciones en los dem\u00e1s y en la sociedad en general, contribuyendo a un entorno digital m\u00e1s seguro, inclusivo y respetuoso.<\/span><\/p>\n<ul>\n<li style=\"font-weight: 400;\" aria-level=\"1\"><strong>Efectividad digital<\/strong><\/li>\n<\/ul>\n<p><span style=\"font-weight: 400;\">Se centra en la habilidad de una persona para utilizar eficazmente las tecnolog\u00edas digitales para alcanzar sus metas y resolver problemas. Esto implica ser competente en el manejo de diversas aplicaciones y dispositivos, as\u00ed como adaptarse r\u00e1pidamente a nuevas tecnolog\u00edas emergentes, mejorando as\u00ed la productividad y eficiencia en diferentes aspectos de la vida.<\/span><\/p>\n<ul>\n<li style=\"font-weight: 400;\" aria-level=\"1\"><strong>Curiosidad digital<\/strong><\/li>\n<\/ul>\n<p><span style=\"font-weight: 400;\">Representa la disposici\u00f3n y motivaci\u00f3n de una persona para explorar y experimentar con nuevas tecnolog\u00edas y tendencias digitales. Manteniendo una mente abierta y un inter\u00e9s activo en aprender sobre las \u00faltimas innovaciones en el mundo digital, se disfruta explorando nuevas posibilidades y se mantiene actualizado en un mundo en constante evoluci\u00f3n.<\/span><\/p>\n<p><b>Resultados<\/b><\/p>\n<p><span style=\"font-weight: 400;\">\u00c1greda se\u00f1ala que los resultados del estudio tienen un triple impacto. Por un lado, al concluir la encuesta, cada participante recibir\u00e1 un resultado en cada uno de los factores de medici\u00f3n, lo que le permitir\u00e1 tomar decisiones respecto a su formaci\u00f3n digital.\u00a0<\/span><\/p>\n<p><span style=\"font-weight: 400;\">A nivel macro, el estudio permitir\u00e1 entender las necesidades de formaci\u00f3n de poblaciones en particular y a nivel pa\u00eds, servir\u00e1 para comparar la situaci\u00f3n en Bolivia con la de M\u00e9xico, Chile y Espa\u00f1a.<\/span><\/p>\n<p><span style=\"font-weight: 400;\">\u201cLos resultados sirven para que las personas comprendan su nivel de digitalizaci\u00f3n y las oportunidades de formaci\u00f3n y crecimiento que tienen, as\u00ed como identificar qu\u00e9 les falta para seguir progresando. A nivel macro, el estudio ayuda a entender las necesidades de formaci\u00f3n y capacitaci\u00f3n\u201d, apunta \u00c1greda.<\/span><\/p>","protected":false},"excerpt":{"rendered":"<p>Por Manuel Filomeno El uso de herramientas digitales se ha convertido en parte esencial de nuestras vidas. Sin embargo, existen diferentes niveles y brechas en digitalizaci\u00f3n, que deben ser acortadas para avanzar como sociedad. Ante esta situaci\u00f3n, el Instituto de la Mujer &amp; Empresa\u00a0(IME), el Observatorio Nacional del Trabajo\u00a0(ONT),\u00a0en colaboraci\u00f3n con el Centro de Investigaci\u00f3n, &hellip; <a href=\"https:\/\/unifranz.edu.bo\/pt\/blog\/que-tan-digitalizado-estas-lanzan-encuesta-para-conocer-nivel-de-empoderamiento-digital\/\">Continued<\/a><\/p>","protected":false},"author":45,"featured_media":661117,"comment_status":"open","ping_status":"open","sticky":false,"template":"","format":"standard","meta":{"_acf_changed":false,"footnotes":""},"categories":[60,7165,2592,1866,1782],"tags":[1512,1540,10332,10331,1422,6018,3424,242],"class_list":["post-661116","post","type-post","status-publish","format-standard","has-post-thumbnail","hentry","category-blog","category-digitalizacio","category-empoderamiento","category-tecnologia-es","category-unifranz","tag-ciintur","tag-digitalizacion","tag-empoderamiento-digital","tag-estudio-de-empoderamiento-digital","tag-innovacion-en-educacion","tag-instituto-de-la-mujer-y-empresa","tag-observatorio-nacional-del-trabajo","tag-unifranz"],"acf":[],"_links":{"self":[{"href":"https:\/\/unifranz.edu.bo\/pt\/wp-json\/wp\/v2\/posts\/661116","targetHints":{"allow":["GET"]}}],"collection":[{"href":"https:\/\/unifranz.edu.bo\/pt\/wp-json\/wp\/v2\/posts"}],"about":[{"href":"https:\/\/unifranz.edu.bo\/pt\/wp-json\/wp\/v2\/types\/post"}],"author":[{"embeddable":true,"href":"https:\/\/unifranz.edu.bo\/pt\/wp-json\/wp\/v2\/users\/45"}],"replies":[{"embeddable":true,"href":"https:\/\/unifranz.edu.bo\/pt\/wp-json\/wp\/v2\/comments?post=661116"}],"version-history":[{"count":3,"href":"https:\/\/unifranz.edu.bo\/pt\/wp-json\/wp\/v2\/posts\/661116\/revisions"}],"predecessor-version":[{"id":661140,"href":"https:\/\/unifranz.edu.bo\/pt\/wp-json\/wp\/v2\/posts\/661116\/revisions\/661140"}],"wp:featuredmedia":[{"embeddable":true,"href":"https:\/\/unifranz.edu.bo\/pt\/wp-json\/wp\/v2\/media\/661117"}],"wp:attachment":[{"href":"https:\/\/unifranz.edu.bo\/pt\/wp-json\/wp\/v2\/media?parent=661116"}],"wp:term":[{"taxonomy":"category","embeddable":true,"href":"https:\/\/unifranz.edu.bo\/pt\/wp-json\/wp\/v2\/categories?post=661116"},{"taxonomy":"post_tag","embeddable":true,"href":"https:\/\/unifranz.edu.bo\/pt\/wp-json\/wp\/v2\/tags?post=661116"}],"curies":[{"name":"wp","href":"https:\/\/api.w.org\/{rel}","templated":true}]}}