{"id":658075,"date":"2024-11-07T20:51:57","date_gmt":"2024-11-08T00:51:57","guid":{"rendered":"https:\/\/unifranz.edu.bo\/?p=658075"},"modified":"2024-11-08T00:03:01","modified_gmt":"2024-11-08T04:03:01","slug":"empleabilidad-y-formalidad-laboral-en-bolivia-ont-presenta-analisis-en-la-iii-feria-de-empleabilidad-de-unifranz","status":"publish","type":"post","link":"https:\/\/unifranz.edu.bo\/pt\/blog\/empleabilidad-y-formalidad-laboral-en-bolivia-ont-presenta-analisis-en-la-iii-feria-de-empleabilidad-de-unifranz\/","title":{"rendered":"Empleabilidad y formalidad laboral en Bolivia: ONT presenta an\u00e1lisis en la III Feria de Empleabilidad de UNIFRANZ"},"content":{"rendered":"<p>Por Manuel Filomeno<\/p>\n<p>En Bolivia las brechas de cantidad y calidad laboral entre hombres y mujeres y entre j\u00f3venes y adultos superan el 5%, revela el informe \u201cExplorando la informalidad: An\u00e1lisis del trabajo en Bolivia\u201d, elaborado por el Observatorio Nacional del Trabajo (ONT), presentado este jueves, en el marco de la Feria de la Empleabilidad de la Universidad Franz Tamayo, Unifranz.<\/p>\n<p>\u201cEn el informe hemos identificado brechas significativas entre hombres y mujeres, siendo las mujeres quienes presentan niveles m\u00e1s bajos en cuanto a formalidad y calidad del trabajo. Tambi\u00e9n encontramos diferencias entre grupos etarios, con los j\u00f3venes enfrentando peores condiciones laborales en comparaci\u00f3n con la poblaci\u00f3n adulta\u201d, expresa Diego Urioste, coordinador del ONT.<\/p>\n<p>El an\u00e1lisis fue realizado en base a datos del Instituto Nacional de Estad\u00edstica (INE), desde la perspectiva del \u00cdndice de Mejores Trabajos (IMT) del Banco Interamericano de Desarrollo (BID), el cual mide la participaci\u00f3n laboral, la ocupaci\u00f3n efectiva, la formalidad y la suficiencia de los salarios, organizando estos cuatro indicadores en dos dimensiones, cantidad y calidad del empleo.<\/p>\n<p>El informe muestra notables diferencias de g\u00e9nero en el acceso a empleos formales y en suficiencia salarial. La tasa de formalidad para hombres es m\u00e1s alta que para las mujeres, lo cual refleja una brecha de g\u00e9nero en el acceso a beneficios laborales y protecci\u00f3n social.<\/p>\n<p>\u201cMientras que los niveles de formalidad para hombres alcanzan un 15.3%, apenas llegan al 10% para las mujeres. Esta menor cobertura de formalidad en las trabajadoras implica menos acceso a seguridad social y beneficios laborales, especialmente en el contexto de trabajos informales donde la presencia femenina es mayor\u201d, explica el documento.<\/p>\n<p>En t\u00e9rminos de suficiencia salarial (si los trabajadores ganan salarios por encima del umbral de pobreza), la investigaci\u00f3n concluye que los hombres presentan mejores resultados que las mujeres, especialmente respecto a aquellas que viven en \u00e1reas rurales.<\/p>\n<p>\u201cLa suficiencia salarial para hombres adultos en el \u00e1rea urbana es del 74.4%, mientras que para las mujeres j\u00f3venes alcanza solo el 62.9%. Esta brecha refleja no solo la desigualdad en ingresos sino tambi\u00e9n en el acceso a trabajos seguros y bien remunerados\u201d, contin\u00faa el estudio.<\/p>\n<p>Para\u00a0 Urioste, esta situaci\u00f3n se vincula con factores como la segregaci\u00f3n (discriminaci\u00f3n) ocupacional y las responsabilidades de cuidado familiar que recaen tradicionalmente sobre las mujeres.<\/p>\n<p><iframe loading=\"lazy\" title=\"YouTube video player\" src=\"https:\/\/www.youtube.com\/embed\/WkB7o38OLgI?si=biCYB7OAMLLcGO_G\" width=\"560\" height=\"315\" frameborder=\"0\" allowfullscreen=\"allowfullscreen\"><\/iframe><\/p>\n<p><strong>Marcadas diferencias entre adultos y j\u00f3venes<\/strong><\/p>\n<p>Respecto a los grupos etarios, el investigador apunta que se observa una clara diferencia entre los adultos y los j\u00f3venes, as\u00ed como entre hombres y mujeres dentro de cada grupo.<\/p>\n<p>As\u00ed, por ejemplo, los hombres adultos de 25 a\u00f1os o m\u00e1s registran un IMT (el promedio de los cuatro indicadores) m\u00e1s elevado, cercano al 73%, mientras que las mujeres j\u00f3venes de 15 a 24 a\u00f1os presentan el valor m\u00e1s bajo, alrededor del 44,6%. Este patr\u00f3n indica una correlaci\u00f3n positiva entre la edad y la estabilidad laboral, dado que los adultos tienen mayores oportunidades para acceder a empleos formales y mejor remunerados, lo que contribuye a un IMT m\u00e1s alto.<\/p>\n<p>Adem\u00e1s, la brecha de g\u00e9nero persiste en ambos grupos etarios. Los hombres mantienen valores de IMT superiores a los de las mujeres, tanto en el grupo de adultos como en el de j\u00f3venes. Espec\u00edficamente, el IMT para los hombres j\u00f3venes es aproximadamente del 50,6%, mientras que para las mujeres j\u00f3venes es significativamente menor, alcanzando s\u00f3lo el 44,6%.<\/p>\n<p>\u201cEsta diferencia puede atribuirse a la persistente desigualdad de g\u00e9nero en el acceso a empleos de calidad, lo cual est\u00e1 influenciado por factores culturales, sociales y econ\u00f3micos. Las mujeres enfrentan barreras adicionales para acceder a empleos bien remunerados y formales, especialmente en sectores con alta cobertura de beneficios sociales y estabilidad\u201d, se\u00f1ala la investigaci\u00f3n.<\/p>\n<p><strong>Mayor informalidad, peores empleos<\/strong><\/p>\n<p>En t\u00e9rminos generales, el informe revela que la participaci\u00f3n laboral o PET (la poblaci\u00f3n en edad de trabajar, trabajando o en busca de trabajo) en Bolivia alcanza el 81,5%, mientras que la ocupaci\u00f3n efectiva, entendido como el porcentaje de personas ocupadas dentro de la PET, se sit\u00faa en 79%, lo cual sugiere que una porci\u00f3n significativa de la poblaci\u00f3n activa se encuentra actualmente empleada.<\/p>\n<p>Por otra parte, en el caso de la formalidad, los resultados del estudio muestran que solo el 14,1% de los trabajadores ocupados cuenta con beneficios laborales y seguridad social, siendo una peque\u00f1a porci\u00f3n de la PET. \u201cPor ejemplo, el indicador de formalidad laboral en Santa Cruz es del 18%, mientras que en La Paz es del 11,9%\u201d, explica Urioste<\/p>\n<p>Respecto a la suficiencia salarial, indicador que eval\u00faa si los ingresos laborales superan la l\u00ednea de pobreza, llega al 73,5%, con matices en consideraci\u00f3n al \u00e1rea urbana y rural, g\u00e9nero y edad.<\/p>\n<p>Esto muestra que, refiri\u00e9ndose al IMT, Bolivia alcanza un puntaje general del 62,03%, lo que sit\u00faa al pa\u00eds en la parte media-baja de la tabla comparativa de la regi\u00f3n, a la par de pa\u00edses como Paraguay y Ecuador.<\/p>\n<p><strong>Importancia del estudio<\/strong><\/p>\n<p>El presidente de la C\u00e1mara Nacional de Industrias (CNI), Pablo Camacho, remarca la importancia de tener datos actualizados y confiables de la situaci\u00f3n laboral del pa\u00eds, con el objeto de realizar una mejor planificaci\u00f3n de acciones en favor del empleo.<\/p>\n<p>\u201cYa conocemos, por dem\u00e1s, que vivimos en una econom\u00eda informal, sin embargo, m\u00e1s all\u00e1 de ver qu\u00e9 tan informales somos, es necesario ver c\u00f3mo hacemos para salir de esta situaci\u00f3n y generar empleo formal, por eso estos estudios son sumamente importantes\u201d, expresa el presidente de la CNI.<\/p>\n<p>Rolando Kempff, presidente de la Federaci\u00f3n de Empresarios Privados de La Paz (FEPLP), por su parte, puntualiza que la empresa privada es la mayor generadora de empleo en el pa\u00eds, gestando aproximadamente 35.000 millones de d\u00f3lares en bienes y servicios, por lo que la informaci\u00f3n contenida en el estudio puede dar pie al planteamiento de soluciones que permitan incorporar los emprendimientos informales dentro de la estructura formal, para poder unir esfuerzos y multiplicar los beneficios en t\u00e9rminos de empleo y generaci\u00f3n de riqueza.<\/p>\n<p>\u201cEste estudio es fundamental porque nos habla de la informalidad que tenemos en el pa\u00eds. Tenemos que incorporar esa informalidad a lo formal y de ah\u00ed crecer exponencialmente. Ahora tenemos casi un 20% de formalidad y un 80% de informales, tenemos que abrir la mente y generar una sinergia del sector acad\u00e9mico y el empresarial para incorporar ese 80% de informalidad\u201d, apunta.<\/p>\n<p>Para la rectora de Unifranz, Ver\u00f3nica \u00c1greda, el informe presentado es parte de un conglomerado de data que trabaja el Observatorio Nacional del Trabajo de Unifranz, que naci\u00f3 bajo una alianza entre la Organizaci\u00f3n Internacional de Trabajo en Per\u00fa, la C\u00e1mara de Industria, la C\u00e1mara de Comercio, las C\u00e1maras de las Mujeres Empresarias de Bolivia, entre otros organismos, con el objetivo de tener informaci\u00f3n necesaria para conocer la realidad de c\u00f3mo est\u00e1 funcionando el mercado laboral.<\/p>\n<p>\u201cEstamos frente a la industria 5.0, donde toca generar alianzas y cooperar entre hombres y m\u00e1quinas, porque el peligro ya no es que la inteligencia artificial que nos quita el trabajo; el peligro es que el que sabe utilizar inteligencia artificial nos quita el trabajo. Este tipo de estudios nos pone frente a la realidad de c\u00f3mo vamos en el \u00edndice de desarrollo humano, c\u00f3mo estamos situados en el \u00edndice de progreso social y ver cu\u00e1nto empleo de calidad se est\u00e1 generando, cu\u00e1nto se est\u00e1 cerrando la brecha entre los ricos y pobres, cu\u00e1nto futuro hay para las nuevas generaciones\u201d, apunt\u00f3.<\/p>\n<p><img loading=\"lazy\" decoding=\"async\" class=\"wp-image-658077 aligncenter\" src=\"https:\/\/unifranz.edu.bo\/wp-content\/uploads\/2024\/11\/INFO-OCUPACION-EFECTIVA-300x300.png\" alt=\"\" width=\"553\" height=\"553\" srcset=\"https:\/\/unifranz.edu.bo\/wp-content\/uploads\/2024\/11\/INFO-OCUPACION-EFECTIVA-300x300.png 300w, https:\/\/unifranz.edu.bo\/wp-content\/uploads\/2024\/11\/INFO-OCUPACION-EFECTIVA-768x768.png 768w, https:\/\/unifranz.edu.bo\/wp-content\/uploads\/2024\/11\/INFO-OCUPACION-EFECTIVA-12x12.png 12w, https:\/\/unifranz.edu.bo\/wp-content\/uploads\/2024\/11\/INFO-OCUPACION-EFECTIVA.png 1000w\" sizes=\"auto, (max-width: 553px) 100vw, 553px\" \/><\/p>\n<p><strong>Competencias laborales<\/strong><\/p>\n<p>La ONT tambi\u00e9n realiz\u00f3 el lanzamiento de la segunda etapa de su estudio sobre competencias laborales, el cual, en esta ocasi\u00f3n, se centrar\u00e1 en las demandas competenciales en los puestos operativos.<\/p>\n<p>\u201cDurante la primera etapa, nos centramos en las competencias m\u00e1s requeridas y utilizadas en los niveles estrat\u00e9gicos y t\u00e1cticos, en esta ocasi\u00f3n, nuestra intenci\u00f3n es conocer que se requiere y cu\u00e1les son las cualidades m\u00e1s requeridas para los trabajadores en los puestos operativos, para lo cual invitamos a las empresas a participar de este estudio\u201d, finaliza Urioste.<\/p>\n<p>La presentaci\u00f3n se di\u00f3 en el marco de la III Feria de Empleabilidad de Unifranz, en la que participaron m\u00e1s de 50 prestigiosas empresas, instituciones p\u00fablicas y privadas, con el objetivo de conectar a los nuevos profesionales y estudiantes de \u00faltimos semestres con los empleadores.<\/p>\n<figure id=\"attachment_658079\" aria-describedby=\"caption-attachment-658079\" style=\"width: 775px\" class=\"wp-caption alignnone\"><img loading=\"lazy\" decoding=\"async\" class=\"wp-image-658079\" src=\"https:\/\/unifranz.edu.bo\/wp-content\/uploads\/2024\/11\/FE-2-300x168.jpg\" alt=\"\" width=\"775\" height=\"434\" srcset=\"https:\/\/unifranz.edu.bo\/wp-content\/uploads\/2024\/11\/FE-2-300x168.jpg 300w, https:\/\/unifranz.edu.bo\/wp-content\/uploads\/2024\/11\/FE-2-1024x574.jpg 1024w, https:\/\/unifranz.edu.bo\/wp-content\/uploads\/2024\/11\/FE-2-768x430.jpg 768w, https:\/\/unifranz.edu.bo\/wp-content\/uploads\/2024\/11\/FE-2-1536x861.jpg 1536w, https:\/\/unifranz.edu.bo\/wp-content\/uploads\/2024\/11\/FE-2-2048x1148.jpg 2048w, https:\/\/unifranz.edu.bo\/wp-content\/uploads\/2024\/11\/FE-2-18x10.jpg 18w\" sizes=\"auto, (max-width: 775px) 100vw, 775px\" \/><figcaption id=\"caption-attachment-658079\" class=\"wp-caption-text\">En la imagen: Pablo Camacho, presidente de la CNI; Rolando Kempff, presidente de la Federaci\u00f3n de Empresarios Privados de La Paz; Ver\u00f3nica \u00c1greda, Rectora de Unifranz; Pedro S\u00e1enz, vicerrector de Unifranz La Paz; Eve G\u00f3mez, vicerrectora de Unifranz El Alto y Alejandro de la Reza, vicerrector de Postgrado Unifranz, Diego Urioste, Coordinador del Observatorio Nacional del Trabajo, entre otros.<\/figcaption><\/figure>\n<p>&nbsp;<\/p>\n<p>&nbsp;<\/p>","protected":false},"excerpt":{"rendered":"<p>Por Manuel Filomeno En Bolivia las brechas de cantidad y calidad laboral entre hombres y mujeres y entre j\u00f3venes y adultos superan el 5%, revela el informe \u201cExplorando la informalidad: An\u00e1lisis del trabajo en Bolivia\u201d, elaborado por el Observatorio Nacional del Trabajo (ONT), presentado este jueves, en el marco de la Feria de la Empleabilidad &hellip; <a href=\"https:\/\/unifranz.edu.bo\/pt\/blog\/empleabilidad-y-formalidad-laboral-en-bolivia-ont-presenta-analisis-en-la-iii-feria-de-empleabilidad-de-unifranz\/\">Continued<\/a><\/p>","protected":false},"author":45,"featured_media":658076,"comment_status":"open","ping_status":"open","sticky":false,"template":"","format":"standard","meta":{"_acf_changed":false,"footnotes":""},"categories":[60],"tags":[10320,2802,7515,10321,7513,1422,3424,1592,242],"class_list":["post-658075","post","type-post","status-publish","format-standard","has-post-thumbnail","hentry","category-blog","tag-brecha-laboral","tag-empleabilidad","tag-formalidad","tag-formalidad-laboral-en-bolivia","tag-informalidad","tag-innovacion-en-educacion","tag-observatorio-nacional-del-trabajo","tag-trabajo","tag-unifranz"],"acf":[],"_links":{"self":[{"href":"https:\/\/unifranz.edu.bo\/pt\/wp-json\/wp\/v2\/posts\/658075","targetHints":{"allow":["GET"]}}],"collection":[{"href":"https:\/\/unifranz.edu.bo\/pt\/wp-json\/wp\/v2\/posts"}],"about":[{"href":"https:\/\/unifranz.edu.bo\/pt\/wp-json\/wp\/v2\/types\/post"}],"author":[{"embeddable":true,"href":"https:\/\/unifranz.edu.bo\/pt\/wp-json\/wp\/v2\/users\/45"}],"replies":[{"embeddable":true,"href":"https:\/\/unifranz.edu.bo\/pt\/wp-json\/wp\/v2\/comments?post=658075"}],"version-history":[{"count":3,"href":"https:\/\/unifranz.edu.bo\/pt\/wp-json\/wp\/v2\/posts\/658075\/revisions"}],"predecessor-version":[{"id":658537,"href":"https:\/\/unifranz.edu.bo\/pt\/wp-json\/wp\/v2\/posts\/658075\/revisions\/658537"}],"wp:featuredmedia":[{"embeddable":true,"href":"https:\/\/unifranz.edu.bo\/pt\/wp-json\/wp\/v2\/media\/658076"}],"wp:attachment":[{"href":"https:\/\/unifranz.edu.bo\/pt\/wp-json\/wp\/v2\/media?parent=658075"}],"wp:term":[{"taxonomy":"category","embeddable":true,"href":"https:\/\/unifranz.edu.bo\/pt\/wp-json\/wp\/v2\/categories?post=658075"},{"taxonomy":"post_tag","embeddable":true,"href":"https:\/\/unifranz.edu.bo\/pt\/wp-json\/wp\/v2\/tags?post=658075"}],"curies":[{"name":"wp","href":"https:\/\/api.w.org\/{rel}","templated":true}]}}