{"id":657513,"date":"2024-11-06T23:16:32","date_gmt":"2024-11-07T03:16:32","guid":{"rendered":"https:\/\/unifranz.edu.bo\/?p=657513"},"modified":"2024-11-07T07:14:28","modified_gmt":"2024-11-07T11:14:28","slug":"puede-la-justicia-boliviana-prohibir-publicar-contenido-en-redes","status":"publish","type":"post","link":"https:\/\/unifranz.edu.bo\/pt\/blog\/puede-la-justicia-boliviana-prohibir-publicar-contenido-en-redes\/","title":{"rendered":"\u00bfPuede la justicia boliviana prohibir publicar contenido en redes sociales?"},"content":{"rendered":"<p><span style=\"font-weight: 400;\">Los casos de los tiktokers Ruben B. y de Gast\u00f3n I. (Conejo Sangriento) desataron debates sobre la creaci\u00f3n de contenido en redes sociales y los l\u00edmites de la libertad de expresi\u00f3n. En ambos casos, la justicia boliviana decidi\u00f3 prohibirles publicar m\u00e1s contenido y ambos fueron detenidos por sus declaraciones. \u00bfCu\u00e1les son los l\u00edmites de la libertad de expresi\u00f3n?\u00a0<\/span><\/p>\n<p><span style=\"font-weight: 400;\">\u201cUna persona que se vea agraviada en el honor, en la privacidad, en su honra, en su imagen, puede recurrir por v\u00eda legal, para que el juez ordene que se pueda prohibir ese tipo de publicaciones\u201d, explica William Llanos, docente de la carrera de Derecho en la Universidad Franz Tamayo, Unifranz.<\/span><\/p>\n<p><span style=\"font-weight: 400;\">La libertad de expresi\u00f3n est\u00e1 garantizada en el pa\u00eds. El art\u00edculo 21 de la Constituci\u00f3n Pol\u00edtica del Estado (CPE) se\u00f1ala que las bolivianas y los bolivianos tienen derecho: \u201cA expresar y difundir libremente pensamientos u opiniones por cualquier medio de comunicaci\u00f3n, de forma oral, escrita o visual, individual o colectiva\u201d.\u00a0<\/span><\/p>\n<p><span style=\"font-weight: 400;\">No obstante, cuando \u00e9sta se sobrepone o afecta a otros derechos, pasa a un terreno en el que se debe precautelar el bien com\u00fan, a\u00f1ade Llanos.\u00a0<\/span><\/p>\n<p><span style=\"font-weight: 400;\">\u201cHay instrumentos legales que le ponen un l\u00edmite ante el desborde, en cuanto, al derecho de la informaci\u00f3n. Es decir, a esa capacidad de poder expresar sin l\u00edmites, cualquier motivo o tem\u00e1tica. Y eso ahora se lo est\u00e1 viendo a trav\u00e9s de los tiktoks\u201d, critica.\u00a0<\/span><\/p>\n<p><span style=\"font-weight: 400;\">La Ley 045 contra el racismo y toda forma de discriminaci\u00f3n de 2010 define en su art\u00edculo 281 quater: \u201cLa persona que por cualquier medio difunda ideas basadas en la superioridad o en el odio racial, o que promuevan y\/o justifiquen el racismo o toda forma de discriminaci\u00f3n, por los motivos descritos en los art\u00edculos 281 bis y 281 ter, o incite a la violencia, o a la persecuci\u00f3n, de personas o grupos de personas, fundados en motivos racistas o discriminatorios, ser\u00e1 sancionado con la pena privativa de libertad de uno a cinco a\u00f1os\u201d.\u00a0<\/span><\/p>\n<p><span style=\"font-weight: 400;\">Sobre la prohibici\u00f3n de publicar nuevos contenidos, las determinaciones de la Justicia se deben cumplir. \u201cEl denunciado tiene la obligaci\u00f3n de cumplir\u201d, remarca el jurista.<\/span><\/p>\n<p><span style=\"font-weight: 400;\">La Ley 045 a\u00f1ade en su art\u00edculo 16, sobre sanciones: \u201cEl medio de comunicaci\u00f3n que autorizare y publicare ideas racistas y discriminatorias ser\u00e1 pasible de sanciones econ\u00f3micas y de suspensi\u00f3n de licencia de funcionamiento, sujeto a reglamentaci\u00f3n\u201d.<\/span><\/p>\n<p><iframe loading=\"lazy\" title=\"YouTube video player\" src=\"https:\/\/www.youtube.com\/embed\/oIYMJBPd-OM?si=QT1Xd1H5L8rkoT_D\" width=\"560\" height=\"315\" frameborder=\"0\" allowfullscreen=\"allowfullscreen\"><\/iframe><\/p>\n<p><b>Casos de creadores de contenido bolivianos sancionados<\/b><\/p>\n<p><span style=\"font-weight: 400;\">En julio de 2024, Rub\u00e9n B. fue imputado por discriminaci\u00f3n y racismo, bajo la Ley 045, pero recibi\u00f3 medidas sustitutivas, evitando la c\u00e1rcel. Adem\u00e1s, el juez sentenci\u00f3 la prohibici\u00f3n de publicar videos para el joven alte\u00f1o, quien fue denunciado por sus comentarios sobre la danza de los mineritos.<\/span><\/p>\n<p><span style=\"font-weight: 400;\">Los adjetivos calificativos que us\u00f3 en sus mensajes, causaron molestia e indignaci\u00f3n en el Comit\u00e9 C\u00edvico de Potos\u00ed y otras autoridades.\u00a0<\/span><\/p>\n<p><span style=\"font-weight: 400;\">Asimismo, el tiktoker Gast\u00f3n I. (conocido como Conejo Sangriento) fue detenido en septiembre de 2024 por el delito de difusi\u00f3n e incitaci\u00f3n al racismo o discriminaci\u00f3n. El hombre fue denunciado por el propio gobernador de La Paz, Santos Quispe.\u00a0<\/span><\/p>\n<p><span style=\"font-weight: 400;\">El creador de contenido fue acusado de profesar ideas discriminatorias y racistas contra las personas que viven en el \u00e1rea rural y los folkloristas.<\/span><\/p>\n<p><span style=\"font-weight: 400;\">\u201cEl tipo de contenidos que han estado circulando afectan a las personas. Podemos incluso decir que estamos entrando a temas de racismo y por supuesto, las personas que se vean melladas en esas expresiones, pueden presentar denuncia para que el juez eval\u00fae y ordene el cese de las publicaciones\u201d, comenta Llanos.\u00a0<\/span><\/p>\n<p><span style=\"font-weight: 400;\">En ambos casos, los tiktokers bolivianos fueron obligados a dejar de hacer publicaciones en sus redes sociales y evitaron la c\u00e1rcel. Los procesos a\u00fan se ventilan en la justicia boliviana, pero sentaron un precedente para casos similares en el futuro.\u00a0<\/span><\/p>\n<p><span style=\"font-weight: 400;\">\u201cSi bien podemos expresar todo lo que sentimos, la misma ley nos pone los l\u00edmites a esa posibilidad de expresi\u00f3n\u201d, finaliza el abogado.<\/span><\/p>","protected":false},"excerpt":{"rendered":"<p>Los casos de los tiktokers Ruben B. y de Gast\u00f3n I. (Conejo Sangriento) desataron debates sobre la creaci\u00f3n de contenido en redes sociales y los l\u00edmites de la libertad de expresi\u00f3n. En ambos casos, la justicia boliviana decidi\u00f3 prohibirles publicar m\u00e1s contenido y ambos fueron detenidos por sus declaraciones. \u00bfCu\u00e1les son los l\u00edmites de la &hellip; <a href=\"https:\/\/unifranz.edu.bo\/pt\/blog\/puede-la-justicia-boliviana-prohibir-publicar-contenido-en-redes\/\">Continued<\/a><\/p>","protected":false},"author":45,"featured_media":657514,"comment_status":"open","ping_status":"open","sticky":false,"template":"","format":"standard","meta":{"_acf_changed":false,"footnotes":""},"categories":[60,1886,1862,6394,4280,1782],"tags":[39,4526,10318,1422,4048,6076,9964,242,10317],"class_list":["post-657513","post","type-post","status-publish","format-standard","has-post-thumbnail","hentry","category-blog","category-derecho","category-educacion","category-educacion-superior","category-justicia","category-unifranz","tag-derecho","tag-discriminacion","tag-honor","tag-innovacion-en-educacion","tag-leyes","tag-normas","tag-noticias-de-hoy","tag-unifranz","tag-vulneracion-a-la-privacidad"],"acf":[],"_links":{"self":[{"href":"https:\/\/unifranz.edu.bo\/pt\/wp-json\/wp\/v2\/posts\/657513","targetHints":{"allow":["GET"]}}],"collection":[{"href":"https:\/\/unifranz.edu.bo\/pt\/wp-json\/wp\/v2\/posts"}],"about":[{"href":"https:\/\/unifranz.edu.bo\/pt\/wp-json\/wp\/v2\/types\/post"}],"author":[{"embeddable":true,"href":"https:\/\/unifranz.edu.bo\/pt\/wp-json\/wp\/v2\/users\/45"}],"replies":[{"embeddable":true,"href":"https:\/\/unifranz.edu.bo\/pt\/wp-json\/wp\/v2\/comments?post=657513"}],"version-history":[{"count":6,"href":"https:\/\/unifranz.edu.bo\/pt\/wp-json\/wp\/v2\/posts\/657513\/revisions"}],"predecessor-version":[{"id":657678,"href":"https:\/\/unifranz.edu.bo\/pt\/wp-json\/wp\/v2\/posts\/657513\/revisions\/657678"}],"wp:featuredmedia":[{"embeddable":true,"href":"https:\/\/unifranz.edu.bo\/pt\/wp-json\/wp\/v2\/media\/657514"}],"wp:attachment":[{"href":"https:\/\/unifranz.edu.bo\/pt\/wp-json\/wp\/v2\/media?parent=657513"}],"wp:term":[{"taxonomy":"category","embeddable":true,"href":"https:\/\/unifranz.edu.bo\/pt\/wp-json\/wp\/v2\/categories?post=657513"},{"taxonomy":"post_tag","embeddable":true,"href":"https:\/\/unifranz.edu.bo\/pt\/wp-json\/wp\/v2\/tags?post=657513"}],"curies":[{"name":"wp","href":"https:\/\/api.w.org\/{rel}","templated":true}]}}