{"id":657446,"date":"2024-11-06T16:10:34","date_gmt":"2024-11-06T20:10:34","guid":{"rendered":"https:\/\/unifranz.edu.bo\/?p=657446"},"modified":"2024-11-07T09:51:15","modified_gmt":"2024-11-07T13:51:15","slug":"economiacreativa","status":"publish","type":"post","link":"https:\/\/unifranz.edu.bo\/pt\/noticias\/economiacreativa\/","title":{"rendered":"Foro Internacional impulsa a Cochabamba como epicentro de la Econom\u00eda Creativa en Bolivia"},"content":{"rendered":"<p><span style=\"color: #000000;\">El 13 y 14 de noviembre, Cochabamba se convertir\u00e1 en el centro de la econom\u00eda creativa en Bolivia con la realizaci\u00f3n del segundo Foro Internacional de Econom\u00eda Creativa. Este evento, organizado por la Universidad Franz Tamayo (Unifranz) y el Instituto de Progreso Econ\u00f3mico y Empresarial (IPEE), en colaboraci\u00f3n con el Centro de Estudios de la Realidad Econ\u00f3mica y Social (CERES) y el Centro Internacional para la Empresa Privada (CIPE), reunir\u00e1 a expertos nacionales e internacionales para debatir sobre el potencial transformador de esta econom\u00eda en la regi\u00f3n.<\/span><\/p>\n<p><span style=\"color: #000000;\">Santiago Laserna, Director de Proyectos e Investigador en CERES y uno de los principales impulsores del foro, destac\u00f3 su relevancia: \u201cHablamos de Cochabamba convirti\u00e9ndose en el coraz\u00f3n de la econom\u00eda creativa de Bolivia. Las empresas de software que exportan sus servicios al resto del mundo tienen una fuerza en Cochabamba como no se ha visto en el resto del pa\u00eds. Esto ha sucedido de manera org\u00e1nica, directamente en el contexto internacional,\u201d se\u00f1al\u00f3 Laserna, subrayando tambi\u00e9n la importancia de retener el talento creativo local.<\/span><\/p>\n<p><span style=\"color: #000000;\"><strong>Econom\u00eda creativa: un motor para el desarrollo<\/strong><\/span><br \/>\n<span style=\"color: #000000;\">El foro abordar\u00e1 el concepto de econom\u00eda creativa, entendido como el conjunto de disciplinas que se basan en la innovaci\u00f3n y creatividad m\u00e1s que en grandes capitales financieros, transformando ideas originales en productos o servicios de alto valor agregado.<\/span><\/p>\n<p><span style=\"color: #000000;\">Entre los destacados participantes estar\u00e1 Felipe Buitrago Restrepo, co-creador del concepto de \u00abeconom\u00eda naranja\u00bb, quien define esta econom\u00eda como el \u201cconjunto de actividades que permiten que las ideas se transformen en bienes y servicios culturales, cuyo valor est\u00e1 determinado por su contenido de propiedad intelectual.\u201d Su participaci\u00f3n, junto con la de exponentes locales como Edita Vojtkova, dise\u00f1adora de moda, busca ampliar el entendimiento sobre el impacto de sectores como arte, cultura, tecnolog\u00eda y turismo en el desarrollo econ\u00f3mico y social del pa\u00eds.<\/span><\/p>\n<p><strong><span style=\"color: #000000;\">Un impulso para la diversificaci\u00f3n econ\u00f3mica<\/span><\/strong><br \/>\n<span style=\"color: #000000;\">En Bolivia, la econom\u00eda creativa representa una alternativa para diversificar una econom\u00eda hist\u00f3ricamente dependiente de recursos naturales. Seg\u00fan Laserna, este modelo econ\u00f3mico permite a los ciudadanos generar sus propios empleos, promoviendo sostenibilidad y resiliencia. \u201cEn Bolivia dependemos mucho de los recursos naturales, desde el esta\u00f1o y el caucho hasta el gas y el litio. La econom\u00eda creativa nos da la oportunidad de diversificar nuestra econom\u00eda y empoderar a las personas para que generen sus propias fuentes de empleo y crecimiento econ\u00f3mico\u201d, explic\u00f3.<\/span><\/p>\n<p><span style=\"color: #000000;\">Por su parte, Ericka Berr\u00edos, directora del IPEE, resalt\u00f3 el prop\u00f3sito del foro: \u201cNuestro objetivo es fomentar el desarrollo sostenible de Cochabamba promoviendo y visibilizando el ecosistema creativo local. Este espacio reunir\u00e1 a diversos actores para impulsar la innovaci\u00f3n, el emprendimiento y la creaci\u00f3n de redes que posicionen a Cochabamba como referente en econom\u00eda creativa a nivel nacional e internacional, abriendo nuevas oportunidades de desarrollo econ\u00f3mico y social.\u201d<\/span><\/p>\n<p><span style=\"color: #000000;\">Investigaci\u00f3n y colaboraci\u00f3n: una base para el futuro<\/span><br \/>\n<span style=\"color: #000000;\">Durante el evento, Unifranz y CERES presentar\u00e1n un nuevo libro sobre econom\u00eda creativa, una publicaci\u00f3n que compila art\u00edculos de expertos sobre temas como m\u00fasica, software y moda, as\u00ed como el papel de la creatividad en el desarrollo de Bolivia. Este esfuerzo se basa en las discusiones e investigaciones generadas en la primera edici\u00f3n del foro y busca establecer un marco de referencia para impulsar esta econom\u00eda en el pa\u00eds.<\/span><\/p>\n<p><span style=\"color: #000000;\">El foro ser\u00e1 accesible tanto de manera presencial como virtual, abriendo sus puertas a emprendedores, estudiantes, profesionales y al p\u00fablico general. Con la presencia de destacados expertos internacionales y actores locales, este evento se perfila como una plataforma \u00fanica para quienes deseen contribuir al crecimiento de la econom\u00eda creativa en Bolivia.<\/span><\/p>\n<p><span style=\"color: #000000;\">En palabras de Laserna, el foro \u201ces una puerta de entrada para que Cochabamba y Bolivia se posicionen en el mapa de la econom\u00eda creativa de la regi\u00f3n. Queremos que todos los asistentes, ya sea de manera presencial o virtual, puedan llevarse herramientas y conocimientos que les ayuden a desarrollar y aprovechar el inmenso potencial creativo que tiene nuestro pa\u00eds.\u201d<\/span><\/p>","protected":false},"excerpt":{"rendered":"<p>El 13 y 14 de noviembre, Cochabamba se convertir\u00e1 en el centro de la econom\u00eda creativa en Bolivia con la realizaci\u00f3n del segundo Foro Internacional de Econom\u00eda Creativa. Este evento, organizado por la Universidad Franz Tamayo (Unifranz) y el Instituto de Progreso Econ\u00f3mico y Empresarial (IPEE), en colaboraci\u00f3n con el Centro de Estudios de la &hellip; <a href=\"https:\/\/unifranz.edu.bo\/pt\/noticias\/economiacreativa\/\">Continued<\/a><\/p>","protected":false},"author":27,"featured_media":657472,"comment_status":"open","ping_status":"open","sticky":false,"template":"","format":"standard","meta":{"_acf_changed":false,"footnotes":""},"categories":[5858,60,35,2186,2566,6597,2756,1862,1004,1708,2858,29,1782],"tags":[37,53,386,210,1422,248,1650,242],"class_list":["post-657446","post","type-post","status-publish","format-standard","has-post-thumbnail","hentry","category-unifranz-cochabamba","category-blog","category-carreras","category-carreras-es","category-docente","category-economia-creativa","category-economia-naranja","category-educacion","category-estudiantes","category-innovacion","category-innovacion-en-educacion","category-noticias","category-unifranz","tag-cochabamba","tag-educacion","tag-estudiantes","tag-innovacion","tag-innovacion-en-educacion","tag-internacionalizacion","tag-mejores-universidades-de-bolivia","tag-unifranz"],"acf":[],"_links":{"self":[{"href":"https:\/\/unifranz.edu.bo\/pt\/wp-json\/wp\/v2\/posts\/657446","targetHints":{"allow":["GET"]}}],"collection":[{"href":"https:\/\/unifranz.edu.bo\/pt\/wp-json\/wp\/v2\/posts"}],"about":[{"href":"https:\/\/unifranz.edu.bo\/pt\/wp-json\/wp\/v2\/types\/post"}],"author":[{"embeddable":true,"href":"https:\/\/unifranz.edu.bo\/pt\/wp-json\/wp\/v2\/users\/27"}],"replies":[{"embeddable":true,"href":"https:\/\/unifranz.edu.bo\/pt\/wp-json\/wp\/v2\/comments?post=657446"}],"version-history":[{"count":3,"href":"https:\/\/unifranz.edu.bo\/pt\/wp-json\/wp\/v2\/posts\/657446\/revisions"}],"predecessor-version":[{"id":657696,"href":"https:\/\/unifranz.edu.bo\/pt\/wp-json\/wp\/v2\/posts\/657446\/revisions\/657696"}],"wp:featuredmedia":[{"embeddable":true,"href":"https:\/\/unifranz.edu.bo\/pt\/wp-json\/wp\/v2\/media\/657472"}],"wp:attachment":[{"href":"https:\/\/unifranz.edu.bo\/pt\/wp-json\/wp\/v2\/media?parent=657446"}],"wp:term":[{"taxonomy":"category","embeddable":true,"href":"https:\/\/unifranz.edu.bo\/pt\/wp-json\/wp\/v2\/categories?post=657446"},{"taxonomy":"post_tag","embeddable":true,"href":"https:\/\/unifranz.edu.bo\/pt\/wp-json\/wp\/v2\/tags?post=657446"}],"curies":[{"name":"wp","href":"https:\/\/api.w.org\/{rel}","templated":true}]}}