{"id":637192,"date":"2024-10-28T21:45:48","date_gmt":"2024-10-29T01:45:48","guid":{"rendered":"https:\/\/unifranz.edu.bo\/?p=637192"},"modified":"2024-10-28T21:45:48","modified_gmt":"2024-10-29T01:45:48","slug":"audalia-zurita-superar-el-cancer-es-una-oportunidad-para-vivir-con-mas-intensidad","status":"publish","type":"post","link":"https:\/\/unifranz.edu.bo\/pt\/carreras\/audalia-zurita-superar-el-cancer-es-una-oportunidad-para-vivir-con-mas-intensidad\/","title":{"rendered":"Audalia Zurita: Superar el c\u00e1ncer es una oportunidad para vivir con m\u00e1s intensidad"},"content":{"rendered":"<p><span style=\"font-weight: 400;\">El 16 de julio de 2018 marc\u00f3 un antes y un despu\u00e9s para Audalia Zurita. Aquel d\u00eda, ella se encontr\u00f3 en una encrucijada inesperada, lo que comenz\u00f3 como una sospecha se transform\u00f3 en un diagn\u00f3stico devastador: c\u00e1ncer de mama. Para ella, esta noticia no solo tra\u00eda consigo el peso del diagn\u00f3stico, sino tambi\u00e9n el eco de recuerdos dolorosos, su madre, su t\u00eda y una prima hab\u00edan perdido la batalla contra esta enfermedad. Sin embargo, la determinaci\u00f3n y la esperanza le ganaron al miedo.<\/span><\/p>\n<p><span style=\"font-weight: 400;\">Andrea Mar\u00eda Tapia, docente de Medicina de la Universidad Franz Tamayo, Unifranz, explica que este tipo de c\u00e1ncer se origina en las c\u00e9lulas del seno y es el m\u00e1s com\u00fan entre las mujeres del mundo. Resalta que la detecci\u00f3n temprana es crucial para aumentar las posibilidades de un tratamiento exitoso, tal como ocurri\u00f3 con la mujer de esta historia.\u00a0<\/span><\/p>\n<p><span style=\"font-weight: 400;\">Cuando Audalia not\u00f3 un pez\u00f3n hundido, se realiz\u00f3 una mamograf\u00eda que confirmaron sus temores. \u201cSent\u00ed un vac\u00edo en el est\u00f3mago. Todos esos recuerdos regresaron y supe que ten\u00eda que actuar r\u00e1pido. Busqu\u00e9 a una especialista y el resultado me dec\u00eda que el tumor ten\u00eda caracter\u00edsticas de ser maligno y muy agresivo. Cada d\u00eda y cada hora eran un peligro para mi vida\u201d, recuerda.<\/span><\/p>\n<p><span style=\"font-weight: 400;\">Con una mezcla de valent\u00eda y resignaci\u00f3n, Audalia convoc\u00f3 a sus seres queridos para compartir la dura noticia. \u201cFue impactante para mis hijos y mis hermanos, pero sab\u00eda que el tiempo jugaba en contra y yo ya hab\u00eda tomado una decisi\u00f3n, me somet\u00ed a una mastectom\u00eda radical en una cl\u00ednica de La Paz\u201d.<\/span><\/p>\n<p><span style=\"font-weight: 400;\">El tratamiento no fue f\u00e1cil. Audalia se prepar\u00f3 para la quimioterapia, temiendo los efectos que hab\u00eda visto en otras mujeres. \u201cConoc\u00eda los efectos devastadores que pod\u00eda tener, pero decid\u00ed no dejar que el miedo me controlara. Cada etapa del tratamiento era una batalla, pero no estaba sola. El apoyo emocional de mi familia y amigos fue fundamental para mantenerme fuerte\u201d.<\/span><\/p>\n<p><span style=\"font-weight: 400;\">Con el tiempo, la ca\u00edda de su cabello se convirti\u00f3 en un s\u00edmbolo de su lucha. Ella eligi\u00f3 enfrentar esa p\u00e9rdida con gracia, mandando a hacer una peluca con el cabello de sus sobrinas, lo que le permiti\u00f3 llevar con orgullo su nueva apariencia. Despu\u00e9s de varios ciclos de quimioterapia, fue capaz de mantener una actitud positiva, lo que le permiti\u00f3 seguir trabajando y cuidar de su hogar.<\/span><\/p>\n<p><span style=\"font-weight: 400;\">Audalia vence de a poco a este gran enemigo, sobre todo de las mujeres. Ya solo es cuesti\u00f3n de meses para que cumpla los cinco a\u00f1os despu\u00e9s de la conclusi\u00f3n de su tratamiento para someterse a una evaluaci\u00f3n final que le confirmar\u00eda su remisi\u00f3n (desaparici\u00f3n de los signos y s\u00edntomas de c\u00e1ncer). Ella y su familia mantienen la esperanza de que las buenas noticias continuar\u00e1n hasta ese d\u00eda.\u00a0\u00a0\u00a0\u00a0<\/span><\/p>\n<p><span style=\"font-weight: 400;\">El diagn\u00f3stico de c\u00e1ncer transform\u00f3 la vida de Audalia, haci\u00e9ndola m\u00e1s consciente de la fragilidad de la vida. \u201cDescubrir el c\u00e1ncer a tiempo me dio una segunda oportunidad. Aprend\u00ed a disfrutar cada d\u00eda y a priorizar mi salud\u201d, reflexiona, a tiempo de destacar que la experiencia no solo fortaleci\u00f3 su relaci\u00f3n con su familia y amigos.\u00a0<\/span><\/p>\n<p><span style=\"font-weight: 400;\">Ella afirma que la lucha contra el c\u00e1ncer de mama no termina con el diagn\u00f3stico, m\u00e1s bien comienza con la prevenci\u00f3n. Tapia, docente de Unifranz, menciona que la autoexploraci\u00f3n mamaria debe ser parte de la rutina mensual de cada mujer, preferiblemente una semana despu\u00e9s de la menstruaci\u00f3n, palpando los senos en posici\u00f3n horizontal para detectar cualquier cambio o anomal\u00eda.<\/span><\/p>\n<p><span style=\"font-weight: 400;\">Adem\u00e1s, es importante realizar mamograf\u00edas anuales a partir de los 40 a\u00f1os o antes si hay antecedentes familiares de c\u00e1ncer. Audalia recuerda que \u201cno hay que subestimar ning\u00fan s\u00edntoma, por m\u00e1s peque\u00f1o que parezca porque la detecci\u00f3n temprana puede significar la diferencia entre la vida y la muerte. La prevenci\u00f3n y la detecci\u00f3n temprana son nuestras mejores armas en esta batalla\u201d.<\/span><\/p>\n<p><span style=\"font-weight: 400;\">Hoy, esta mujer se ha convertido en un s\u00edmbolo de resiliencia. Su historia de lucha resuena en los corazones de muchas mujeres que enfrentan el mismo diagn\u00f3stico. En Bolivia, seg\u00fan el Ministerio de Salud, en los \u00faltimos cinco a\u00f1os se registraron 31.398 casos nuevos de c\u00e1ncer, de los cuales 5.161 son c\u00e1ncer de mama.<\/span><\/p>","protected":false},"excerpt":{"rendered":"<p>El 16 de julio de 2018 marc\u00f3 un antes y un despu\u00e9s para Audalia Zurita. Aquel d\u00eda, ella se encontr\u00f3 en una encrucijada inesperada, lo que comenz\u00f3 como una sospecha se transform\u00f3 en un diagn\u00f3stico devastador: c\u00e1ncer de mama. Para ella, esta noticia no solo tra\u00eda consigo el peso del diagn\u00f3stico, sino tambi\u00e9n el eco &hellip; <a href=\"https:\/\/unifranz.edu.bo\/pt\/carreras\/audalia-zurita-superar-el-cancer-es-una-oportunidad-para-vivir-con-mas-intensidad\/\">Continued<\/a><\/p>","protected":false},"author":45,"featured_media":637193,"comment_status":"open","ping_status":"open","sticky":false,"template":"","format":"standard","meta":{"_acf_changed":false,"footnotes":""},"categories":[60,9742,35,1946,1782],"tags":[2340,9972,8670,1422,49,500,124,242],"class_list":["post-637192","post","type-post","status-publish","format-standard","has-post-thumbnail","hentry","category-blog","category-carrera-de-medicina","category-carreras","category-medicina","category-unifranz","tag-cancer","tag-historias-de-bolivia","tag-historias-de-vida","tag-innovacion-en-educacion","tag-medicina","tag-prevencion","tag-salud","tag-unifranz"],"acf":[],"_links":{"self":[{"href":"https:\/\/unifranz.edu.bo\/pt\/wp-json\/wp\/v2\/posts\/637192","targetHints":{"allow":["GET"]}}],"collection":[{"href":"https:\/\/unifranz.edu.bo\/pt\/wp-json\/wp\/v2\/posts"}],"about":[{"href":"https:\/\/unifranz.edu.bo\/pt\/wp-json\/wp\/v2\/types\/post"}],"author":[{"embeddable":true,"href":"https:\/\/unifranz.edu.bo\/pt\/wp-json\/wp\/v2\/users\/45"}],"replies":[{"embeddable":true,"href":"https:\/\/unifranz.edu.bo\/pt\/wp-json\/wp\/v2\/comments?post=637192"}],"version-history":[{"count":1,"href":"https:\/\/unifranz.edu.bo\/pt\/wp-json\/wp\/v2\/posts\/637192\/revisions"}],"predecessor-version":[{"id":637194,"href":"https:\/\/unifranz.edu.bo\/pt\/wp-json\/wp\/v2\/posts\/637192\/revisions\/637194"}],"wp:featuredmedia":[{"embeddable":true,"href":"https:\/\/unifranz.edu.bo\/pt\/wp-json\/wp\/v2\/media\/637193"}],"wp:attachment":[{"href":"https:\/\/unifranz.edu.bo\/pt\/wp-json\/wp\/v2\/media?parent=637192"}],"wp:term":[{"taxonomy":"category","embeddable":true,"href":"https:\/\/unifranz.edu.bo\/pt\/wp-json\/wp\/v2\/categories?post=637192"},{"taxonomy":"post_tag","embeddable":true,"href":"https:\/\/unifranz.edu.bo\/pt\/wp-json\/wp\/v2\/tags?post=637192"}],"curies":[{"name":"wp","href":"https:\/\/api.w.org\/{rel}","templated":true}]}}