{"id":635009,"date":"2024-10-26T15:27:56","date_gmt":"2024-10-26T19:27:56","guid":{"rendered":"https:\/\/unifranz.edu.bo\/?p=635009"},"modified":"2024-10-26T16:31:39","modified_gmt":"2024-10-26T20:31:39","slug":"carrera-5k-unifranz-que-recaudo-una-tonelada-de-alimentos","status":"publish","type":"post","link":"https:\/\/unifranz.edu.bo\/pt\/carreras\/carrera-5k-unifranz-que-recaudo-una-tonelada-de-alimentos\/","title":{"rendered":"Esperanza y ayuda al pr\u00f3jimo, las metas de la carrera 5K Unifranz que recaud\u00f3 una tonelada de alimentos"},"content":{"rendered":"<p>Por Luis Flores<\/p>\n<p><span style=\"font-weight: 400;\">El cielo est\u00e1 nublado, son las 7:30 de la ma\u00f1ana, el fr\u00edo de El Alto arremete, pero cientos de j\u00f3venes calientan el ambiente, se estiran, se preparan en las puertas de la Universidad Franz Tamayo, Unifranz en El Alto. Los organizadores dan la se\u00f1al y salen corriendo por 5 kil\u00f3metros para dar esperanza a albergues y recaudar m\u00e1s de una tonelada de alimentos. Es la cuarta versi\u00f3n de la carrera 5K Unifranz.<\/span><\/p>\n<p><span style=\"font-weight: 400;\">Las sonrisas afloran en la meta, son el com\u00fan denominador entre los ganadores, participantes, organizadores y espectadores de la carrera que genera esperanza. Betty Valle (16 a 18 a\u00f1os); Alison Huanca, (19 a 23 a\u00f1os) y Ericka Colque (24 a\u00f1os en adelante), ganadoras absolutas en la categor\u00eda damas, fueron recibidas en medio de aplausos y m\u00fasica, en un ambiente de fiesta.<\/span><\/p>\n<p><span style=\"font-weight: 400;\">\u201cMe siento muy feliz de haber participado. El prop\u00f3sito de la carrera me motiv\u00f3 a correr, aportar para beneficio de los albergues, de gente que muchas veces no tiene que comer, despert\u00f3 mi deseo de ser parte de esta iniciativa\u201d, dijo Edward Chambi, ganador de la carrera en la categor\u00eda varones de entre 24 a m\u00e1s a\u00f1os.<\/span><\/p>\n<p><span style=\"font-weight: 400;\">Junto a Chambi, H\u00e9ctor Mamani (16 a 18 a\u00f1os) y Cristian Sirpa (19 a 23 a\u00f1os), tambi\u00e9n subieron al podio a recibir su reconocimiento en la categor\u00eda varones.<\/span><\/p>\n<p><span style=\"font-weight: 400;\">La 5K Unifranz \u2013una carrera de altura y de esperanza\u2013 logr\u00f3 recaudar una tonelada de alimentos, donados por los participantes al momento de inscribirse a la competici\u00f3n.\u00a0<\/span><\/p>\n<p><span style=\"font-weight: 400;\">\u201cLa 5k de Unifranz nos ha demostrado que, al unirnos por una causa muy especial, podemos lograr grandes metas. Hoy los albergues de personas mayores, de la terminal y de mujeres que sufren violencia, recibir\u00e1n una gran noticia, beneficiarse con el aporte de cada uno de ustedes. Eso es comunidad, eso es transformar la naturaleza de las cosas y tambi\u00e9n es el prop\u00f3sito que tenemos\u201d, dijo visiblemente emocionada Pilar Hidalgo, directora de la Fundaci\u00f3n Unifranz que junto a la universidad sede El Alto, lograron llevar adelante la competici\u00f3n.\u00a0<\/span><\/p>\n<p><iframe loading=\"lazy\" title=\"YouTube video player\" src=\"https:\/\/www.youtube.com\/embed\/xEdnAQIEnLY?si=RSFhVsP4MHP6Os63\" width=\"560\" height=\"315\" frameborder=\"0\" allowfullscreen=\"allowfullscreen\"><\/iframe><\/p>\n<p><span style=\"font-weight: 400;\">Banderas, equipos de se\u00f1alizaci\u00f3n, puntos de hidrataci\u00f3n y de atenci\u00f3n m\u00e9dica fueron desplazados para los competidores en el trayecto. \u201cMe alegra que la carrera haya recorrido mi ciudad de la que me siento orgulloso\u201d, dijo Chambi, joven alte\u00f1o ganador.\u00a0<\/span><\/p>\n<p><span style=\"font-weight: 400;\">Desde primeras horas de la ma\u00f1ana personal de la Polic\u00eda Boliviana, del Gobierno Aut\u00f3nomo Municipal de El Alto (GAMEA), junto a colaboradores de Unifranz, se desplegaron en torno a la ruta de la competencia, desde la avenida del Aeropuerto, la Ceja y la Plaza de la Cruz de Villa Adela, en el que brillan los \u201ccholets\u201d, emblemas tur\u00edsticos de la ciudad de El Alto.\u00a0<\/span><\/p>\n<p><span style=\"font-weight: 400;\">Para Wilson Sangalli, jefe de la Unidad de Turismo de la Alcald\u00eda Alte\u00f1a, la carrera no solo visibiliz\u00f3 el coraz\u00f3n solidario de los alte\u00f1os, sino tambi\u00e9n elev\u00f3 el potencial tur\u00edstico de la ruta de los cholets.\u00a0\u00a0<\/span><\/p>\n<p><span style=\"font-weight: 400;\">\u201cEs una actividad muy interesante, en el sentido de que ha habido muchos participantes que han podido realizar la actividad y adem\u00e1s por una causa ben\u00e9fica, de poder compartir todo aquello que se ha reunido a estos lugares que m\u00e1s lo necesitan, agradecer a Unifranz\u201d, coment\u00f3 el funcionario edil.\u00a0<\/span><\/p>\n<p><span style=\"font-weight: 400;\">Para H\u00e9ctor Rafael Mamani\u00a0 \u2013uno de los m\u00e1s j\u00f3venes de la competici\u00f3n\u2013 que viene desde la provincia Jos\u00e9 Manuel Pando, cerca a la frontera boliviano peruana, la carrera fue una especie de desahogo. \u201cMe ha pasado una tragedia y yo dije, voy a correr para recuperar lo que he perdido, por ese motivo he competido\u201d, relata.\u00a0<\/span><\/p>\n<p><span style=\"font-weight: 400;\">Entre las mujeres campeonas, la primera en cruzar la l\u00ednea final fue Betty Valle Sanchez, originaria del municipio de Viacha: \u201ccorr\u00ed porque me gusta el deporte y este tipo de competencias son propicias para entrenar y mejorar marcas. Agradezco a Unifranz por organizar la carrera\u201d.<\/span><\/p>\n<h3><b>Trabajo en equipo<\/b><\/h3>\n<p><span style=\"font-weight: 400;\">\u00a1<\/span><span style=\"font-weight: 400;\">Adelante muchachos! gritaban en el trayecto los casuales expectantes en medio de aplausos al paso de la competencia que rompi\u00f3 la rutina en la ciudad de El Alto.<\/span><\/p>\n<p><span style=\"font-weight: 400;\">La vicerrectora de Unifranz El Alto, Eve Gomez, destaca el trabajo del equipo de la universidad, de la Polic\u00eda boliviana y de la Alcald\u00eda alte\u00f1a. \u201cDebemos sentirnos orgullosos de haber realizado un trabajo en equipo\u201d.<\/span><\/p>\n<p><span style=\"font-weight: 400;\">\u201cSatisfecha por la convocatoria, por la respuesta de El Alto, hemos tenido a m\u00e1s de 20 colegios inscritos y a varias universidades, pero tambi\u00e9n con una presencia masiva de estudiantes de Unifranz\u201d, se\u00f1ala como evaluaci\u00f3n de la actividad.<\/span><\/p>\n<p><span style=\"font-weight: 400;\">La meta de la 5K Unifranz fue escenario de fiesta, con rostros alegres, unos por competir y otros por lograr recaudar alimentos, fue el corolario de una ma\u00f1ana que nos demostr\u00f3 el valor de la unidad para lograr prop\u00f3sitos.\u00a0<\/span><\/p>\n<figure id=\"attachment_635020\" aria-describedby=\"caption-attachment-635020\" style=\"width: 797px\" class=\"wp-caption aligncenter\"><img loading=\"lazy\" decoding=\"async\" class=\"wp-image-635020\" src=\"https:\/\/unifranz.edu.bo\/wp-content\/uploads\/2024\/10\/5K8-blog-300x155.jpg\" alt=\"\" width=\"797\" height=\"412\" srcset=\"https:\/\/unifranz.edu.bo\/wp-content\/uploads\/2024\/10\/5K8-blog-300x155.jpg 300w, https:\/\/unifranz.edu.bo\/wp-content\/uploads\/2024\/10\/5K8-blog-1024x529.jpg 1024w, https:\/\/unifranz.edu.bo\/wp-content\/uploads\/2024\/10\/5K8-blog-768x397.jpg 768w, https:\/\/unifranz.edu.bo\/wp-content\/uploads\/2024\/10\/5K8-blog-18x9.jpg 18w, https:\/\/unifranz.edu.bo\/wp-content\/uploads\/2024\/10\/5K8-blog.jpg 1200w\" sizes=\"auto, (max-width: 797px) 100vw, 797px\" \/><figcaption id=\"caption-attachment-635020\" class=\"wp-caption-text\"><em><span style=\"color: #000000;\">Betty Valle (16 a 18 a\u00f1os); Alison Huanca, (19 a 23 a\u00f1os) y Ericka Colque (24 a\u00f1os en adelante), ganadoras absolutas en la categor\u00eda damas.<\/span><\/em><\/figcaption><\/figure>","protected":false},"excerpt":{"rendered":"<p>Por Luis Flores El cielo est\u00e1 nublado, son las 7:30 de la ma\u00f1ana, el fr\u00edo de El Alto arremete, pero cientos de j\u00f3venes calientan el ambiente, se estiran, se preparan en las puertas de la Universidad Franz Tamayo, Unifranz en El Alto. Los organizadores dan la se\u00f1al y salen corriendo por 5 kil\u00f3metros para dar &hellip; <a href=\"https:\/\/unifranz.edu.bo\/pt\/carreras\/carrera-5k-unifranz-que-recaudo-una-tonelada-de-alimentos\/\">Continued<\/a><\/p>","protected":false},"author":45,"featured_media":635018,"comment_status":"open","ping_status":"open","sticky":false,"template":"","format":"standard","meta":{"_acf_changed":false,"footnotes":""},"categories":[60,35,318,2566,1862,6394,1782],"tags":[10050,10250,90,10249,2774,1422,242],"class_list":["post-635009","post","type-post","status-publish","format-standard","has-post-thumbnail","hentry","category-blog","category-carreras","category-competencias","category-docente","category-educacion","category-educacion-superior","category-unifranz","tag-unifranz-el-alto","tag-5k-unifranz","tag-carrera","tag-compencia","tag-ganadores","tag-innovacion-en-educacion","tag-unifranz"],"acf":[],"_links":{"self":[{"href":"https:\/\/unifranz.edu.bo\/pt\/wp-json\/wp\/v2\/posts\/635009","targetHints":{"allow":["GET"]}}],"collection":[{"href":"https:\/\/unifranz.edu.bo\/pt\/wp-json\/wp\/v2\/posts"}],"about":[{"href":"https:\/\/unifranz.edu.bo\/pt\/wp-json\/wp\/v2\/types\/post"}],"author":[{"embeddable":true,"href":"https:\/\/unifranz.edu.bo\/pt\/wp-json\/wp\/v2\/users\/45"}],"replies":[{"embeddable":true,"href":"https:\/\/unifranz.edu.bo\/pt\/wp-json\/wp\/v2\/comments?post=635009"}],"version-history":[{"count":8,"href":"https:\/\/unifranz.edu.bo\/pt\/wp-json\/wp\/v2\/posts\/635009\/revisions"}],"predecessor-version":[{"id":635021,"href":"https:\/\/unifranz.edu.bo\/pt\/wp-json\/wp\/v2\/posts\/635009\/revisions\/635021"}],"wp:featuredmedia":[{"embeddable":true,"href":"https:\/\/unifranz.edu.bo\/pt\/wp-json\/wp\/v2\/media\/635018"}],"wp:attachment":[{"href":"https:\/\/unifranz.edu.bo\/pt\/wp-json\/wp\/v2\/media?parent=635009"}],"wp:term":[{"taxonomy":"category","embeddable":true,"href":"https:\/\/unifranz.edu.bo\/pt\/wp-json\/wp\/v2\/categories?post=635009"},{"taxonomy":"post_tag","embeddable":true,"href":"https:\/\/unifranz.edu.bo\/pt\/wp-json\/wp\/v2\/tags?post=635009"}],"curies":[{"name":"wp","href":"https:\/\/api.w.org\/{rel}","templated":true}]}}