{"id":634690,"date":"2024-10-25T21:31:23","date_gmt":"2024-10-26T01:31:23","guid":{"rendered":"https:\/\/unifranz.edu.bo\/?p=634690"},"modified":"2024-10-25T23:26:21","modified_gmt":"2024-10-26T03:26:21","slug":"futures-week-2024-eleva-la-voz-e-ideas-de-los-jovenes-ante-lideres-para-construir-un-futuro-mejor","status":"publish","type":"post","link":"https:\/\/unifranz.edu.bo\/pt\/blog\/futures-week-2024-eleva-la-voz-e-ideas-de-los-jovenes-ante-lideres-para-construir-un-futuro-mejor\/","title":{"rendered":"Futures Week\u00ae 2024 eleva la voz e ideas de los j\u00f3venes ante l\u00edderes para construir un futuro mejor"},"content":{"rendered":"<p>Por Manuel Filomeno<\/p>\n<p><span style=\"font-weight: 400;\">Con el desaf\u00edo de co-crear el futuro, j\u00f3venes l\u00edderes de colegios y universidades presentaron sus propuestas para construir las ciudades del futuro en la \u00faltima jornada del Futures Week, un espacio que conect\u00f3 las innovaci\u00f3n y proyecci\u00f3n de los j\u00f3venes con la sabidur\u00eda de una treintena de expertos. Las propuestas nacidas en este encuentro, fueron presentadas a autoridades y l\u00edderes de la sociedad civil de El Alto y Cochabamba para su inclusi\u00f3n en pol\u00edticas p\u00fablicas.<\/span><\/p>\n<p><span style=\"font-weight: 400;\">A lo largo de cuatro d\u00edas, y organizados en cinco desaf\u00edos: Ciudad saludable, que explor\u00f3 la problem\u00e1tica de la salud p\u00fablica; Ciudad culta, que trat\u00f3 los desaf\u00edos de la educaci\u00f3n; Ciudad consciente, que observ\u00f3 los desaf\u00edos medioambientales; Ciudad creativa, sobre el impulso al emprendimiento y Ciudad tecnol\u00f3gica, acerca del desarrollo urbano, movilidad y tecnolog\u00eda, los j\u00f3venes imaginaron y pusieron en acci\u00f3n planes para convertir sus urbes en \u201cciudades inteligentes\u201d.<\/span><\/p>\n<p><span style=\"font-weight: 400;\">\u201cHan sido los valientes que han tenido el coraje de tomar la voz y de plantearse las problem\u00e1ticas que hay en las ciudades, pero no solo ver todo negro, sino despertar la esperanza y levantar propuestas, para que las autoridades puedan llevarse estas propuestas y las tomen en cuenta al momento que dise\u00f1en pol\u00edticas p\u00fablicas. No podemos seguir generando leyes y normas, no podemos seguir haciendo empresa, sin tomar en cuenta lo que dice la mitad de la poblaci\u00f3n y quienes van a heredar el futuro que se est\u00e1 construyendo\u201d, expres\u00f3 Ver\u00f3nica \u00c1greda, rectora nacional de la Universidad Franz Tamayo, Unifranz, entidad organizadora del encuentro.<\/span><\/p>\n<p><span style=\"font-weight: 400;\">\u00c1greda, tambi\u00e9n presidenta del Nodo Bolivia de The Millennium Project agradeci\u00f3 a los j\u00f3venes participantes por asumir la responsabilidad de trabajar por un mejor futuro.<\/span><\/p>\n<p><span style=\"font-weight: 400;\">\u201cGracias a los j\u00f3venes por ese coraje, esa valent\u00eda, gracias por asumir el rol y la responsabilidad, porque esa responsabilidad se va a convertir, a partir de este momento, en co-responsabilidad, en gobernar de abajo hacia arriba. Desde la necesidad, desde las inquietudes, pero tambi\u00e9n desde las soluciones que est\u00e1n proponiendo (\u2026)\u201d.<\/span><\/p>\n<p><span style=\"font-weight: 400;\">Isabela Soriano, estudiante de Cochabamba present\u00f3, junto a su grupo, el proyecto S.O.Step, que plantea la instalaci\u00f3n de rastreadores GPS en el calzado de los ni\u00f1os para prevenir secuestros a causa de la trata y tr\u00e1fico, el cual fue entregado a las autoridades de los tres niveles de gobierno.<\/span><\/p>\n<p><span style=\"font-weight: 400;\">\u201cEl Futures Week es una gran oportunidad para que los j\u00f3venes podamos aportar al desarrollo de nuestras ciudades, sobre todo porque las respuestas que dimos ante los problemas que se nos plantearon, son reales y factibles y nos encantar\u00eda que fueran tomadas en cuenta\u201d, expres\u00f3.<\/span><\/p>\n<p><iframe loading=\"lazy\" title=\"YouTube video player\" src=\"https:\/\/www.youtube.com\/embed\/BbweT3fzFvE?si=Uld6XU3EqNvbP5QQ\" width=\"560\" height=\"315\" frameborder=\"0\" allowfullscreen=\"allowfullscreen\"><\/iframe><\/p>\n<p><span style=\"font-weight: 400;\">En El Alto, Melanie Miranda, junto a su equipo, present\u00f3 una propuesta de empleos verdes, dentro del reto Ciudad Creativa. Consiste en la capacitaci\u00f3n de j\u00f3venes, instalaci\u00f3n de jardines urbanos y el uso de paneles solares con el objeto de generar fuentes de empleo e impulsar la transformaci\u00f3n de la urbe en un espacio m\u00e1s verde y sostenible.<\/span><\/p>\n<p><span style=\"font-weight: 400;\">El cuidado del medio ambiente y las fuentes de agua fue un tema recurrente en las propuestas realizadas en Cochabamba, el proyecto EcoGuardianes del Rocha, por ejemplo, propone la instalaci\u00f3n de basureros inteligentes que permitan una mejor gesti\u00f3n de residuos, identificando autom\u00e1ticamente el tipo de desecho que se introduce en \u00e9l, de esa manera optimizar el reciclaje, alejarlos del curso de agua y generar un movimiento econ\u00f3mico.<\/span><\/p>\n<p><span style=\"font-weight: 400;\">Otra propuesta interesante, en el reto de Ciudad tecnol\u00f3gica, consiste en la instalaci\u00f3n de c\u00e1maras de vigilancia con la tecnolog\u00eda de Inteligencia Artificial, con el objeto de luchar contra la criminalidad.<\/span><\/p>\n<p><span style=\"font-weight: 400;\">\u201cEsta tecnolog\u00eda puede revolucionar la forma en que se gestiona la seguridad urbana al brindar una vigilancia constante y una capacidad avanzada para identificar amenazas en tiempo real\u201d, explic\u00f3 el equipo, liderado por Elmer Mamani.<\/span><\/p>\n<h3><b>Charlas y paneles<\/b><\/h3>\n<p><span style=\"font-weight: 400;\">El Futures Week 2024, que se realiz\u00f3 en simult\u00e1neo en las ciudades de El Alto y Cochabamba, adem\u00e1s, cont\u00f3 con cerca de una docena de actividades, desde charlas inspiradoras hasta talleres, mesas de trabajo, workshops, paneles y presentaciones.<\/span><\/p>\n<p><span style=\"font-weight: 400;\">Las charlas inspiradoras, a cargo de invitados nacionales e internacionales, trataron diversas tem\u00e1ticas, desde el desarrollo urbano sostenible, hasta el emprendimiento, pasando por la importancia de la creatividad y la innovaci\u00f3n.<\/span><\/p>\n<p><span style=\"font-weight: 400;\">El mexicano Francisco Flores, director de Laboratorios Urbanos, Red Internacional de Ciudades Inteligentes, anim\u00f3 a los j\u00f3venes a involucrarse en la construcci\u00f3n de ciudades inteligentes y trabajar en equipo, convirtiendo las urbes en grandes laboratorios de innovaci\u00f3n.<\/span><\/p>\n<p><span style=\"font-weight: 400;\">\u201cEl trabajo en equipo implica aprender a escuchar al otro y converger ideas para llegar a acuerdos. Despu\u00e9s de eso, vienen los proyectos y el emprendimiento. Actualmente estamos llevando a cabo un proyecto de ciencia ciudadana, una metodolog\u00eda que consiste en dar herramientas a los ciudadanos para que puedan generar acuerdos, generar conocimiento y aplicarlo en sus comunidades\u201d, se\u00f1al\u00f3.<\/span><\/p>\n<p><span style=\"font-weight: 400;\">Flores present\u00f3 tambi\u00e9n los avances de los proyectos que lidera en la ciudad mexicana de Le\u00f3n, donde se ha logrado involucrar a la poblaci\u00f3n en la creaci\u00f3n de huertos urbanos y la revitalizaci\u00f3n de barrios emblem\u00e1ticos.<\/span><\/p>\n<p><span style=\"font-weight: 400;\">De la misma manera, Beno Ju\u00e1rez, fundador del Fab Lab Flotante del Amazonas, habl\u00f3 acerca de la importancia de la creatividad, la innovaci\u00f3n, la colaboraci\u00f3n, el rescate de los saberes ancestrales de la Amazonia en la generaci\u00f3n de nuevas tecnolog\u00edas a trav\u00e9s de la simbio-creaci\u00f3n, una metodolog\u00eda que promueve la colaboraci\u00f3n sobre la competencia.\u00a0<\/span><\/p>\n<p><span style=\"font-weight: 400;\">Julio Tovar, experto en liderazgo e innovaci\u00f3n, por su parte, anim\u00f3 a los j\u00f3venes a planificar e innovar en sus emprendimientos, as\u00ed como tener los ojos fijos en las nuevas tendencias.<\/span><\/p>\n<p><span style=\"font-weight: 400;\">\u201cEl presente, pasado y futuro est\u00e1n interconectados en el tiempo y esto se aplica al emprendimiento. El pasado proporciona datos valiosos que pueden guiar decisiones seguras para emprendedores cautelosos. Lo importante es observar el presente para identificar oportunidades de negocio. Para aquellos dispuestos a asumir grandes riesgos, el futuro ofrece oportunidades en \u00e1reas innovadoras como tecnolog\u00eda verde, inteligencia artificial y biotecnolog\u00eda\u201d.<\/span><\/p>\n<p><span style=\"font-weight: 400;\">Isabelle C\u00e2mara, cofundadora de la empresa Pluvi Startup, comparti\u00f3 la iniciativa que desarrolla en Brasil con la potabilizaci\u00f3n del agua de lluvia, sin el uso de productos qu\u00edmicos, mejorando as\u00ed la calidad de vida de las personas en zonas vulnerables.<\/span><\/p>\n<p><span style=\"font-weight: 400;\">Marcelo Arroyo, economista senior del Programa de las Naciones Unidas para el Desarrollo (PNUD) en Bolivia, abord\u00f3 el tema del desarrollo del ecosistema de infraestructura sostenible, subrayando la importancia de enfrentar primero los desaf\u00edos globales y regionales actuales.<\/span><\/p>\n<h3><b>Talleres<\/b><\/h3>\n<p><span style=\"font-weight: 400;\">Los workshops, dedicados al emprendimiento y a la fabricaci\u00f3n digital permitieron una interacci\u00f3n cercana entre los participantes.<\/span><\/p>\n<p><span style=\"font-weight: 400;\">En Cochabamba, se realiz\u00f3 un taller especializado de dos d\u00edas en Fabricaci\u00f3n Digital en el Maker Space de la Fundaci\u00f3n Sim\u00f3n Pati\u00f1o.\u00a0<\/span><\/p>\n<p><span style=\"font-weight: 400;\">El taller gener\u00f3 gran entusiasmo entre los j\u00f3venes participantes, quienes exploraron c\u00f3mo estas tecnolog\u00edas pueden aplicarse a problemas concretos de su ciudad. Franklin Mercado, estudiante de Publicidad y Marketing, fue uno de los asistentes m\u00e1s activos.\u00a0<\/span><\/p>\n<p><span style=\"font-weight: 400;\">\u201cLas herramientas que aprendimos a usar, como las impresoras 3D, pueden ser clave para dar soluciones pr\u00e1cticas a problem\u00e1ticas ambientales y sociales que afectan a nuestra ciudad\u201d, coment\u00f3 Franklin.<\/span><\/p>\n<p><span style=\"font-weight: 400;\">Mientras tanto, en El Alto, el emprendimiento fue el tema principal de las actividades. Alejandra Huanaco Huanca, coordinadora nacional de Youth Ready en Visi\u00f3n Mundial Bolivia, y Jos\u00e9 Lauro Copana Ordo\u00f1ez, gerente de ventas regional de Monopol Ltda hablaron desde su experiencia y animaron a los j\u00f3venes a desarrollar soluciones creativas para fortalecer el emprendimiento y el progreso en la ciudad m\u00e1s joven de Bolivia.<\/span><\/p>\n<p><span style=\"font-weight: 400;\">Tambi\u00e9n se llev\u00f3 a cabo una feria de emprendedores, donde los j\u00f3venes expusieron sus creaciones innovadoras, desde el caf\u00e9 org\u00e1nico y los cosm\u00e9ticos naturales hasta el dise\u00f1o de modas y la fabricaci\u00f3n de muebles.<\/span><\/p>\n<p>&nbsp;<\/p>\n<p><b>Latinoam\u00e9rica 2050<\/b><\/p>\n<p><span style=\"font-weight: 400;\">El Futures Week 2024 fue el escenario para la presentaci\u00f3n del libro \u201cLatinoam\u00e9rica 2050: Retos, escenarios y acciones\u201d. El documento inspirado en los 15 temas propuestos por The Millennium Project, un think-tank global de estudios de futuros, plantea tres hip\u00f3tesis del futuro de la regi\u00f3n desde los escenarios ideales hasta aquellos catastr\u00f3ficos.<\/span><\/p>\n<p><span style=\"font-weight: 400;\">La presentaci\u00f3n del texto estuvo a cargo de Guillermo G\u00e1ndara, director ejecutivo de la Red Iberoamericana de Prospectiva (RIBER) y Concepci\u00f3n Olavarrieta, fundadora y presidenta del\u00a0 Nodo Mexicano de The Millennium Project, quienes adem\u00e1s de coordinar la edici\u00f3n del libro, tambi\u00e9n son coautores del mismo.<\/span><\/p>\n<p><span style=\"font-weight: 400;\">\u201cEste libro, m\u00e1s que un informe, m\u00e1s que relatarnos escenarios y proponernos lineamientos para la acci\u00f3n, es un llamado a la acci\u00f3n y es por eso que estamos aqu\u00ed en el Futures Week, por eso invitamos a los j\u00f3venes a pasar a la acci\u00f3n\u201d, se\u00f1al\u00f3 \u00c1greda, en la presentaci\u00f3n de la publicaci\u00f3n en Cochabamba.<\/span><\/p>\n<p><span style=\"font-weight: 400;\">La versi\u00f3n 2024 del Futures Week, reuni\u00f3 en una semana a m\u00e1s de un millar de estudiantes de distintas unidades educativas y universidades; es un laboratorio para construir ideas alineados con los 17 Objetivos de Desarrollo Sostenible (ODS), lo que garantiza que las soluciones propuestas contribuyan al bienestar global. En sus siete versiones recorri\u00f3 las principales ciudades del eje central de Bolivia.<\/span><\/p>\n<p><span style=\"font-weight: 400;\">La versi\u00f3n 2024 del Futures Week, reuni\u00f3 en una semana a m\u00e1s de un millar de j\u00f3venes l\u00edderes en un laboratorio para construir ideas alineados con los 17 Objetivos de Desarrollo Sostenible (ODS), lo que garantiza que las soluciones propuestas contribuyan al bienestar global. En sus siete versiones recorri\u00f3 las principales ciudades del eje central de Bolivia.<\/span><\/p>\n<p><img loading=\"lazy\" decoding=\"async\" class=\"wp-image-634694 aligncenter\" src=\"https:\/\/unifranz.edu.bo\/wp-content\/uploads\/2024\/10\/QUOTE-VERONICA-AGREDA2-300x300.png\" alt=\"\" width=\"623\" height=\"623\" srcset=\"https:\/\/unifranz.edu.bo\/wp-content\/uploads\/2024\/10\/QUOTE-VERONICA-AGREDA2-300x300.png 300w, https:\/\/unifranz.edu.bo\/wp-content\/uploads\/2024\/10\/QUOTE-VERONICA-AGREDA2-768x768.png 768w, https:\/\/unifranz.edu.bo\/wp-content\/uploads\/2024\/10\/QUOTE-VERONICA-AGREDA2-12x12.png 12w, https:\/\/unifranz.edu.bo\/wp-content\/uploads\/2024\/10\/QUOTE-VERONICA-AGREDA2.png 1000w\" sizes=\"auto, (max-width: 623px) 100vw, 623px\" \/><\/p>","protected":false},"excerpt":{"rendered":"<p>Por Manuel Filomeno Con el desaf\u00edo de co-crear el futuro, j\u00f3venes l\u00edderes de colegios y universidades presentaron sus propuestas para construir las ciudades del futuro en la \u00faltima jornada del Futures Week, un espacio que conect\u00f3 las innovaci\u00f3n y proyecci\u00f3n de los j\u00f3venes con la sabidur\u00eda de una treintena de expertos. Las propuestas nacidas en &hellip; <a href=\"https:\/\/unifranz.edu.bo\/pt\/blog\/futures-week-2024-eleva-la-voz-e-ideas-de-los-jovenes-ante-lideres-para-construir-un-futuro-mejor\/\">Continued<\/a><\/p>","protected":false},"author":45,"featured_media":634695,"comment_status":"open","ping_status":"open","sticky":false,"template":"","format":"standard","meta":{"_acf_changed":false,"footnotes":""},"categories":[60,302,1004,2472,1782],"tags":[3936,10196,1422,2216,2004,338,10248,4166,242],"class_list":["post-634690","post","type-post","status-publish","format-standard","has-post-thumbnail","hentry","category-blog","category-el-alto","category-estudiantes","category-futures-week","category-unifranz","tag-ciudades-inteligentes","tag-futures-week-2024","tag-innovacion-en-educacion","tag-jovenes-lideres","tag-ods","tag-riber","tag-soluciones","tag-the-millennium-project","tag-unifranz"],"acf":[],"_links":{"self":[{"href":"https:\/\/unifranz.edu.bo\/pt\/wp-json\/wp\/v2\/posts\/634690","targetHints":{"allow":["GET"]}}],"collection":[{"href":"https:\/\/unifranz.edu.bo\/pt\/wp-json\/wp\/v2\/posts"}],"about":[{"href":"https:\/\/unifranz.edu.bo\/pt\/wp-json\/wp\/v2\/types\/post"}],"author":[{"embeddable":true,"href":"https:\/\/unifranz.edu.bo\/pt\/wp-json\/wp\/v2\/users\/45"}],"replies":[{"embeddable":true,"href":"https:\/\/unifranz.edu.bo\/pt\/wp-json\/wp\/v2\/comments?post=634690"}],"version-history":[{"count":6,"href":"https:\/\/unifranz.edu.bo\/pt\/wp-json\/wp\/v2\/posts\/634690\/revisions"}],"predecessor-version":[{"id":634959,"href":"https:\/\/unifranz.edu.bo\/pt\/wp-json\/wp\/v2\/posts\/634690\/revisions\/634959"}],"wp:featuredmedia":[{"embeddable":true,"href":"https:\/\/unifranz.edu.bo\/pt\/wp-json\/wp\/v2\/media\/634695"}],"wp:attachment":[{"href":"https:\/\/unifranz.edu.bo\/pt\/wp-json\/wp\/v2\/media?parent=634690"}],"wp:term":[{"taxonomy":"category","embeddable":true,"href":"https:\/\/unifranz.edu.bo\/pt\/wp-json\/wp\/v2\/categories?post=634690"},{"taxonomy":"post_tag","embeddable":true,"href":"https:\/\/unifranz.edu.bo\/pt\/wp-json\/wp\/v2\/tags?post=634690"}],"curies":[{"name":"wp","href":"https:\/\/api.w.org\/{rel}","templated":true}]}}