{"id":634348,"date":"2024-10-24T20:02:10","date_gmt":"2024-10-25T00:02:10","guid":{"rendered":"https:\/\/unifranz.edu.bo\/?p=634348"},"modified":"2024-10-24T20:02:10","modified_gmt":"2024-10-25T00:02:10","slug":"clinica-odontologica-unifranz-personalizada","status":"publish","type":"post","link":"https:\/\/unifranz.edu.bo\/pt\/blog\/clinica-odontologica-unifranz-personalizada\/","title":{"rendered":"La Cl\u00ednica Odontol\u00f3gica Unifranz ofrece alivio al dolor, sonrisas blancas y atenci\u00f3n personalizada"},"content":{"rendered":"<p>Brandon Uriarte nunca olvidar\u00e1 la sonrisa de Camila. Cuando se conocieron, ella llevaba parte del rostro cubierto por un barbijo, y solo se percib\u00eda el brillo en sus ojos. Los dientes de la joven estaban muy deteriorados, lo que le causaba verg\u00fcenza cada vez que sonre\u00eda. Con paciencia, Brandon logr\u00f3 ganarse su confianza y le ofreci\u00f3 la oportunidad de mejorarle el semblante. Tras un arduo trabajo, consigui\u00f3 devolverle una sonrisa casi perfecta, una que desde entonces Camila no dej\u00f3 de mostrar.<br \/>\nLa historia de Camila es una de las muchas que existen en la Cl\u00ednica Odontol\u00f3gica Unifranz, en la ciudad de La Paz.<br \/>\nBrandon recuerda a Camila: \u201cTen\u00eda la dentadura. La paciente no ten\u00eda mucho tiempo y fue un trabajo con mucho tiempo y cuidado. Dej\u00f3 el barbijo y cuando volvi\u00f3 a sonre\u00edr, le gustaba c\u00f3mo se ve\u00eda\u201d.<br \/>\nPamela Vargas es coordinadora de la Cl\u00ednica Odontol\u00f3gica y lleva 10 a\u00f1os en este cargo. Cuenta algunos datos sobre el recinto donde trabaja: \u201cEsta es una Cl\u00ednica Universitaria donde nuestros estudiantes atienden al p\u00fablico en general. Entre nuestros pacientes hay peque\u00f1os de 5 a\u00f1os, tambi\u00e9n atendemos a ni\u00f1os, j\u00f3venes, adultos y adultos mayores. Lo que siempre buscamos es estar al servicio de la comunidad\u201d.<br \/>\nLos precios de atenci\u00f3n son econ\u00f3micos porque \u00fanicamente cubren el costo del material y los resultados se multiplican en sonrisas blancas.<br \/>\n\u201cLos estudiantes est\u00e1n supervisados constantemente por los docentes que son especialistas en el \u00e1rea, adem\u00e1s la universidad brinda todas las herramientas tecnol\u00f3gicas para que puedan asumir estos retos\u201d, inform\u00f3 Vargas. A\u00f1adi\u00f3 que a diario se atienden entre 130 y 150 personas y que lo m\u00e1s com\u00fan es recibir a pacientes con dolores en las piezas dentales o personas que sufren problemas est\u00e9ticos.<br \/>\nRihana Miller se encuentra en octavo semestre y cuenta que su labor en la Cl\u00ednica es una de las experiencias m\u00e1s gratificantes de su vida. \u201cTengo la satisfacci\u00f3n de ayudar a las personas quit\u00e1ndoles el dolor o devolvi\u00e9ndoles la sonrisa. Es una alegr\u00eda extra el hecho de colaborar con las personas que no tienen tantos recursos econ\u00f3micos. Adem\u00e1s, me siento muy feliz por los conocimientos tanto te\u00f3ricos y pr\u00e1cticos que adquiero\u201d, dijo.<br \/>\nEn Unifranz se prioriza el aprender haciendo, que conjuga el conocimiento te\u00f3rico, las habilidades pr\u00e1cticas y humanas, en la etapa de formaci\u00f3n acad\u00e9mica de los estudiantes. As\u00ed, adem\u00e1s del servicio a la comunidad, la Cl\u00ednica Odontol\u00f3gica Unifranz contribuye a la formaci\u00f3n de las nuevas generaciones de profesionales de la salud.<br \/>\nOtra de las ventajas del recinto es que los estudiantes tienen formaci\u00f3n en habilidades blandas. \u00c9stas nos ayudan a saber relacionarnos con los dem\u00e1s, tener comunicaci\u00f3n efectiva y asertiva para crear cohesi\u00f3n y sinergia en el equipo de trabajo. Los m\u00e9dicos formados en Unifranz suelen ponerse en el lugar de los pacientes, por eso los estudiantes Rihana y Brandon se alegran cuando sus pacientes son felices sonriendo o en el momento que les quitan el dolor.<br \/>\nLos servicios de la Cl\u00ednica est\u00e1n disponibles de lunes a viernes, desde las 08.00 hasta las 12.00; y de 14.00 a 18.00. Los s\u00e1bados la atenci\u00f3n es de 08.00 a 12.00. Est\u00e1 ubicada en la calle H\u00e9roes del Acre, esquina Landaeta, n\u00famero 1855.<\/p>","protected":false},"excerpt":{"rendered":"<p>Brandon Uriarte nunca olvidar\u00e1 la sonrisa de Camila. Cuando se conocieron, ella llevaba parte del rostro cubierto por un barbijo, y solo se percib\u00eda el brillo en sus ojos. Los dientes de la joven estaban muy deteriorados, lo que le causaba verg\u00fcenza cada vez que sonre\u00eda. Con paciencia, Brandon logr\u00f3 ganarse su confianza y le &hellip; <a href=\"https:\/\/unifranz.edu.bo\/pt\/blog\/clinica-odontologica-unifranz-personalizada\/\">Continued<\/a><\/p>","protected":false},"author":44,"featured_media":634349,"comment_status":"open","ping_status":"open","sticky":false,"template":"","format":"standard","meta":{"_acf_changed":false,"footnotes":""},"categories":[60],"tags":[3076,2746,10234,10235,386,41,49,186,3392,242],"class_list":["post-634348","post","type-post","status-publish","format-standard","has-post-thumbnail","hentry","category-blog","tag-aprende-haciendo","tag-aprendizaje","tag-clinica","tag-comunidad","tag-estudiantes","tag-la-paz","tag-medicina","tag-odontologia","tag-practicas","tag-unifranz"],"acf":[],"_links":{"self":[{"href":"https:\/\/unifranz.edu.bo\/pt\/wp-json\/wp\/v2\/posts\/634348","targetHints":{"allow":["GET"]}}],"collection":[{"href":"https:\/\/unifranz.edu.bo\/pt\/wp-json\/wp\/v2\/posts"}],"about":[{"href":"https:\/\/unifranz.edu.bo\/pt\/wp-json\/wp\/v2\/types\/post"}],"author":[{"embeddable":true,"href":"https:\/\/unifranz.edu.bo\/pt\/wp-json\/wp\/v2\/users\/44"}],"replies":[{"embeddable":true,"href":"https:\/\/unifranz.edu.bo\/pt\/wp-json\/wp\/v2\/comments?post=634348"}],"version-history":[{"count":1,"href":"https:\/\/unifranz.edu.bo\/pt\/wp-json\/wp\/v2\/posts\/634348\/revisions"}],"predecessor-version":[{"id":634350,"href":"https:\/\/unifranz.edu.bo\/pt\/wp-json\/wp\/v2\/posts\/634348\/revisions\/634350"}],"wp:featuredmedia":[{"embeddable":true,"href":"https:\/\/unifranz.edu.bo\/pt\/wp-json\/wp\/v2\/media\/634349"}],"wp:attachment":[{"href":"https:\/\/unifranz.edu.bo\/pt\/wp-json\/wp\/v2\/media?parent=634348"}],"wp:term":[{"taxonomy":"category","embeddable":true,"href":"https:\/\/unifranz.edu.bo\/pt\/wp-json\/wp\/v2\/categories?post=634348"},{"taxonomy":"post_tag","embeddable":true,"href":"https:\/\/unifranz.edu.bo\/pt\/wp-json\/wp\/v2\/tags?post=634348"}],"curies":[{"name":"wp","href":"https:\/\/api.w.org\/{rel}","templated":true}]}}