{"id":622746,"date":"2024-10-18T20:11:21","date_gmt":"2024-10-19T00:11:21","guid":{"rendered":"https:\/\/unifranz.edu.bo\/?p=622746"},"modified":"2024-10-18T20:11:21","modified_gmt":"2024-10-19T00:11:21","slug":"etica-psicologia-profesion-bolivia","status":"publish","type":"post","link":"https:\/\/unifranz.edu.bo\/pt\/blog\/etica-psicologia-profesion-bolivia\/","title":{"rendered":"La \u00e9tica, un valor necesario para los psic\u00f3logos"},"content":{"rendered":"<p>La \u00e9tica forma parte de las habilidades blandas, es un valor muy ligado a la personalidad de los individuos y se percibe como signo de confianza o autonom\u00eda. Las personas con \u00e9tica tienen compromiso, van tras la consecuci\u00f3n de objetivos, respetan los roles y aprecian la organizaci\u00f3n. Se trata de un valor muy necesario para los psic\u00f3logos.<\/p>\n<p>Justamente para hablar de la importancia de la \u00e9tica en el ejercicio de la profesi\u00f3n, la presidenta del Colegio de Psic\u00f3logos de La Paz estuvo de visita en la Universidad Franz Tamayo, Unifranz. Ella tambi\u00e9n valor\u00f3 la propuesta pr\u00e1ctica del proceso de ense\u00f1anza y aprendizaje que impulsa esta casa de estudios superiores.<\/p>\n<p>Ver\u00f3nica Claudia Alfaro Murillo est\u00e1 en la presidencia del Colegio de Psic\u00f3logos hace seis a\u00f1os y disfruta cada vez que le toca ense\u00f1ar a los nuevos profesionales. Uno de sus temas preferidos es la \u00e9tica. \u201cEs importante que los estudiantes hablen sobre el tema, que sepan los valores de la \u00e9tica, que es la base fundamental de la Psicolog\u00eda. Nosotros trabajamos directamente con personas y necesitamos conocer los lineamientos que da el Colegio de Psic\u00f3logos respecto a las condiciones morales\u201d.<\/p>\n<p>La carrera de Psicolog\u00eda en Unifranz forma a profesionales que sienten una pasi\u00f3n por explorar las complejidades de la mente humana, buscan entender el motivo detr\u00e1s de las acciones y ayudan a mejorar la calidad de vida de las personas.<\/p>\n<p>Los profesionales de Psicolog\u00eda de Unifranz tienen la capacidad de responder a los desaf\u00edos en diversos campos. Desarrollan competencias para evaluar e intervenir en pacientes, convirti\u00e9ndose en piezas clave para el desarrollo social del pa\u00eds gracias a la integraci\u00f3n de diversas \u00e1reas en su formaci\u00f3n.<\/p>\n<p>La directora de Psicolog\u00eda, Liudmila Loayza, a\u00f1ade que la carrera responde a una manera innovadora de avanzar en el proceso de formaci\u00f3n de los estudiantes, con m\u00e1s empat\u00eda. \u201cLos psic\u00f3logos procurar\u00e1n el bienestar, permitiendo a las personas mejorar su calidad de vida, sus habilidades blandas y enfrentar sus desaf\u00edos personales; tambi\u00e9n aportan a las organizaciones en la creaci\u00f3n de entornos amigables de trabajo\u201d.<\/p>\n<p>La innovaci\u00f3n educativa es un proceso que conlleva un cambio en la ense\u00f1anza. Se basa en cuatro elementos fundamentales: las personas, el conocimiento, los procesos y la tecnolog\u00eda.<\/p>\n<p>La psic\u00f3loga Alfaro a\u00f1adi\u00f3 que la \u00e9tica es importante para el trabajo de los psic\u00f3logos. \u201cNo hay un C\u00f3digo Penal o algo escrito al respecto. Se refiere a la forma en la cual nosotros debemos comportarnos. Estos conceptos debemos compartirlos con los docentes y ellos con los estudiantes. Hay condiciones en las cuales la vida nos pone en una disyuntiva y la verdad que es importante tomar una mejor decisi\u00f3n sobre la base de los criterios correctos\u201d, dijo la profesional.<\/p>\n<p>La psic\u00f3loga tambi\u00e9n se mostr\u00f3 gratamente sorprendida por la formaci\u00f3n acad\u00e9mica que se imparte en Unifranz, especialmente con la propuesta acad\u00e9mica del \u201cAprende Haciendo\u201d. \u201cMientras m\u00e1s pr\u00e1ctica sea la ense\u00f1anza, y cuanto m\u00e1s se exponga a la realidad, entonces ser\u00e1 mejor el aprendizaje\u201d, sostuvo.<\/p>","protected":false},"excerpt":{"rendered":"<p>La \u00e9tica forma parte de las habilidades blandas, es un valor muy ligado a la personalidad de los individuos y se percibe como signo de confianza o autonom\u00eda. Las personas con \u00e9tica tienen compromiso, van tras la consecuci\u00f3n de objetivos, respetan los roles y aprecian la organizaci\u00f3n. Se trata de un valor muy necesario para &hellip; <a href=\"https:\/\/unifranz.edu.bo\/pt\/blog\/etica-psicologia-profesion-bolivia\/\">Continued<\/a><\/p>","protected":false},"author":44,"featured_media":623026,"comment_status":"open","ping_status":"open","sticky":false,"template":"","format":"standard","meta":{"_acf_changed":false,"footnotes":""},"categories":[60],"tags":[266,53,3718,3972,210,41,118,240,242,8846],"class_list":["post-622746","post","type-post","status-publish","format-standard","has-post-thumbnail","hentry","category-blog","tag-bolivia","tag-educacion","tag-etica","tag-experiencia","tag-innovacion","tag-la-paz","tag-profesionales","tag-psicologia","tag-unifranz","tag-valores"],"acf":[],"_links":{"self":[{"href":"https:\/\/unifranz.edu.bo\/pt\/wp-json\/wp\/v2\/posts\/622746","targetHints":{"allow":["GET"]}}],"collection":[{"href":"https:\/\/unifranz.edu.bo\/pt\/wp-json\/wp\/v2\/posts"}],"about":[{"href":"https:\/\/unifranz.edu.bo\/pt\/wp-json\/wp\/v2\/types\/post"}],"author":[{"embeddable":true,"href":"https:\/\/unifranz.edu.bo\/pt\/wp-json\/wp\/v2\/users\/44"}],"replies":[{"embeddable":true,"href":"https:\/\/unifranz.edu.bo\/pt\/wp-json\/wp\/v2\/comments?post=622746"}],"version-history":[{"count":1,"href":"https:\/\/unifranz.edu.bo\/pt\/wp-json\/wp\/v2\/posts\/622746\/revisions"}],"predecessor-version":[{"id":623038,"href":"https:\/\/unifranz.edu.bo\/pt\/wp-json\/wp\/v2\/posts\/622746\/revisions\/623038"}],"wp:featuredmedia":[{"embeddable":true,"href":"https:\/\/unifranz.edu.bo\/pt\/wp-json\/wp\/v2\/media\/623026"}],"wp:attachment":[{"href":"https:\/\/unifranz.edu.bo\/pt\/wp-json\/wp\/v2\/media?parent=622746"}],"wp:term":[{"taxonomy":"category","embeddable":true,"href":"https:\/\/unifranz.edu.bo\/pt\/wp-json\/wp\/v2\/categories?post=622746"},{"taxonomy":"post_tag","embeddable":true,"href":"https:\/\/unifranz.edu.bo\/pt\/wp-json\/wp\/v2\/tags?post=622746"}],"curies":[{"name":"wp","href":"https:\/\/api.w.org\/{rel}","templated":true}]}}