{"id":596700,"date":"2024-10-13T11:11:43","date_gmt":"2024-10-13T15:11:43","guid":{"rendered":"https:\/\/unifranz.edu.bo\/?p=596700"},"modified":"2024-10-13T11:11:43","modified_gmt":"2024-10-13T15:11:43","slug":"estudios-con-suenos-empresariales-y-100-medallas-en-gimnasia-la-historia-de-carolina-chavez","status":"publish","type":"post","link":"https:\/\/unifranz.edu.bo\/pt\/blog\/estudios-con-suenos-empresariales-y-100-medallas-en-gimnasia-la-historia-de-carolina-chavez\/","title":{"rendered":"Estudos com sonhos empresariais e 100 medalhas na gin\u00e1stica: a hist\u00f3ria de Carolina Ch\u00e1vez"},"content":{"rendered":"<p><span style=\"color: #000000;\">Aos 19 anos, Carolina Ch\u00e1vez \u00e9 um s\u00edmbolo de dedica\u00e7\u00e3o e paix\u00e3o na academia e o mundo do esporte. Desde que come\u00e7ou a praticar gin\u00e1stica art\u00edstica, em seus quatro anos de idade, tem se tornado cada esfor\u00e7o em um passo em dire\u00e7\u00e3o a seus sonhos. Atualmente, a jovem estuda Administra\u00e7\u00e3o de Empresas na Universidade Franz Tamayo, Unifranz, e conseguiu equilibrar o seu sucesso acad\u00eamico, com o rigoroso treinamento para alcan\u00e7ar seu objetivo de se tornar um profissional de classe mundial atrav\u00e9s da internacionaliza\u00e7\u00e3o.<\/span><\/p>\n<p><span style=\"color: #000000;\">O programa Internacional\u00edzate de Unifranz permite aos jovens cumprir o sonho de internacionalizar a sua forma\u00e7\u00e3o profissional, com mais de 70 parcerias com as universidades mais prestigiosas dos cinco continentes. Carolina \u00e9 uma delas, com os Estados Unidos e o M\u00e9xico como suas principais op\u00e7\u00f5es para ser parte dos embaixadores de estudantes internacionais.<\/span><\/p>\n<p><span style=\"color: #000000;\">A hist\u00f3ria de Carolina \u00e9 um testemunho de perseveran\u00e7a; ela mostra que, com disciplina e esfor\u00e7o n\u00e3o s\u00f3 \u00e9 poss\u00edvel brilhar no esporte, mas tamb\u00e9m forjar um futuro promissor no \u00e2mbito empresarial internacional. N\u00e3o s\u00f3 \u00e9 uma atleta, mas tamb\u00e9m uma inspira\u00e7\u00e3o para as novas gera\u00e7\u00f5es.<\/span><\/p>\n<p><span style=\"color: #000000;\">\"Eu me lembro que desde pequena sonhava em representar meu pa\u00eds em competi\u00e7\u00f5es internacionais e tive a b\u00ean\u00e7\u00e3o de faz\u00ea-lo em muitas oportunidades, \u00e9 por isso que eu tamb\u00e9m quero fazer parte do programa Internacional\u00edzate, para demonstrar o alto n\u00edvel acad\u00eamico que temos na Bol\u00edvia. Sempre me achei uma pessoa que tem sabido gerir os seus tempos e tenho conseguido tudo o que eu tenho proposto, por isso decidi estudar Administra\u00e7\u00e3o de Empresas, porque quero trabalhar com grandes marcas, continuar fazendo gin\u00e1stica e, mais tarde, ter meu pr\u00f3prio empreendimento de pastelaria\", disse.<\/span><\/p>\n<p><img loading=\"lazy\" decoding=\"async\" class=\"alignnone wp-image-596912 size-large\" src=\"https:\/\/unifranz.edu.bo\/wp-content\/uploads\/2024\/10\/WhatsApp-Image-2024-10-13-at-10.51.58-1024x688.jpeg\" alt=\"\" width=\"1024\" height=\"688\" srcset=\"https:\/\/unifranz.edu.bo\/wp-content\/uploads\/2024\/10\/WhatsApp-Image-2024-10-13-at-10.51.58-1024x688.jpeg 1024w, https:\/\/unifranz.edu.bo\/wp-content\/uploads\/2024\/10\/WhatsApp-Image-2024-10-13-at-10.51.58-300x202.jpeg 300w, https:\/\/unifranz.edu.bo\/wp-content\/uploads\/2024\/10\/WhatsApp-Image-2024-10-13-at-10.51.58-768x516.jpeg 768w, https:\/\/unifranz.edu.bo\/wp-content\/uploads\/2024\/10\/WhatsApp-Image-2024-10-13-at-10.51.58-18x12.jpeg 18w, https:\/\/unifranz.edu.bo\/wp-content\/uploads\/2024\/10\/WhatsApp-Image-2024-10-13-at-10.51.58.jpeg 1080w\" sizes=\"auto, (max-width: 1024px) 100vw, 1024px\" \/><\/p>\n<p><span style=\"color: #000000;\">En lo que va del 2024, la deportista ha obtenido seis medallas de oro, siendo campeona absoluta de su categor\u00eda a nivel nacional. Con estas \u00faltimas, alcanz\u00f3 la suma de 100 medallas en toda su trayectoria deportiva: 22 de bronce, 26 de plata y 52 de oro.<\/span><\/p>\n<p><span style=\"color: #000000;\">Para Carolina, todas sus medallas tienen un significado especial debido a todo el trabajo y empe\u00f1o que le ha puesto a cada competencia. Sin embargo, aquellas que ha ganado representando a Bolivia en el extranjero tienen un afecto y cari\u00f1o m\u00e1s significativo.<\/span><\/p>\n<p><span style=\"color: #000000;\">En la gimnasia, la joven se caracteriza por su flexibilidad y fuerza, mientras que en la universidad, la resoluci\u00f3n de problemas y generar propuestas de negocios innovadores son su mayor atributo.<\/span><\/p>\n<p><span style=\"color: #000000;\">\u201cUno de mis mayores sue\u00f1os es precisamente tener un emprendimiento propio, considero que tengo un esp\u00edritu emprendedor innato, por lo que es necesario que yo pueda tener todos los conocimientos para hacer realidad mi sue\u00f1o. Como deportista, estoy acostumbrada a realizar pr\u00e1cticas constantemente, eso es algo que me encanta tambi\u00e9n de Unifranz, que los estudiantes aprendemos no solo con teor\u00eda, sino tambi\u00e9n con mucha pr\u00e1ctica desde el primer semestre\u201d, enfatiz\u00f3 Ch\u00e1vez.<\/span><\/p>\n<figure id=\"attachment_597010\" aria-describedby=\"caption-attachment-597010\" style=\"width: 1024px\" class=\"wp-caption alignnone\"><img loading=\"lazy\" decoding=\"async\" class=\"wp-image-597010 size-large\" src=\"https:\/\/unifranz.edu.bo\/wp-content\/uploads\/2024\/10\/WhatsApp-Image-2024-10-13-at-11.04.55-1024x818.jpeg\" alt=\"Carolina en una visita acad\u00e9mica a PIL Andina junto a sus compa\u00f1eros de la carrera Administraci\u00f3n de Empresas\" width=\"1024\" height=\"818\" srcset=\"https:\/\/unifranz.edu.bo\/wp-content\/uploads\/2024\/10\/WhatsApp-Image-2024-10-13-at-11.04.55-1024x818.jpeg 1024w, https:\/\/unifranz.edu.bo\/wp-content\/uploads\/2024\/10\/WhatsApp-Image-2024-10-13-at-11.04.55-300x240.jpeg 300w, https:\/\/unifranz.edu.bo\/wp-content\/uploads\/2024\/10\/WhatsApp-Image-2024-10-13-at-11.04.55-768x613.jpeg 768w, https:\/\/unifranz.edu.bo\/wp-content\/uploads\/2024\/10\/WhatsApp-Image-2024-10-13-at-11.04.55-15x12.jpeg 15w, https:\/\/unifranz.edu.bo\/wp-content\/uploads\/2024\/10\/WhatsApp-Image-2024-10-13-at-11.04.55.jpeg 1280w\" sizes=\"auto, (max-width: 1024px) 100vw, 1024px\" \/><figcaption id=\"caption-attachment-597010\" class=\"wp-caption-text\">Carolina en una visita acad\u00e9mica a PIL Andina junto a sus compa\u00f1eros de la carrera Administraci\u00f3n de Empresas<\/figcaption><\/figure>\n<p><span style=\"color: #000000;\">La joven asegura que el deporte es un buen aliado para centrar la atenci\u00f3n, la memoria y aumentar la capacidad de concentraci\u00f3n, estos beneficios la han ayudado a destacar en sus estudios. \u201cEl deporte ayuda a los alumnos a mejorar su calidad de vida y, a su vez, a mejorar su salud porque permite que las actividades de cardio, o sea de velocidad, mejoren el ritmo card\u00edaco y la oxigenaci\u00f3n del cerebro\u201d.<\/span><\/p>\n<p><span style=\"color: #000000;\">El 28 de octubre ser\u00e1 su pr\u00f3xima competencia sudamericana, en la ciudad de Cochabamba, misma que no se realiza en Bolivia desde el 2009.<\/span><\/p>\n<p><span style=\"color: #000000;\">\u201cMe estoy preparando para representar a Bolivia y a Unifranz en una competencia internacional. Me siento honrada de elevar el nombre una vez m\u00e1s de mi tierra y de mi universidad. Desde mi carrera, he aprendido la importancia de organizarme y plantearme objetivos claros, sin duda, me pone muy contenta combinar mis dos pasiones: el estudio y el deporte\u201d, afirm\u00f3 la reconocida gimnasta.<\/span><\/p>\n<p><span style=\"color: #000000;\">Fortalece tus potenciales estudiando la carrera de Administraci\u00f3n de Empresas. Encuentra m\u00e1s informaci\u00f3n en el siguiente enlace:<\/span> <a href=\"https:\/\/ux.unifranz.edu.bo\/administracion-de-empresas\">https:\/\/ux.unifranz.edu.bo\/administracion-de-empresas<\/a><\/p>","protected":false},"excerpt":{"rendered":"<p>A sus 19 a\u00f1os, Carolina Ch\u00e1vez es un s\u00edmbolo de dedicaci\u00f3n y pasi\u00f3n en la academia y el mundo del deporte. Desde que comenz\u00f3 a practicar gimnasia art\u00edstica, a sus cuatro a\u00f1os de edad, ha convertido cada esfuerzo en un paso hacia sus sue\u00f1os. En la actualidad, la joven estudia Administraci\u00f3n de Empresas en la &hellip; <a href=\"https:\/\/unifranz.edu.bo\/pt\/blog\/estudios-con-suenos-empresariales-y-100-medallas-en-gimnasia-la-historia-de-carolina-chavez\/\">Continued<\/a><\/p>","protected":false},"author":33,"featured_media":596800,"comment_status":"open","ping_status":"open","sticky":false,"template":"","format":"standard","meta":{"_acf_changed":false,"footnotes":""},"categories":[2602,60,4680,178,2028],"tags":[5332,10178,10174,10175,1650,10179,10176,10177,234],"class_list":["post-596700","post","type-post","status-publish","format-standard","has-post-thumbnail","hentry","category-administracion-de-empresas","category-blog","category-emprendedurismo","category-intercambios","category-internacionalizacion-es","tag-deportistas-bolivianos","tag-gimnasia","tag-gimnasia-artistica","tag-gimnastas-bolivianas","tag-mejores-universidades-de-bolivia","tag-mejores-universidades-de-santa-cruz","tag-sudamericano-2024","tag-sudamericano-de-gimnasia-2024","tag-talento"],"acf":[],"_links":{"self":[{"href":"https:\/\/unifranz.edu.bo\/pt\/wp-json\/wp\/v2\/posts\/596700","targetHints":{"allow":["GET"]}}],"collection":[{"href":"https:\/\/unifranz.edu.bo\/pt\/wp-json\/wp\/v2\/posts"}],"about":[{"href":"https:\/\/unifranz.edu.bo\/pt\/wp-json\/wp\/v2\/types\/post"}],"author":[{"embeddable":true,"href":"https:\/\/unifranz.edu.bo\/pt\/wp-json\/wp\/v2\/users\/33"}],"replies":[{"embeddable":true,"href":"https:\/\/unifranz.edu.bo\/pt\/wp-json\/wp\/v2\/comments?post=596700"}],"version-history":[{"count":1,"href":"https:\/\/unifranz.edu.bo\/pt\/wp-json\/wp\/v2\/posts\/596700\/revisions"}],"predecessor-version":[{"id":597049,"href":"https:\/\/unifranz.edu.bo\/pt\/wp-json\/wp\/v2\/posts\/596700\/revisions\/597049"}],"wp:featuredmedia":[{"embeddable":true,"href":"https:\/\/unifranz.edu.bo\/pt\/wp-json\/wp\/v2\/media\/596800"}],"wp:attachment":[{"href":"https:\/\/unifranz.edu.bo\/pt\/wp-json\/wp\/v2\/media?parent=596700"}],"wp:term":[{"taxonomy":"category","embeddable":true,"href":"https:\/\/unifranz.edu.bo\/pt\/wp-json\/wp\/v2\/categories?post=596700"},{"taxonomy":"post_tag","embeddable":true,"href":"https:\/\/unifranz.edu.bo\/pt\/wp-json\/wp\/v2\/tags?post=596700"}],"curies":[{"name":"wp","href":"https:\/\/api.w.org\/{rel}","templated":true}]}}