{"id":583503,"date":"2024-10-07T16:38:39","date_gmt":"2024-10-07T20:38:39","guid":{"rendered":"https:\/\/unifranz.edu.bo\/?p=583503"},"modified":"2024-10-07T16:42:47","modified_gmt":"2024-10-07T20:42:47","slug":"mujeres-del-penal-de-obrajes-se-preparan-para-emprender-y-transformar-sus-vidas","status":"publish","type":"post","link":"https:\/\/unifranz.edu.bo\/pt\/blog\/mujeres-del-penal-de-obrajes-se-preparan-para-emprender-y-transformar-sus-vidas\/","title":{"rendered":"Mujeres del penal de Obrajes se preparan para emprender y transformar sus vidas con el CIEN de Unifranz"},"content":{"rendered":"<p>Por Guiomara Calle<\/p>\n<p><span style=\"font-weight: 400;\">En las paredes del Centro de Orientaci\u00f3n Femenina de Obrajes de La Paz, un movimiento silencioso pero poderoso est\u00e1 tomando forma. Mujeres privadas de libertad est\u00e1n viendo al emprendedurismo como una v\u00eda para reescribir su futuro. A trav\u00e9s de programas de capacitaci\u00f3n en marketing, contadur\u00eda, liderazgo, entre otros, ellas buscan activar 60 emprendimientos para no solo transformar sus vidas, sino tambi\u00e9n para desafiar los estigmas asociados con la vida en prisi\u00f3n.<\/span><\/p>\n<p><span style=\"font-weight: 400;\">\u201cA veces se juzga a las personas en prisi\u00f3n sin saber cu\u00e1l es la situaci\u00f3n que han vivido, qu\u00e9 es lo que tuvieron que pasar para llegar a ese punto, solo les cierran las puertas. Con el Centro e Incubadora de Emprendimientos y Negocios (CIEN) queremos hacer todo lo contrario, ense\u00f1arles a emprender y triunfar en el camino para transformar sus vidas\u201d, afirma Patricia Pozo, responsable del CIEN y directora de la carrera de Administraci\u00f3n de Empresas de la <\/span><a href=\"https:\/\/unifranz.edu.bo\/\"><span style=\"font-weight: 400;\">Universidad Franz Tamayo, Unifranz<\/span><\/a><span style=\"font-weight: 400;\">.<\/span><\/p>\n<p><span style=\"font-weight: 400;\">Una de ellas es Miriam, con 40 a\u00f1os. Ella encontr\u00f3 en la reposter\u00eda una salida a su complicado pasado. Cumpliendo una condena por tr\u00e1fico de drogas, decidi\u00f3 utilizar su tiempo en prisi\u00f3n para forjar un futuro diferente, tanto para ella como para sus hijos.<\/span><\/p>\n<p><span style=\"font-weight: 400;\">Desde que lleg\u00f3 a Obrajes, hace seis a\u00f1os, dedic\u00f3 sus horas a perfeccionar sus habilidades culinarias, heredadas de su mam\u00e1. A cinco a\u00f1os de su liberaci\u00f3n, su sue\u00f1o es abrir una pasteler\u00eda, donde pueda no solo expresar su arte, sino tambi\u00e9n demostrar a sus hijos que es posible dejar el pasado atr\u00e1s y vencer adversidades.\u00a0<\/span><\/p>\n<p><iframe loading=\"lazy\" width=\"560\" height=\"315\" src=\"https:\/\/www.youtube.com\/embed\/ZMAbKQzQvHo?si=sGUFd-myKYMPp1AI\" title=\"YouTube video player\" frameborder=\"0\" allow=\"accelerometer; autoplay; clipboard-write; encrypted-media; gyroscope; picture-in-picture; web-share\" referrerpolicy=\"strict-origin-when-cross-origin\" allowfullscreen><\/iframe>&nbsp;<\/p>\n<p><span style=\"font-weight: 400;\">Con cada d\u00eda que pasa, su esperanza crece. Miriam visualiza su emprendimiento, un espacio donde tambi\u00e9n pueda impartir los conocimientos adquiridos a otras mujeres en situaciones similares. Su meta es clara: dejar atr\u00e1s su pasado y construir un futuro brillante para ella y su familia.<\/span><\/p>\n<p><span style=\"font-weight: 400;\">Su amor por la reposter\u00eda es evidente en cada pan y masa que prepara, pero tambi\u00e9n es consciente de que la creatividad en la cocina no es suficiente para garantizar el \u00e9xito de un negocio.<\/span><\/p>\n<p><span style=\"font-weight: 400;\">Miriam es una de las 60 mujeres que llen\u00f3 los formularios del CIEN para iniciar su formaci\u00f3n en marketing, asuntos administrativos y legales para emprendimientos, tecnolog\u00eda y contadur\u00eda para negocios. Estos cursos no solo se centran en habilidades t\u00e9cnicas, sino tambi\u00e9n en empoderamiento, liderazgo e inteligencia emocional, que son vitales para reconstruir la autoestima.<\/span><\/p>\n<p><span style=\"font-weight: 400;\">\u201cEn marketing, por ejemplo, les ense\u00f1amos desde c\u00f3mo empacar un producto hasta como llegar a m\u00e1s personas para aumentar las ventas; en las \u00e1reas administrativas aprenden a conducir de la mejor manera las finanzas de su negocio, lo propio con los conocimientos legales\u201d, se\u00f1ala Pozo.<\/span><\/p>\n<p><b>Buscando una segunda oportunidad<\/b><\/p>\n<p><span style=\"font-weight: 400;\">Confecci\u00f3n de mantas, artesan\u00edas, reposter\u00eda y tejido; tambi\u00e9n servicios, como atenci\u00f3n de peluquer\u00eda de mascotas, limpieza y belleza, destacan entre las 60 iniciativas que proyectan las internas.<\/span><\/p>\n<p><span style=\"font-weight: 400;\">El proyecto es resultado de una alianza con la Direcci\u00f3n de R\u00e9gimen Penitenciario de La Paz. \u201cPrimero fue el Centro de Rehabilitaci\u00f3n de Qalauma (especializado en la atenci\u00f3n de menores), ahora estamos entrando a la c\u00e1rcel de Obrajes porque queremos empoderar a las mujeres, cambiar su presente y abrir puertas a un futuro con oportunidades\u201d, enfatiza Pozo.<\/span><\/p>\n<p><span style=\"font-weight: 400;\">Bryan Esprella, coordinador departamental Post Penitenciario La Paz, destaca los resultados de la puesta en marcha del proyecto con una carga horaria con los cursos, la cual ser\u00e1 valorada en los juzgados de ejecuci\u00f3n para aminorar la condena. Tambi\u00e9n se\u00f1ala que, en el \u00e1mbito social, las historias de \u00e9xito de los emprendimientos dejar\u00e1n atr\u00e1s el estigma hacia las privadas de libertad.<\/span><\/p>\n<p><span style=\"font-weight: 400;\">\u201cEstas capacitaciones permiten que las privadas y privados de libertad puedan manejar de la mejor manera posible los recursos econ\u00f3micos que tienen junto con un capital de apoyo denominado \u2018semilla\u2019. El aporte de la universidad es muy importante y est\u00e1 respaldado en el art\u00edculo 74 de la Constituci\u00f3n Pol\u00edtica del Estado, que habla sobre el apoyo de toda instituci\u00f3n al privado de libertad para su reinserci\u00f3n social, rehabilitaci\u00f3n y readaptaci\u00f3n\u201d, menciona Esprella.<\/span><\/p>\n<p><span style=\"font-weight: 400;\">En medio de las adversidades, el esp\u00edritu emprendedor de estas mujeres no se apaga; su determinaci\u00f3n y ganas de salir adelante son un testimonio de que, incluso tras las rejas, los sue\u00f1os pueden encontrar un camino hacia la realizaci\u00f3n. El inter\u00e9s y la creatividad de todas ellas es un recordatorio de que el cambio es posible y que cada esfuerzo cuenta en la construcci\u00f3n de un nuevo futuro.<\/span><\/p>","protected":false},"excerpt":{"rendered":"<p>Por Guiomara Calle En las paredes del Centro de Orientaci\u00f3n Femenina de Obrajes de La Paz, un movimiento silencioso pero poderoso est\u00e1 tomando forma. Mujeres privadas de libertad est\u00e1n viendo al emprendedurismo como una v\u00eda para reescribir su futuro. A trav\u00e9s de programas de capacitaci\u00f3n en marketing, contadur\u00eda, liderazgo, entre otros, ellas buscan activar 60 &hellip; <a href=\"https:\/\/unifranz.edu.bo\/pt\/blog\/mujeres-del-penal-de-obrajes-se-preparan-para-emprender-y-transformar-sus-vidas\/\">Continued<\/a><\/p>","protected":false},"author":45,"featured_media":583506,"comment_status":"open","ping_status":"open","sticky":false,"template":"","format":"standard","meta":{"_acf_changed":false,"footnotes":""},"categories":[2602,60,2566,302,1782],"tags":[3122,10125,4682,1006,8230,1422,74,242],"class_list":["post-583503","post","type-post","status-publish","format-standard","has-post-thumbnail","hentry","category-administracion-de-empresas","category-blog","category-docente","category-el-alto","category-unifranz","tag-carrera-de-administracion-de-emepresas","tag-centro-de-orientacion-femenina-de-obrajes","tag-cien","tag-emprendedurismo","tag-emprender","tag-innovacion-en-educacion","tag-mujer","tag-unifranz"],"acf":[],"_links":{"self":[{"href":"https:\/\/unifranz.edu.bo\/pt\/wp-json\/wp\/v2\/posts\/583503","targetHints":{"allow":["GET"]}}],"collection":[{"href":"https:\/\/unifranz.edu.bo\/pt\/wp-json\/wp\/v2\/posts"}],"about":[{"href":"https:\/\/unifranz.edu.bo\/pt\/wp-json\/wp\/v2\/types\/post"}],"author":[{"embeddable":true,"href":"https:\/\/unifranz.edu.bo\/pt\/wp-json\/wp\/v2\/users\/45"}],"replies":[{"embeddable":true,"href":"https:\/\/unifranz.edu.bo\/pt\/wp-json\/wp\/v2\/comments?post=583503"}],"version-history":[{"count":3,"href":"https:\/\/unifranz.edu.bo\/pt\/wp-json\/wp\/v2\/posts\/583503\/revisions"}],"predecessor-version":[{"id":583509,"href":"https:\/\/unifranz.edu.bo\/pt\/wp-json\/wp\/v2\/posts\/583503\/revisions\/583509"}],"wp:featuredmedia":[{"embeddable":true,"href":"https:\/\/unifranz.edu.bo\/pt\/wp-json\/wp\/v2\/media\/583506"}],"wp:attachment":[{"href":"https:\/\/unifranz.edu.bo\/pt\/wp-json\/wp\/v2\/media?parent=583503"}],"wp:term":[{"taxonomy":"category","embeddable":true,"href":"https:\/\/unifranz.edu.bo\/pt\/wp-json\/wp\/v2\/categories?post=583503"},{"taxonomy":"post_tag","embeddable":true,"href":"https:\/\/unifranz.edu.bo\/pt\/wp-json\/wp\/v2\/tags?post=583503"}],"curies":[{"name":"wp","href":"https:\/\/api.w.org\/{rel}","templated":true}]}}