{"id":578410,"date":"2024-10-04T21:05:14","date_gmt":"2024-10-05T01:05:14","guid":{"rendered":"https:\/\/unifranz.edu.bo\/?p=578410"},"modified":"2024-10-04T21:37:57","modified_gmt":"2024-10-05T01:37:57","slug":"gafas-meta-realidad-aumentada-el-futuro-de-la-computacion-espacial","status":"publish","type":"post","link":"https:\/\/unifranz.edu.bo\/pt\/carreras\/gafas-meta-realidad-aumentada-el-futuro-de-la-computacion-espacial\/","title":{"rendered":"Gafas de realidad aumentada: \u00bfel futuro de la computaci\u00f3n espacial?"},"content":{"rendered":"<p>Por Manuel Filomeno<\/p>\n<p><span style=\"font-weight: 400;\">\u00abDesde computadoras que ocupaban habitaciones enteras hasta equipos port\u00e1tiles de sobremesa y tel\u00e9fonos inteligentes, la evoluci\u00f3n de la computaci\u00f3n siempre ha tendido hacia la miniaturizaci\u00f3n de componentes y dispositivos. Ahora, los ordenadores se han convertido en gafas. \u00bfEs este el futuro de la computaci\u00f3n espacial?<\/span><\/p>\n<p><span style=\"font-weight: 400;\">La\u00a0computaci\u00f3n espacial\u00a0es una tecnolog\u00eda emergente que integra los mundos digital y f\u00edsico, permitiendo a los usuarios interactuar con las computadoras de formas m\u00e1s fluidas e inmersivas.\u00a0Esta tecnolog\u00eda abarca conceptos como la realidad virtual (VR), la realidad aumentada (AR), la realidad mixta y la realidad extendida.<\/span><\/p>\n<p><span style=\"font-weight: 400;\">\u201cEstos dispositivos representan una puerta de ingreso a la computaci\u00f3n espacial, en la cual los elementos virtuales se superponen por encima de lo f\u00edsico, generando experiencias inmersivas. Esta tecnolog\u00eda tiene un gran potencial educativo debido al car\u00e1cter mixto, que permite interactuar tanto con la realidad virtual como la realidad aumentada y lo que sucede a nuestro alrededor, permitiendo aplicaciones en arquitectura, medicina, programaci\u00f3n, y otras \u00e1reas del conocimiento\u201d, explica Juan Carlos Cuellar Sonco, docente de la carrera de Ingenier\u00eda de Sistemas de la Universidad Franz Tamayo, Unifranz.\u00a0<\/span><\/p>\n<p><span style=\"font-weight: 400;\">En pasados d\u00edas, Meta Platforms, empresa matriz de Facebook, present\u00f3 su primer par de gafas de realidad aumentada, un paso clave en el objetivo de su consejero delegado, Mark Zuckerberg, de\u00a0ofrecer alg\u00fan d\u00eda una alternativa manos libres al smartphone y convertirse en un verdadero dispositivo de computaci\u00f3n espacial.<\/span><\/p>\n<p><span style=\"font-weight: 400;\">Las nuevas gafas, llamadas Orion, parecen unas gruesas gafas de lectura negras, pero sus lentes pueden mostrar mensajes de texto, videollamadas e incluso v\u00eddeos de YouTube en el campo de visi\u00f3n del usuario. Estos prototipos no est\u00e1n a la venta, ya que se utilizar\u00e1n internamente en Meta para probar y mejorar el producto.<\/span><\/p>\n<p><span style=\"font-weight: 400;\">Una pulsera que detecta la estimulaci\u00f3n nerviosa y unas c\u00e1maras integradas en las monturas que rastrean el movimiento de los ojos permiten a los usuarios de Orion \u201chacer clic\u201d o \u201cdesplazarse\u201d por la pantalla utilizando solo las manos.<\/span><\/p>\n<p><span style=\"font-weight: 400;\">Con el tiempo, los ejecutivos de Meta creen que podr\u00e1n hacer que las gafas sean lo suficientemente finas y potentes como para que los consumidores en general las compren. El objetivo es lanzar Orion al mercado en los \u201cpr\u00f3ximos a\u00f1os\u201d a un precio similar al de un \u201cordenador port\u00e1til o un tel\u00e9fono inteligente de gama alta\u201d, seg\u00fan Rahul Prasad, director senior de gesti\u00f3n de productos de Meta.<\/span><\/p>\n<p><span style=\"font-weight: 400;\">A diferencia de los productos de la competencia, como Vision Pro de Apple, las gafas Orion de Meta no necesitan una voluminosa cinta para la cabeza ni un paquete de pilas para funcionar. Orion cuenta con siete c\u00e1maras, incluidas dos para el seguimiento de los movimientos oculares, que permiten a los usuarios controlar la pantalla mediante gestos visibles de la mano. Sin embargo, Orion funciona mejor cuando se combina con una pulsera que la acompa\u00f1a, la cual utiliza la electromiograf\u00eda para detectar movimientos de la mano mucho m\u00e1s sutiles, permitiendo a los usuarios controlar las gafas con peque\u00f1os movimientos de los dedos.<\/span><\/p>\n<p><span style=\"font-weight: 400;\">Estas gafas permiten, por ejemplo, compartir v\u00eddeo con video llamadas de\u00a0WhatsApp y Messenger. Ahora tambi\u00e9n permitir\u00e1n grabar mensajes de voz para estas dos aplicaciones. Otra funcionalidad es la traducci\u00f3n en tiempo real, que nos permitir\u00e1 escuchar lo que alguien nos dice en diferentes idiomas.<\/span><\/p>\n<p><b>Una experiencia inmersiva<\/b><\/p>\n<p><span style=\"font-weight: 400;\">De acuerdo con el experto, lo que se busca con esta tecnolog\u00eda es llevar la experiencia del usuario a un mundo inmersivo donde personas de todo el mundo est\u00e1n interconectadas y pueden trabajar colaborativamente como si estuvieran en la misma habitaci\u00f3n.<\/span><\/p>\n<p><span style=\"font-weight: 400;\">Esto nos va a permitir establecer comunicaci\u00f3n, conocimiento, ciencia, investigaci\u00f3n con todo el mundo. \u00c9se es el objetivo, interrelacionar a todos en una sola \u00e1rea de trabajo virtual. Medicina, tecnolog\u00eda, marketing, arquitectura e ingenier\u00edas y la ciencia en general van a ser beneficiadas con esta tecnolog\u00eda. Esto nos va a permitir visualizar sin tener que estar f\u00edsicamente en el lugar, entonces habilidades o posibilidades las tiene\u201d, apunta.<\/span><\/p>\n<p><span style=\"font-weight: 400;\">Sin embargo, el ingeniero de sistemas se\u00f1ala que, actualmente, existe una gran limitaci\u00f3n que es el costo de los equipos.<\/span><\/p>\n<p><span style=\"font-weight: 400;\">Seg\u00fan Cuellar estos costos hacen complicado para los usuarios comunes acceder a esta tecnolog\u00eda al momento, sobre todo en el caso de las instituciones educativas.<\/span><\/p>\n<p><span style=\"font-weight: 400;\">\u201cSus aplicaciones educativas tienen un gran potencial; sin embargo, estamos limitados por el tema del precio, que es sumamente alto, pero esto no significa que no se pueda avanzar en el desarrollo de aplicaciones educativas con el futuro en mente\u201d, explica.<\/span><\/p>","protected":false},"excerpt":{"rendered":"<p>Por Manuel Filomeno \u00abDesde computadoras que ocupaban habitaciones enteras hasta equipos port\u00e1tiles de sobremesa y tel\u00e9fonos inteligentes, la evoluci\u00f3n de la computaci\u00f3n siempre ha tendido hacia la miniaturizaci\u00f3n de componentes y dispositivos. Ahora, los ordenadores se han convertido en gafas. \u00bfEs este el futuro de la computaci\u00f3n espacial? La\u00a0computaci\u00f3n espacial\u00a0es una tecnolog\u00eda emergente que integra &hellip; <a href=\"https:\/\/unifranz.edu.bo\/pt\/carreras\/gafas-meta-realidad-aumentada-el-futuro-de-la-computacion-espacial\/\">Continued<\/a><\/p>","protected":false},"author":45,"featured_media":578412,"comment_status":"open","ping_status":"open","sticky":false,"template":"","format":"standard","meta":{"_acf_changed":false,"footnotes":""},"categories":[60,35,2250,5900,1866,1782],"tags":[10118,9873,10114,10116,2692,1422,2814,218,242],"class_list":["post-578410","post","type-post","status-publish","format-standard","has-post-thumbnail","hentry","category-blog","category-carreras","category-ingenieria-de-sistemas","category-metaverso-es","category-tecnologia-es","category-unifranz","tag-adios-celulares","tag-carrera-de-ingenieria-de-sistemas","tag-gafas","tag-gafas-con-realidad-aumentada","tag-ingenieria-en-sistemas","tag-innovacion-en-educacion","tag-meta","tag-tecnologia","tag-unifranz"],"acf":[],"_links":{"self":[{"href":"https:\/\/unifranz.edu.bo\/pt\/wp-json\/wp\/v2\/posts\/578410","targetHints":{"allow":["GET"]}}],"collection":[{"href":"https:\/\/unifranz.edu.bo\/pt\/wp-json\/wp\/v2\/posts"}],"about":[{"href":"https:\/\/unifranz.edu.bo\/pt\/wp-json\/wp\/v2\/types\/post"}],"author":[{"embeddable":true,"href":"https:\/\/unifranz.edu.bo\/pt\/wp-json\/wp\/v2\/users\/45"}],"replies":[{"embeddable":true,"href":"https:\/\/unifranz.edu.bo\/pt\/wp-json\/wp\/v2\/comments?post=578410"}],"version-history":[{"count":1,"href":"https:\/\/unifranz.edu.bo\/pt\/wp-json\/wp\/v2\/posts\/578410\/revisions"}],"predecessor-version":[{"id":578413,"href":"https:\/\/unifranz.edu.bo\/pt\/wp-json\/wp\/v2\/posts\/578410\/revisions\/578413"}],"wp:featuredmedia":[{"embeddable":true,"href":"https:\/\/unifranz.edu.bo\/pt\/wp-json\/wp\/v2\/media\/578412"}],"wp:attachment":[{"href":"https:\/\/unifranz.edu.bo\/pt\/wp-json\/wp\/v2\/media?parent=578410"}],"wp:term":[{"taxonomy":"category","embeddable":true,"href":"https:\/\/unifranz.edu.bo\/pt\/wp-json\/wp\/v2\/categories?post=578410"},{"taxonomy":"post_tag","embeddable":true,"href":"https:\/\/unifranz.edu.bo\/pt\/wp-json\/wp\/v2\/tags?post=578410"}],"curies":[{"name":"wp","href":"https:\/\/api.w.org\/{rel}","templated":true}]}}