{"id":575040,"date":"2024-10-04T12:47:36","date_gmt":"2024-10-04T16:47:36","guid":{"rendered":"https:\/\/unifranz.edu.bo\/?p=575040"},"modified":"2024-10-07T09:22:11","modified_gmt":"2024-10-07T13:22:11","slug":"carrera-5kunifranz-desafia-a-correr-en-el-alto","status":"publish","type":"post","link":"https:\/\/unifranz.edu.bo\/pt\/noticias\/carrera-5kunifranz-desafia-a-correr-en-el-alto\/","title":{"rendered":"Carrera 5k Unifranz desaf\u00eda a deportistas a correr \u201cen la capital de Los Andes\u201d"},"content":{"rendered":"<p><span style=\"color: #000000;\">La ciudad de El Alto, ubicada a 4.000 metros de altura, ser\u00e1 el escenario de una jornada donde el deporte, el turismo y la solidaridad se entrelazar\u00e1n en cada paso. El s\u00e1bado 26 de octubre se celebrar\u00e1 la carrera pedestre 5K Unifranz \u201cen la capital de Los Andes\u201d, organizada por la <a href=\"https:\/\/unifranz.edu.bo\/\">Universidad Franz Tamayo, Unifranz<\/a>, en colaboraci\u00f3n con el <a href=\"https:\/\/www.elalto.gob.bo\/\" target=\"_blank\" rel=\"noopener\">gobierno municipal<\/a> de la urbe.<\/span><\/p>\n<p><span style=\"color: #000000;\">Miles de corredores, entre estudiantes de unidades educativas de El Alto y La Paz, universitarios aficionados al deporte y atletas profesionales, recorrer\u00e1n cinco kil\u00f3metros a trav\u00e9s de una ruta urbana llena de simbolismo y cultura, en la ciudad m\u00e1s alta del mundo. Al final del trayecto, los participantes ser\u00e1n recibidos por la vista de las ic\u00f3nicas edificaciones \u00abcholet\u00bb y otros estilos \u00fanicos de la arquitectura andina, un verdadero premio visual para quienes crucen la meta.<\/span><\/p>\n<p><span style=\"color: #000000;\">Adem\u00e1s de ser una prueba de resistencia f\u00edsica, la 5K Unifranz tambi\u00e9n busca generar un impacto social. La inscripci\u00f3n consistir\u00e1 en la donaci\u00f3n de alimentos no perecederos como arroz, fideos, az\u00facar y enlatados, que ser\u00e1n destinados a personas de escasos recursos a trav\u00e9s de la <a href=\"https:\/\/www.fundacionunifranz.org\/\" target=\"_blank\" rel=\"noopener\">Funda\u00e7\u00e3o Unifranz<\/a>, el brazo social de la universidad.<\/span><\/p>\n<p><span style=\"color: #000000;\">De esta forma, el esfuerzo de los corredores no solo se medir\u00e1 en kil\u00f3metros, sino tambi\u00e9n en su capacidad para contribuir a mejorar la vida de aquellos que m\u00e1s lo necesitan. Esta iniciativa solidaria subraya la idea de que el deporte puede ser una herramienta poderosa para construir una sociedad m\u00e1s justa y compasiva.<\/span><\/p>\n<p><span style=\"color: #000000;\">La Fundaci\u00f3n Unifranz se encargar\u00e1 de distribuir las donaciones a trav\u00e9s de su programa \u201cCausa Hay\u201d, asegurando que lleguen a quienes m\u00e1s lo necesitan, en este caso, a personas de escasos recursos de la urbe alte\u00f1a. As\u00ed, cada zancada cuenta, no solo para los corredores, sino tambi\u00e9n para quienes esperan una mano amiga.<\/span><\/p>\n<p><span style=\"color: #000000;\">Por ello, el evento no solo se constituye como una actividad f\u00edsica, sino como un medio para generar un impacto positivo en la comunidad.<\/span><\/p>\n<p><span style=\"color: #000000;\">\u201c\u00a1Correr con prop\u00f3sito! Correr con una raz\u00f3n tan significativa como ayudar a familias necesitadas realmente puede transformar la experiencia de esta 5K Unifranz. Los participantes no solo tratar\u00e1n de alcanzar una meta personal, sino de unirse a una causa, \u00abnuestra causa\u00bb que, como siempre, impacta positivamente en la vida de otros. La energ\u00eda y la motivaci\u00f3n que se generan al saber que cada paso cuenta para hacer una diferencia son invaluables. \u00a1Estoy seguro de que ser\u00e1 una experiencia incre\u00edble para todos los participantes!\u201d, a\u00f1ade Pilar Hidalgo, directora de la Fundaci\u00f3n Unifranz, quien destaca el car\u00e1cter solidario del evento.<\/span><\/p>\n<p><span style=\"color: #000000;\">El trabajo conjunto con el Gobierno Municipal de El Alto busca aumentar la participaci\u00f3n y reactivar el turismo local, mostrando a El Alto como un destino con una vibrante cultura y una comunidad solidaria.<\/span><\/p>\n<p><span style=\"color: #000000;\">\u00abCorrer por la ciudad, por la cultura y por quienes esperan una mano amiga\u00bb, es el mensaje que resuena en el manifiesto del 5K Unifranz, una invitaci\u00f3n clara a formar parte de algo m\u00e1s grande.<\/span><\/p>\n<p><span style=\"color: #000000;\">A medida que se acerca la fecha, la expectativa crece. Atletas, aficionados y ciudadanos de todas las edades podr\u00e1n dar lo mejor de s\u00ed, sabiendo que cada paso deja una huella en su propia vida y en la de otros.<\/span><\/p>\n<p><span style=\"color: #000000;\">\u00abEn Unifranz, apostamos por la realizaci\u00f3n de actividades deportivas que son clave para la formaci\u00f3n integral de nuestros estudiantes y la juventud en general. Estas actividades fomentan valores fundamentales como la disciplina, el trabajo en equipo y la perseverancia, adem\u00e1s de fortalecer tanto el cuerpo como la mente\u201d, puntualiza la directora de Marketing y Admisiones de <a href=\"https:\/\/ux.unifranz.edu.bo\/tour\/eat\/index.htm\">Unifranz El Alto<\/a>, Neyssa Salazar.<\/span><\/p>\n<p><span style=\"color: #000000;\">Los interesados pueden registrarse en el enlace\u00a0<\/span><a href=\"https:\/\/eventos.unifranz.edu.bo\/unifranz-5k#register\">https:\/\/eventos.unifranz.edu.bo\/unifranz-5k#register\u00a0<\/a><span style=\"color: #000000;\">y, una vez registrados, dejar su donaci\u00f3n a Unifranz El Alto (Av. del Aeropuerto Internacional de El Alto N\u00b01015).\u00a0<\/span><\/p>","protected":false},"excerpt":{"rendered":"<p>La ciudad de El Alto, ubicada a 4.000 metros de altura, ser\u00e1 el escenario de una jornada donde el deporte, el turismo y la solidaridad se entrelazar\u00e1n en cada paso. El s\u00e1bado 26 de octubre se celebrar\u00e1 la carrera pedestre 5K Unifranz \u201cen la capital de Los Andes\u201d, organizada por la Universidad Franz Tamayo, Unifranz, &hellip; <a href=\"https:\/\/unifranz.edu.bo\/pt\/noticias\/carrera-5kunifranz-desafia-a-correr-en-el-alto\/\">Continued<\/a><\/p>","protected":false},"author":25,"featured_media":575558,"comment_status":"open","ping_status":"open","sticky":false,"template":"","format":"standard","meta":{"_acf_changed":false,"footnotes":""},"categories":[1996,60,35,226,6699,220,5822,302,1004,45,2790,2388,29,1658],"tags":[47,1422,164,88,242],"class_list":["post-575040","post","type-post","status-publish","format-standard","has-post-thumbnail","hentry","category-administracion-de-hoteleria-y-turismo","category-blog","category-carreras","category-cultura","category-deporte","category-deportes","category-ecoturismo","category-el-alto","category-estudiantes","category-eventos","category-fit-turismo","category-jovenes","category-noticias","category-turismo","tag-el-alto","tag-innovacion-en-educacion","tag-jovenes","tag-turismo","tag-unifranz"],"acf":[],"_links":{"self":[{"href":"https:\/\/unifranz.edu.bo\/pt\/wp-json\/wp\/v2\/posts\/575040","targetHints":{"allow":["GET"]}}],"collection":[{"href":"https:\/\/unifranz.edu.bo\/pt\/wp-json\/wp\/v2\/posts"}],"about":[{"href":"https:\/\/unifranz.edu.bo\/pt\/wp-json\/wp\/v2\/types\/post"}],"author":[{"embeddable":true,"href":"https:\/\/unifranz.edu.bo\/pt\/wp-json\/wp\/v2\/users\/25"}],"replies":[{"embeddable":true,"href":"https:\/\/unifranz.edu.bo\/pt\/wp-json\/wp\/v2\/comments?post=575040"}],"version-history":[{"count":4,"href":"https:\/\/unifranz.edu.bo\/pt\/wp-json\/wp\/v2\/posts\/575040\/revisions"}],"predecessor-version":[{"id":583442,"href":"https:\/\/unifranz.edu.bo\/pt\/wp-json\/wp\/v2\/posts\/575040\/revisions\/583442"}],"wp:featuredmedia":[{"embeddable":true,"href":"https:\/\/unifranz.edu.bo\/pt\/wp-json\/wp\/v2\/media\/575558"}],"wp:attachment":[{"href":"https:\/\/unifranz.edu.bo\/pt\/wp-json\/wp\/v2\/media?parent=575040"}],"wp:term":[{"taxonomy":"category","embeddable":true,"href":"https:\/\/unifranz.edu.bo\/pt\/wp-json\/wp\/v2\/categories?post=575040"},{"taxonomy":"post_tag","embeddable":true,"href":"https:\/\/unifranz.edu.bo\/pt\/wp-json\/wp\/v2\/tags?post=575040"}],"curies":[{"name":"wp","href":"https:\/\/api.w.org\/{rel}","templated":true}]}}