{"id":535671,"date":"2024-09-25T17:06:14","date_gmt":"2024-09-25T21:06:14","guid":{"rendered":"https:\/\/unifranz.edu.bo\/?p=535671"},"modified":"2024-09-25T22:27:26","modified_gmt":"2024-09-26T02:27:26","slug":"gen-emprendedor-clave-para-la-transformacion-personal-y-social","status":"publish","type":"post","link":"https:\/\/unifranz.edu.bo\/pt\/blog\/gen-emprendedor-clave-para-la-transformacion-personal-y-social\/","title":{"rendered":"Gen emprendedor, clave para la transformaci\u00f3n personal y social"},"content":{"rendered":"<div>\n<p>Por Lily Zurita<\/p>\n<p><span style=\"color: #000000;\">El emprendimiento no s\u00f3lo representa una oportunidad econ\u00f3mica, sino una plataforma de transformaci\u00f3n personal y social, en la que la resiliencia, la creatividad y el trabajo en equipo son fundamentales. Implica hablar de generaci\u00f3n de empleo, dedicaci\u00f3n, pasi\u00f3n y preparaci\u00f3n continua.<\/span><\/p>\n<\/div>\n<div>\n<p>Para Allison Silva, directora de la Fundaci\u00f3n Emprender Futuro y gerente de Eressea Solutions, quienes descubren en s\u00ed mismos el \u00abgen emprendedor\u00bb suelen\u00a0<b>desarrollar habilidades clave<\/b>, como la capacidad de crear soluciones y la adaptaci\u00f3n ante las adversidades.<\/p>\n<\/div>\n<div>\n<p>\u201cTodos quieren ser emprendedores, pero, la verdad, esta opci\u00f3n implica un\u00a0<b>trabajo de transformaci\u00f3n de uno mismo<\/b>, necesita que dediques tiempo, pasi\u00f3n y preparaci\u00f3n. Una vez que dices \u2018tengo el gen emprendedor\u2019 y quiero crear una soluci\u00f3n, ofrecer un producto o crear una empresa, tambi\u00e9n tienes que saber que necesitas cumplir algunos requisitos esenciales\u201d, se\u00f1ala la l\u00edder en emprendimientos y disertante en la Feria de Empleabilidad de la Universidad Franz Tamayo, Unifranz.<\/p>\n<\/div>\n<div>\n<p>En el mundo del emprendimiento, no todo es positivo; por el contrario,<b>\u00a0los fracasos y momentos dif\u00edciles son comunes.<\/b>\u00a0Por eso, la resiliencia y la capacidad de adaptarse a los cambios del mercado son esenciales para mantener a flote el emprendimiento.<\/p>\n<\/div>\n<div>\n<p>Silva destaca la capacidad de\u00a0<b>crear soluciones<\/b>, la adaptaci\u00f3n r\u00e1pida y no deprimirse como los principales requisitos porque en el mundo del emprendimiento no todo es positivo ya que hay momentos muy complicados y dif\u00edciles.<\/p>\n<\/div>\n<div>\n<p>\u201cSin embargo, lo m\u00e1s importante es que, a nivel personal, tiene que estar 100 por ciento segura y comprometida de que va a funcionar; es decir, va a buscar, no una sino mil formas para hacer que el emprendimiento funcione\u201d, acota.<\/p>\n<\/div>\n<div>\n<p>Al final, lo importante es que la persona est\u00e9 consciente de que tiene\u00a0<b>capacidad de resiliencia y adaptabilidad\u00a0<\/b>a los nuevos requerimientos del mercado donde pretende instalar su emprendimiento.<\/p>\n<\/div>\n<div>\n<h3>Oportunidad o necesidad<\/h3>\n<\/div>\n<div>\n<p>Las iniciativas emprendedoras nacen bajo dos grandes conceptos: los emprendimientos por oportunidad y los emprendimientos por necesidad.<\/p>\n<\/div>\n<div>\n<p>Idealmente, seg\u00fan Silva, los j\u00f3venes deber\u00edan enfocarse en desarrollar emprendimientos por oportunidad, identificando una\u00a0<b>demanda en el mercado<\/b>\u00a0o un problema que pueda resolverse a trav\u00e9s de un producto o servicio. De esta manera, estos proyectos pueden estructurarse con el tiempo y transformarse hasta alcanzar el \u00e9xito deseado.<\/p>\n<\/div>\n<div>\n<p>Uno de los mayores errores que cometen los emprendedores, seg\u00fan la experta, es desarrollar un producto sin evaluar si existe un mercado dispuesto a adquirirlo.<\/p>\n<\/div>\n<div>\n<p>\u201cLo mejor es invertir primero en investigaci\u00f3n de una demanda real, y si es as\u00ed, el capital vendr\u00e1 como consecuencia. En t\u00e9rminos de financiamiento, el primer paso suele ser utilizar los propios ahorros, seguido del apoyo de amigos y familiares, quienes suelen confiar en la idea. Si el proyecto est\u00e1 bien estructurado, el siguiente nivel de\u00a0<b>financiamiento puede provenir de instituciones financieras o programas de capital semilla\u00a0<\/b>no reembolsable\u201d, puntualiza.<\/p>\n<\/div>\n<div>\n<p>Sin embargo, el capital no es el \u00fanico factor que determina el \u00e9xito de un emprendimiento. La idea debe solucionar un problema real, y el emprendedor debe rodearse de un equipo de trabajo con habilidades diversas. Este aspecto es vital, ya que el emprendimiento es un esfuerzo colaborativo.<\/p>\n<p><iframe loading=\"lazy\" title=\"Educaci\u00f3n y Sociedad | Gestionar el emprendimiento\" src=\"https:\/\/www.youtube.com\/embed\/6X3kGXqe-Iw\" width=\"853\" height=\"480\" frameborder=\"0\" allowfullscreen=\"allowfullscreen\" data-mce-fragment=\"1\"><\/iframe><\/p>\n<\/div>\n<div>\n<h3>Una ciudad de emprendedores<\/h3>\n<\/div>\n<div>\n<p>Silva destaca que ciudades como El Alto, son fuente de creatividad de soluciones innovadoras. Desde la fabricaci\u00f3n de maquinaria hasta el sector textil, esta ciudad ha demostrado ser un semillero de emprendimientos.<\/p>\n<\/div>\n<div>\n<p>Adem\u00e1s, el campo tecnol\u00f3gico tiene un enorme potencial, ya que permite a los j\u00f3venes desarrollar soluciones que no solo benefician al mercado local, sino que tambi\u00e9n pueden expandirse a nivel regional.<\/p>\n<\/div>\n<div>\n<p>\u201cHay un rubro important\u00edsimo donde El Alto puede tener mucho talento. Me refiero al rubro de la tecnolog\u00eda porque ah\u00ed es donde\u00a0<b>se despierta la capacidad del joven de crear\u00a0<\/b>y es una capacidad que tiene de tomar las herramientas tecnol\u00f3gicas, crear soluciones y distribuirlas en todo el pa\u00eds y, por qu\u00e9 no, en toda la regi\u00f3n\u201d, afirma.<\/p>\n<\/div>\n<div>\n<h3>Gesti\u00f3n de emociones<\/h3>\n<\/div>\n<div>\n<p>El fracaso, lejos de ser un castigo, es una valiosa fuente de aprendizaje para los emprendedores. En Bolivia, el error suele verse con malos ojos, pero lo importante es fallar lo m\u00e1s r\u00e1pido posible y capitalizar ese aprendizaje.<\/p>\n<\/div>\n<div>\n<p>Los emprendedores exitosos suelen haber fracasado varias veces antes de consolidar un negocio, lo que demuestra su resiliencia y capacidad de superaci\u00f3n.<\/p>\n<\/div>\n<div>\n<p>\u201c\u00bfC\u00f3mo gestiono el fracaso en un emprendedor? El fracaso es lo mejor que le puede pasar al emprendedor (\u2026). El conocimiento no lo vas a tener en ning\u00fan libro, porque lo vives, lo capitalizas y lo eval\u00faas; dices he fracasado tres veces y me he levantado cuatro veces, entonces tienes madera de emprendedor y tienes sobre todo la madera de ser resiliente, de pararte y no rendirte que es la gran capacidad que tienen los emprendedores\u201d, reflexiona.<\/p>\n<\/div>\n<h3>Rol crucial de la mujer<\/h3>\n<div>\n<p>El papel de la mujer en el emprendimiento es crucial. Las mujeres no s\u00f3lo emprenden por necesidad, sino tambi\u00e9n por oportunidad, y su impacto es multiplicador.<\/p>\n<\/div>\n<div>\n<p>Cuando una mujer emprende, tiende a pensar en el\u00a0<b>bienestar de su comunidad, l<\/b>ogrando que cualquier inversi\u00f3n en ella genere un retorno significativo para su entorno. Adem\u00e1s, a medida que las mujeres empresarias crecen, desarrollan habilidades de liderazgo y la capacidad de delegar, permitiendo que sus proyectos contin\u00faen expandi\u00e9ndose.<\/p>\n<\/div>\n<div>\n<p>\u201cCuando inviertes en una mujer generas prosperidad, impacto y mayor calidad de vida para las personas y para las futuras generaciones\u201d, concluye Silva.<\/p>\n<\/div>","protected":false},"excerpt":{"rendered":"<p>Por Lily Zurita El emprendimiento no s\u00f3lo representa una oportunidad econ\u00f3mica, sino una plataforma de transformaci\u00f3n personal y social, en la que la resiliencia, la creatividad y el trabajo en equipo son fundamentales. Implica hablar de generaci\u00f3n de empleo, dedicaci\u00f3n, pasi\u00f3n y preparaci\u00f3n continua. Para Allison Silva, directora de la Fundaci\u00f3n Emprender Futuro y gerente &hellip; <a href=\"https:\/\/unifranz.edu.bo\/pt\/blog\/gen-emprendedor-clave-para-la-transformacion-personal-y-social\/\">Continued<\/a><\/p>","protected":false},"author":45,"featured_media":535812,"comment_status":"open","ping_status":"open","sticky":false,"template":"","format":"standard","meta":{"_acf_changed":false,"footnotes":""},"categories":[60,4984,2186,2566,1862,2592,4678,6543,1708,2858,1782],"tags":[1566,3220,146,2732,1422,9964,118,1592,6949,242,58],"class_list":["post-535671","post","type-post","status-publish","format-standard","has-post-thumbnail","hentry","category-blog","category-campana-es","category-carreras-es","category-docente","category-educacion","category-empoderamiento","category-emprendedores","category-feria-de-empleabilidad-es","category-innovacion","category-innovacion-en-educacion","category-unifranz","tag-empleo","tag-emprendedor","tag-empresas","tag-feria-de-empleabilidad","tag-innovacion-en-educacion","tag-noticias-de-hoy","tag-profesionales","tag-trabajo","tag-transformacion","tag-unifranz","tag-universidad"],"acf":[],"_links":{"self":[{"href":"https:\/\/unifranz.edu.bo\/pt\/wp-json\/wp\/v2\/posts\/535671","targetHints":{"allow":["GET"]}}],"collection":[{"href":"https:\/\/unifranz.edu.bo\/pt\/wp-json\/wp\/v2\/posts"}],"about":[{"href":"https:\/\/unifranz.edu.bo\/pt\/wp-json\/wp\/v2\/types\/post"}],"author":[{"embeddable":true,"href":"https:\/\/unifranz.edu.bo\/pt\/wp-json\/wp\/v2\/users\/45"}],"replies":[{"embeddable":true,"href":"https:\/\/unifranz.edu.bo\/pt\/wp-json\/wp\/v2\/comments?post=535671"}],"version-history":[{"count":2,"href":"https:\/\/unifranz.edu.bo\/pt\/wp-json\/wp\/v2\/posts\/535671\/revisions"}],"predecessor-version":[{"id":536980,"href":"https:\/\/unifranz.edu.bo\/pt\/wp-json\/wp\/v2\/posts\/535671\/revisions\/536980"}],"wp:featuredmedia":[{"embeddable":true,"href":"https:\/\/unifranz.edu.bo\/pt\/wp-json\/wp\/v2\/media\/535812"}],"wp:attachment":[{"href":"https:\/\/unifranz.edu.bo\/pt\/wp-json\/wp\/v2\/media?parent=535671"}],"wp:term":[{"taxonomy":"category","embeddable":true,"href":"https:\/\/unifranz.edu.bo\/pt\/wp-json\/wp\/v2\/categories?post=535671"},{"taxonomy":"post_tag","embeddable":true,"href":"https:\/\/unifranz.edu.bo\/pt\/wp-json\/wp\/v2\/tags?post=535671"}],"curies":[{"name":"wp","href":"https:\/\/api.w.org\/{rel}","templated":true}]}}