{"id":507885,"date":"2024-09-20T18:28:31","date_gmt":"2024-09-20T22:28:31","guid":{"rendered":"https:\/\/unifranz.edu.bo\/?p=507885"},"modified":"2024-09-20T18:28:31","modified_gmt":"2024-09-20T22:28:31","slug":"consejos-protegernos-de-un-brote-de-varicela","status":"publish","type":"post","link":"https:\/\/unifranz.edu.bo\/pt\/blog\/consejos-protegernos-de-un-brote-de-varicela\/","title":{"rendered":"10 consejos clave para protegernos de un brote de varicela\u00a0"},"content":{"rendered":"<p><span style=\"color: #000000;\">Por Lily Zurita<\/span><\/p>\n<p><span style=\"font-weight: 400; color: #000000;\">La varicela es una enfermedad viral altamente contagiosa que afecta principalmente a los ni\u00f1os, aunque tambi\u00e9n puede presentarse en adultos que no han sido vacunados o que no han contra\u00eddo la enfermedad previamente.\u00a0<\/span><\/p>\n<p><span style=\"font-weight: 400; color: #000000;\">Un brote de varicela que afecta a las ciudades de La Paz y El Alto fue reportado en pasados d\u00edas por el viceministro de Promoci\u00f3n, Vigilancia Epidemiol\u00f3gica y Medicina Tradicional, Max Enr\u00edquez, quien pidi\u00f3 a los padres de familia hacer vacunar a sus hijos contra esta enfermedad viral y no alarmarse porque es propio de esta \u00e9poca del a\u00f1o en el pa\u00eds.<\/span><\/p>\n<p><span style=\"font-weight: 400; color: #000000;\">\u201c\u00c9sta es una \u00e9poca, podr\u00edamos decir, donde se presenta la varicela, por eso insistimos mucho en hacer vacunar a sus hijos. El plan nacional de inmunizaci\u00f3n, justamente, nos ayuda a prevenir estas enfermedades\u201d, se\u00f1ala la autoridad gubernamental de la salud.<\/span><\/p>\n<p><span style=\"font-weight: 400; color: #000000;\">Aunque generalmente es una enfermedad leve, la varicela puede tener complicaciones serias en algunos casos, por lo que es crucial tomar medidas de prevenci\u00f3n y cuidado, principalmente en entornos escolares, como escuelas, guarder\u00edas y otros lugares con alta concentraci\u00f3n de gente, donde puede propagarse r\u00e1pidamente.<\/span><\/p>\n<p><span style=\"font-weight: 400; color: #000000;\">Por su parte, Griselda Vargas, m\u00e9dica epidemi\u00f3loga con postgrado en educaci\u00f3n superior, terapia de grupos\u00a0 y directora de la carrera de Medicina de la Universidad Franz Tamayo, Unifranz, asegura que la prevenci\u00f3n de brotes de varicela no solo depende de la vacunaci\u00f3n y las medidas de higiene personal, sino tambi\u00e9n de una vigilancia epidemiol\u00f3gica adecuada.\u00a0<\/span><\/p>\n<p><span style=\"font-weight: 400; color: #000000;\">\u201cLas autoridades sanitarias deben mantener un monitoreo continuo de los casos y estar preparadas para implementar medidas de control como el cierre de instituciones educativas en casos de brotes significativos. Adem\u00e1s, la educaci\u00f3n continua de los profesionales de la salud y de la comunidad es crucial para reducir la propagaci\u00f3n de la enfermedad y minimizar su impacto\u201d, indica.<\/span><\/p>\n<p><span style=\"font-weight: 400; color: #000000;\">La acad\u00e9mica menciona 10 consejos clave para que los padres protejan a ni\u00f1os y adolescentes ante un brote de varicela:<\/span><\/p>\n<ul>\n<li aria-level=\"1\"><span style=\"color: #000000;\"><b>La vacuna es la mejor prevenci\u00f3n\u00a0<\/b><\/span><\/li>\n<\/ul>\n<p><span style=\"font-weight: 400; color: #000000;\">La vacunaci\u00f3n es la medida m\u00e1s efectiva para prevenir la varicela. Tanto ni\u00f1os como adultos que no han tenido la enfermedad deben recibir la vacuna, que se administra en dos dosis. La primera se da alrededor de los 12 meses de edad, y la segunda entre los 4 y 6 a\u00f1os. Si eres adulto y nunca te has vacunado ni has tenido varicela, consulta a tu m\u00e9dico para recibir la inmunizaci\u00f3n.<\/span><\/p>\n<ul>\n<li aria-level=\"1\"><span style=\"color: #000000;\"><b>Evita el contacto con personas infectadas<\/b><\/span><\/li>\n<\/ul>\n<p><span style=\"font-weight: 400; color: #000000;\">La varicela se transmite f\u00e1cilmente a trav\u00e9s del contacto directo con las erupciones cut\u00e1neas o por got\u00edculas que se dispersan al toser o estornudar. Si sabes que alguien cercano tiene varicela, trata de evitar el contacto cercano, especialmente si tu hijo no est\u00e1 vacunado.<\/span><\/p>\n<ul>\n<li aria-level=\"1\"><span style=\"color: #000000;\"><b>Mant\u00e9n una buena higiene personal<\/b><\/span><\/li>\n<\/ul>\n<p><span style=\"font-weight: 400; color: #000000;\">Lavarse las manos con frecuencia es una de las maneras m\u00e1s efectivas de prevenir infecciones. Aseg\u00farate de lavar tus manos y las de los ni\u00f1os con agua y jab\u00f3n, especialmente despu\u00e9s de toser, estornudar o tocar superficies potencialmente contaminadas.<\/span><\/p>\n<ul>\n<li aria-level=\"1\"><span style=\"color: #000000;\"><b>Desinfecta superficies y objetos comunes<\/b><\/span><\/li>\n<\/ul>\n<p><span style=\"font-weight: 400; color: #000000;\">En un brote de varicela, es fundamental mantener el entorno limpio. Desinfecta regularmente superficies como mesas, manillas de puertas, juguetes y cualquier objeto que pueda haber estado en contacto con una persona infectada. Usa productos desinfectantes que eliminen virus para reducir la posibilidad de propagaci\u00f3n.<\/span><\/p>\n<ul>\n<li aria-level=\"1\"><span style=\"color: #000000;\"><b>Evita compartir utensilios y objetos personales<\/b><\/span><\/li>\n<\/ul>\n<p><span style=\"font-weight: 400; color: #000000;\">No compartas toallas, vasos, platos u otros objetos personales con personas que presenten s\u00edntomas de varicela. El virus puede transmitirse a trav\u00e9s de estos elementos, por lo que es importante ser cuidadoso.<\/span><\/p>\n<ul>\n<li aria-level=\"1\"><span style=\"color: #000000;\"><b>Vigila los s\u00edntomas y acude al m\u00e9dico si es necesario<\/b><\/span><\/li>\n<\/ul>\n<p><span style=\"font-weight: 400; color: #000000;\">Los primeros signos de varicela incluyen fiebre, cansancio, dolor de cabeza y p\u00e9rdida de apetito, seguidos de una erupci\u00f3n cut\u00e1nea que se transforma en ampollas. Si t\u00fa o alguien en tu entorno presenta estos s\u00edntomas, es importante aislarse y consultar a un m\u00e9dico para recibir el tratamiento adecuado. En algunos casos, puede ser necesario tomar antivirales para evitar complicaciones.<\/span><\/p>\n<ul>\n<li aria-level=\"1\"><span style=\"color: #000000;\"><b>Mant\u00e9n a los ni\u00f1os en casa si presentan s\u00edntomas<\/b><\/span><\/li>\n<\/ul>\n<p><span style=\"font-weight: 400; color: #000000;\">Si t\u00fa hijo presenta s\u00edntomas de varicela, mantenlo en casa hasta que las ampollas se sequen y formen costras, lo que generalmente toma alrededor de una semana. Evitar la asistencia a la escuela o guarder\u00eda es esencial para evitar la propagaci\u00f3n de la enfermedad a otros ni\u00f1os.<\/span><\/p>\n<ul>\n<li aria-level=\"1\"><span style=\"color: #000000;\"><b>Descanso, hidrataci\u00f3n y nutrici\u00f3n adecuados\u00a0<\/b><\/span><\/li>\n<\/ul>\n<p><span style=\"font-weight: 400; color: #000000;\">Aseg\u00farate de que el ni\u00f1o tenga suficiente reposo para ayudar a su recuperaci\u00f3n. Adicionalmente, el ni\u00f1o debe tener una adecuada ingesta de l\u00edquidos y una dieta equilibrada para fortalecer su sistema inmunol\u00f3gico.<\/span><\/p>\n<ul>\n<li aria-level=\"1\"><span style=\"color: #000000;\"><b>Control de la fiebre<\/b><\/span><\/li>\n<\/ul>\n<p><span style=\"font-weight: 400; color: #000000;\">Esta enfermedad viral, generalmente, va acompa\u00f1ada de fiebre y muchos malestares, a fin de evitar complicaciones en la salud, se recomienda usar antipir\u00e9ticos, como paracetamol, para controlar la fiebre.<\/span><\/p>\n<ul>\n<li aria-level=\"1\"><span style=\"color: #000000;\"><b>Ropa c\u00f3moda<\/b><\/span><\/li>\n<\/ul>\n<p><span style=\"font-weight: 400; color: #000000;\">Finalmente, no est\u00e1 dem\u00e1s recomendar que el ni\u00f1o o la persona que atraviesa un cuadro de varicela use ropa ligera y suelta para evitar la irritaci\u00f3n de las lesiones<\/span><\/p>\n<p><span style=\"font-weight: 400; color: #000000;\">Un brote de varicela puede propagarse r\u00e1pidamente si no se toman las medidas adecuadas. La vacunaci\u00f3n, una buena higiene y el aislamiento de personas infectadas son esenciales para protegernos y evitar la propagaci\u00f3n del virus. <\/span><\/p>","protected":false},"excerpt":{"rendered":"<p>Por Lily Zurita La varicela es una enfermedad viral altamente contagiosa que afecta principalmente a los ni\u00f1os, aunque tambi\u00e9n puede presentarse en adultos que no han sido vacunados o que no han contra\u00eddo la enfermedad previamente.\u00a0 Un brote de varicela que afecta a las ciudades de La Paz y El Alto fue reportado en pasados &hellip; <a href=\"https:\/\/unifranz.edu.bo\/pt\/blog\/consejos-protegernos-de-un-brote-de-varicela\/\">Continued<\/a><\/p>","protected":false},"author":45,"featured_media":507886,"comment_status":"open","ping_status":"open","sticky":false,"template":"","format":"standard","meta":{"_acf_changed":false,"footnotes":""},"categories":[60,1862,1708,2858,2484,1782],"tags":[1622,1422,49,124,242,9162],"class_list":["post-507885","post","type-post","status-publish","format-standard","has-post-thumbnail","hentry","category-blog","category-educacion","category-innovacion","category-innovacion-en-educacion","category-medicina-es-2","category-unifranz","tag-carrera-de-medicina","tag-innovacion-en-educacion","tag-medicina","tag-salud","tag-unifranz","tag-varicela"],"acf":[],"_links":{"self":[{"href":"https:\/\/unifranz.edu.bo\/pt\/wp-json\/wp\/v2\/posts\/507885","targetHints":{"allow":["GET"]}}],"collection":[{"href":"https:\/\/unifranz.edu.bo\/pt\/wp-json\/wp\/v2\/posts"}],"about":[{"href":"https:\/\/unifranz.edu.bo\/pt\/wp-json\/wp\/v2\/types\/post"}],"author":[{"embeddable":true,"href":"https:\/\/unifranz.edu.bo\/pt\/wp-json\/wp\/v2\/users\/45"}],"replies":[{"embeddable":true,"href":"https:\/\/unifranz.edu.bo\/pt\/wp-json\/wp\/v2\/comments?post=507885"}],"version-history":[{"count":1,"href":"https:\/\/unifranz.edu.bo\/pt\/wp-json\/wp\/v2\/posts\/507885\/revisions"}],"predecessor-version":[{"id":507887,"href":"https:\/\/unifranz.edu.bo\/pt\/wp-json\/wp\/v2\/posts\/507885\/revisions\/507887"}],"wp:featuredmedia":[{"embeddable":true,"href":"https:\/\/unifranz.edu.bo\/pt\/wp-json\/wp\/v2\/media\/507886"}],"wp:attachment":[{"href":"https:\/\/unifranz.edu.bo\/pt\/wp-json\/wp\/v2\/media?parent=507885"}],"wp:term":[{"taxonomy":"category","embeddable":true,"href":"https:\/\/unifranz.edu.bo\/pt\/wp-json\/wp\/v2\/categories?post=507885"},{"taxonomy":"post_tag","embeddable":true,"href":"https:\/\/unifranz.edu.bo\/pt\/wp-json\/wp\/v2\/tags?post=507885"}],"curies":[{"name":"wp","href":"https:\/\/api.w.org\/{rel}","templated":true}]}}