{"id":501780,"date":"2024-09-19T11:14:22","date_gmt":"2024-09-19T15:14:22","guid":{"rendered":"https:\/\/unifranz.edu.bo\/?p=501780"},"modified":"2024-09-24T00:09:39","modified_gmt":"2024-09-24T04:09:39","slug":"congreso-internacional-de-ia-en-salud-de-unifranz-desafia-a-iniciar-una-nueva-era-en-la-atencion-medica-en-bolivia","status":"publish","type":"post","link":"https:\/\/unifranz.edu.bo\/pt\/blog\/congreso-internacional-de-ia-en-salud-de-unifranz-desafia-a-iniciar-una-nueva-era-en-la-atencion-medica-en-bolivia\/","title":{"rendered":"Congreso Internacional de IA en Salud de Unifranz desaf\u00eda a iniciar una \u201cnueva era\u201d en la atenci\u00f3n m\u00e9dica en Bolivia"},"content":{"rendered":"<p><span style=\"font-weight: 400; color: #000000;\">Con el firme prop\u00f3sito de impulsar el ingreso de los sistemas m\u00e9dicos a la era de la inteligencia artificial (IA) para responder de mejor manera a las necesidades y demandas de la poblaci\u00f3n, concluy\u00f3 el Congreso Internacional de Inteligencia Artificial en Salud que, durante dos d\u00edas reuni\u00f3, al menos, a medio millar de estudiantes, profesionales m\u00e9dicos y autoridades del \u00e1rea.<\/span><\/p>\n<p><span style=\"font-weight: 400; color: #000000;\">\u201cA trav\u00e9s de la academia queremos influir de manera positiva, para que tanto los estudiantes en formaci\u00f3n, como m\u00e9dicos y autoridades conozcan sobre la tecnolog\u00eda que se est\u00e1 utilizando y que ya se est\u00e1 utilizando a nivel mundial. Mostrar estas herramientas es muy importante porque es a trav\u00e9s del uso de la tecnolog\u00eda que vamos a responder, de mejor manera, a las necesidades de salud que tiene la poblaci\u00f3n y queremos estar a la vanguardia de esto\u201d, expres\u00f3 Jimmy Venegas, especialista en la aplicaci\u00f3n de la IA en medicina y decano acad\u00e9mico de la Universidad Franz Tamayo, Unifranz, organizadora del evento realizado el 17 y 18 de septiembre en Cochabamba.<\/span><\/p>\n<p><span style=\"font-weight: 400; color: #000000;\">Desaf\u00edos y oportunidades en la adopci\u00f3n de inteligencia artificial\u00a0 y ciencias de datos en la atenci\u00f3n m\u00e9dica; modelado predictivo de enfermedades mediante inteligencia artificial y su aplicaci\u00f3n cl\u00ednica; retos y experiencias en la implementaci\u00f3n de la historia cl\u00ednica electr\u00f3nica; evaluaci\u00f3n de resultados de salud y el impacto de las pol\u00edticas p\u00fablicas basadas en datos, son algunos de los temas que se abordaron en el congreso.<\/span><\/p>\n<p><span style=\"font-weight: 400; color: #000000;\">El congreso cont\u00f3 con la participaci\u00f3n de expertos internacionales de cinco pa\u00edses, que mostraron los avances y desarrollos logrados gracias al uso de IA, as\u00ed como las experiencias y triunfos de la aplicaci\u00f3n de estos sistemas.<\/span><\/p>\n<p><iframe loading=\"lazy\" title=\"YouTube video player\" src=\"https:\/\/www.youtube.com\/embed\/HCAjAyHeg-Y?si=cLHNhcmMIqqrYzaZ\" width=\"560\" height=\"315\" frameborder=\"0\" allowfullscreen=\"allowfullscreen\"><\/iframe><\/p>\n<p><span style=\"font-weight: 400; color: #000000;\">Carlos Otero, jefe de Inform\u00e1tica Cl\u00ednica en el departamento de Inform\u00e1tica en Salud del Hospital de Buenos Aires, Argentina; Agust\u00edn Marcos, coordinador de Servicios\u00a0Terminol\u00f3gicos, Hospital de Buenos Aires, Argentina; Fabi\u00e1n Villena, cient\u00edfico de datos del Instituto Milenio Fundamentos de los Datos de Chile y Priscila Cruzatti, especialista en la industria de la salud y las ciencias biol\u00f3gicas de LATAM Google Cloud de Brasil, compartieron su experiencia en este campo con todos los participantes.<\/span><\/p>\n<p><span style=\"font-weight: 400; color: #000000;\">Junto a ellos Roberto S\u00e1nchez, Consultor Nacional de Sistemas y Servicios de Salud Sistemas de Informaci\u00f3n para la Salud de la Organizaci\u00f3n Panamericana de la Salud OPS\/OMS en Bolivia; Alejandra Farias de la Organizaci\u00f3n Panamericana de la Salud OPS\/OMS en Bolivia; Martin Saban, Investigador del Centro de Innovaci\u00f3n en Pol\u00edticas Sanitarias del Instituto de Efectividad Cl\u00ednica y Sanitaria de la Universidad de Buenos Aires en Argentina; Andr\u00e9s Guti\u00e9rrez, director de Dise\u00f1o y Desarrollo de Tecnolog\u00edas para la salud en EDEN, startup de Silicon Valley; fueron\u00a0 algunos de los expertos de cinco pa\u00edses de Latinoam\u00e9rica que participaron en el evento.<\/span><\/p>\n<p><span style=\"color: #000000;\"><b>Conocimiento compartido<\/b><\/span><\/p>\n<p><span style=\"font-weight: 400; color: #000000;\">\u201cLa inteligencia artificial no va a reemplazar a los m\u00e9dicos, pero s\u00ed va a ser una amenaza para los m\u00e9dicos que no aprendan a usarla, expres\u00f3 Alejandra Farias, durante su ponencia en el evento, en la cual present\u00f3 un kit de 10 herramientas para evaluar y trabajar hacia la integraci\u00f3n de la IA en los sistemas sanitarios, elaborado por la OPS, instituci\u00f3n a la que representa.<\/span><\/p>\n<p><span style=\"font-weight: 400; color: #000000;\">\u201cEl uso de la inteligencia artificial est\u00e1 transformando la atenci\u00f3n m\u00e9dica. La automatizaci\u00f3n y el manejo de grandes cantidades de datos pueden mejorar no solo la atenci\u00f3n m\u00e9dica, sino tambi\u00e9n la gesti\u00f3n de sistemas, as\u00ed como el seguimiento de pacientes. Hoy estamos conociendo varias aplicaciones de inteligencia artificial en la salud p\u00fablica, desde mejorar diagn\u00f3sticos hasta reducir las listas de espera en urgencias mediante la aceleraci\u00f3n de tiempos de atenci\u00f3n\u201d, indic\u00f3.\u00a0<\/span><\/p>\n<p><span style=\"font-weight: 400; color: #000000;\">La experta, manifest\u00f3 que la IA se est\u00e1 utilizando en la vigilancia epidemiol\u00f3gica de enfermedades no transmisibles, las principales causas de muerte en la poblaci\u00f3n latinoamericana y que muchas veces no es monitoreada de manera correcta.\u00a0<\/span><\/p>\n<p><span style=\"font-weight: 400; color: #000000;\">\u201cAdem\u00e1s, en cirug\u00eda, la inteligencia artificial se emplea con robots y en intervenciones a distancia. Incluso, se usa para predecir problemas de salud, como la diabetes, y para hacer recomendaciones personalizadas a los usuarios sobre h\u00e1bitos de vida saludables\u201d, expres\u00f3.<\/span><\/p>\n<p><span style=\"font-weight: 400; color: #000000;\">Daniel Cornejo representante de Google Cloud para la regi\u00f3n, quien tambi\u00e9n particip\u00f3 del encuentro, se\u00f1al\u00f3 que con este congreso se marca un punto de inflexi\u00f3n respecto a c\u00f3mo se trabaja, vive y se brinda atenci\u00f3n a los pacientes.\u00a0<\/span><\/p>\n<p><span style=\"font-weight: 400; color: #000000;\">\u201cGoogle tiene la misi\u00f3n de organizar la informaci\u00f3n, hacerla accesible y \u00fatil de la mejor manera posible. Esto se aplica de manera especial a la salud, sobre todo ahora que tenemos a la IA como aliada y nos va a permitir tomar mejores decisiones en el tratamiento de los futuros pacientes, a las instituciones a dar una mejor atenci\u00f3n a los mismos y a los investigadores a tener mejores resultados. Desde Google queremos mostrarles todas las soluciones que tenemos en este \u00e1mbito, nuestra tecnolog\u00eda y c\u00f3mo podemos apoyar a esta revoluci\u00f3n en la salud\u201d, expres\u00f3.<\/span><\/p>\n<p><span style=\"font-weight: 400; color: #000000;\">Las experiencias alcanzadas por m\u00e9dicos y organizaciones en la b\u00fasqueda de soluciones y financiamiento para sus proyectos de tecnolog\u00eda y salud tambi\u00e9n tuvieron un espacio en el debate generado por el congreso. Andr\u00e9s Guti\u00e9rrez, director de Dise\u00f1o y Desarrollo de Tecnolog\u00edas para la salud en EDEN, startup de Silicon Valley, por ejemplo, expuso sobre las innovaciones alcanzadas por su empresa, dedicada al an\u00e1lisis de im\u00e1genes mediante IA e invit\u00f3 a los asistentes a animarse a innovar por el bien de sus sociedades.<\/span><\/p>\n<p><span style=\"font-weight: 400; color: #000000;\">\u201cLa inteligencia artificial puede lograr que millones y millones de diagn\u00f3sticos sean bien interpretados\u00a0y se eviten problemas y confusiones que pueden llevar a tratamientos incorrectos,\u00a0que pueden llevar a cirug\u00edas innecesarias e incluso a la muerte de los pacientes. Hay miles de problemas en salud all\u00e1 afuera por resolver. Es por eso que hoy los invito a ustedes a encontrar esos problemas y a encontrar sus soluciones\u201d, se\u00f1al\u00f3.<\/span><\/p>\n<p><span style=\"color: #000000;\"><b>Aprender con la pr\u00e1ctica<\/b><\/span><\/p>\n<p><span style=\"font-weight: 400; color: #000000;\">El segundo d\u00eda del evento se centr\u00f3 en el aprendizaje pr\u00e1ctico de las herramientas de IA en el campo de la salud, permitiendo el conocimiento de la tecnolog\u00eda, no como una caja negra, sino como algo tangible y \u00fatil, al ser aplicado de manera correcta.<\/span><\/p>\n<p><span style=\"font-weight: 400; color: #000000;\">\u201cTanto estudiantes como profesionales han tenido la oportunidad de utilizar estas herramientas, porque a veces es demasiado complejo hablar de algoritmos de predicci\u00f3n de enfermedades. Gracias al taller que hemos tenido el segundo d\u00eda, los asistentes pudieron ver de primera mano c\u00f3mo funcionan estas herramientas tecnol\u00f3gicas, utilizando IA, haciendo correr algunos algoritmos de proyecci\u00f3n de enfermedades\u201d, explic\u00f3 Venegas.<\/span><\/p>\n<p><span style=\"font-weight: 400; color: #000000;\">El m\u00e9dico especialista en IA indic\u00f3 que los asistentes al congreso trabajaron en tres fases, construyendo sus propias herramientas para generar modelos predictivos para cuatro patolog\u00edas prevalentes en el pa\u00eds: diabetes tipo 2, insuficiencia renal cr\u00f3nica, enfermedades respiratorias e hipertensi\u00f3n arterial, usando la IA para identificar elementos que se asocien a cada enfermedad.<\/span><\/p>\n<p><span style=\"font-weight: 400; color: #000000;\">\u201cHaciendo uso de IA para hacer un an\u00e1lisis de grandes vol\u00famenes de informaci\u00f3n, les hemos pasado bases de datos de 250 pacientes para cada una de las patolog\u00edas, en las que hay diferentes variables para que ellos puedan comparar, si, efectivamente, su an\u00e1lisis inicial fue adecuado. En una siguiente tercera fase, se corrieron algoritmos que mostraron cu\u00e1les factores se asocian m\u00e1s a una enfermedad, mostr\u00e1ndoles por primera vez c\u00f3mo es que el c\u00f3digo funciona, comparar lo que ellos han considerado como importante para cada patolog\u00eda contra lo que dice el algoritmo y sacar conclusiones que se compartieron al final del taller\u201d, puntualiz\u00f3 Venegas.<\/span><\/p>\n<p><span style=\"color: #000000;\"><b>Meet Up<\/b><\/span><\/p>\n<p><span style=\"font-weight: 400; color: #000000;\">D\u00edas previos al congreso, Unifranz organiz\u00f3 un Meet Up en el cual, expertos de Hospital Italiano de Buenos Aires presentaron los avances alcanzados por esta instituci\u00f3n en las \u00e1reas de registro, imagenolog\u00eda, dermatolog\u00eda y oncolog\u00eda mediante el uso de la IA de manera transversal a m\u00e9dicos, directores de hospitales, acad\u00e9micos y autoridades del sector salud de Cochabamba, quienes firmaron un manifiesto de intenciones para impulsar la implementaci\u00f3n de la inteligencia artificial y otras tecnolog\u00edas en los sistemas de salud de Bolivia.<\/span><\/p>\n<p><span style=\"font-weight: 400; color: #000000;\">\u201cEste manifiesto de intenciones representa el compromiso colectivo de avanzar hacia un sistema de salud moderno, eficiente e inclusivo. Donde la tecnolog\u00eda y el an\u00e1lisis de datos cumplen un papel crucial en la atenci\u00f3n m\u00e9dica. La colaboraci\u00f3n entre el sector p\u00fablico, privado y la academia ser\u00e1 crucial para alcanzar este cambio y asegurar que las soluciones desarrolladas beneficien a toda la sociedad cochabambina y boliviana\u201d, se\u00f1al\u00f3 An\u00edbal Cruz, exministro de Salud y actual secretario de Salud de la Alcald\u00eda de Cochabamba <\/span><\/p>","protected":false},"excerpt":{"rendered":"<p>Con el firme prop\u00f3sito de impulsar el ingreso de los sistemas m\u00e9dicos a la era de la inteligencia artificial (IA) para responder de mejor manera a las necesidades y demandas de la poblaci\u00f3n, concluy\u00f3 el Congreso Internacional de Inteligencia Artificial en Salud que, durante dos d\u00edas reuni\u00f3, al menos, a medio millar de estudiantes, profesionales &hellip; <a href=\"https:\/\/unifranz.edu.bo\/pt\/blog\/congreso-internacional-de-ia-en-salud-de-unifranz-desafia-a-iniciar-una-nueva-era-en-la-atencion-medica-en-bolivia\/\">Continued<\/a><\/p>","protected":false},"author":45,"featured_media":501781,"comment_status":"open","ping_status":"open","sticky":false,"template":"","format":"standard","meta":{"_acf_changed":false,"footnotes":""},"categories":[60,2038,9560,2566,1862,1004,2484,1782],"tags":[9837,1422,3446,49,242],"class_list":["post-501780","post","type-post","status-publish","format-standard","has-post-thumbnail","hentry","category-blog","category-congreso","category-congreso-internacional-de-ia-salud","category-docente","category-educacion","category-estudiantes","category-medicina-es-2","category-unifranz","tag-congreso-internacional-de-inteligencia-artificial-aplicada-en-medicina","tag-innovacion-en-educacion","tag-inteligencia-artificial","tag-medicina","tag-unifranz"],"acf":[],"_links":{"self":[{"href":"https:\/\/unifranz.edu.bo\/pt\/wp-json\/wp\/v2\/posts\/501780","targetHints":{"allow":["GET"]}}],"collection":[{"href":"https:\/\/unifranz.edu.bo\/pt\/wp-json\/wp\/v2\/posts"}],"about":[{"href":"https:\/\/unifranz.edu.bo\/pt\/wp-json\/wp\/v2\/types\/post"}],"author":[{"embeddable":true,"href":"https:\/\/unifranz.edu.bo\/pt\/wp-json\/wp\/v2\/users\/45"}],"replies":[{"embeddable":true,"href":"https:\/\/unifranz.edu.bo\/pt\/wp-json\/wp\/v2\/comments?post=501780"}],"version-history":[{"count":3,"href":"https:\/\/unifranz.edu.bo\/pt\/wp-json\/wp\/v2\/posts\/501780\/revisions"}],"predecessor-version":[{"id":501802,"href":"https:\/\/unifranz.edu.bo\/pt\/wp-json\/wp\/v2\/posts\/501780\/revisions\/501802"}],"wp:featuredmedia":[{"embeddable":true,"href":"https:\/\/unifranz.edu.bo\/pt\/wp-json\/wp\/v2\/media\/501781"}],"wp:attachment":[{"href":"https:\/\/unifranz.edu.bo\/pt\/wp-json\/wp\/v2\/media?parent=501780"}],"wp:term":[{"taxonomy":"category","embeddable":true,"href":"https:\/\/unifranz.edu.bo\/pt\/wp-json\/wp\/v2\/categories?post=501780"},{"taxonomy":"post_tag","embeddable":true,"href":"https:\/\/unifranz.edu.bo\/pt\/wp-json\/wp\/v2\/tags?post=501780"}],"curies":[{"name":"wp","href":"https:\/\/api.w.org\/{rel}","templated":true}]}}