{"id":497251,"date":"2024-09-16T00:24:41","date_gmt":"2024-09-16T04:24:41","guid":{"rendered":"https:\/\/unifranz.edu.bo\/?p=497251"},"modified":"2024-09-20T14:11:33","modified_gmt":"2024-09-20T18:11:33","slug":"padres-ausentes-silencio-complice-de-la-sociedad-perpetua-la-irresponsabilidad-paterna","status":"publish","type":"post","link":"https:\/\/unifranz.edu.bo\/pt\/blog\/padres-ausentes-silencio-complice-de-la-sociedad-perpetua-la-irresponsabilidad-paterna\/","title":{"rendered":"Padres ausentes: silencio c\u00f3mplice de la sociedad perpet\u00faa la irresponsabilidad paterna"},"content":{"rendered":"<p><span style=\"color: #000000;\">Por Jorge L\u00f3pez<\/span><\/p>\n<p><span style=\"font-weight: 400; color: #000000;\">En la narrativa social sobre el abandono infantil, rige un paradigma donde la figura materna es la que lleva el peso de la culpa y la cr\u00edtica, mientras que la responsabilidad paterna, en la mayor\u00eda de los casos, se diluye en un silencio preocupante.\u00a0<\/span><\/p>\n<p><span style=\"font-weight: 400; color: #000000;\">Aunque tambi\u00e9n existen casos donde la madre es la que abandona a los hijos, este enfoque unilateral no s\u00f3lo invisibiliza una parte crucial del problema, sino que tambi\u00e9n perpet\u00faa estigmas y din\u00e1micas de poder que afectan tanto a los ni\u00f1os como a las mujeres.<\/span><\/p>\n<p><span style=\"font-weight: 400; color: #000000;\">\u201cEl impacto del abandono infantil es un tema que debe abordarse con urgencia. Los ni\u00f1os que crecen sin una figura paterna presente y afectiva enfrentan enormes desaf\u00edos emocionales. La falta de una figura paterna puede llevar a la internalizaci\u00f3n de sentimientos de rechazo y abandono, afectando su desarrollo psicosocial\u201d, indica la directora de la carrera de Psicolog\u00eda de la Universidad Franz Tamayo, Unifranz, Liudmila Loayza.\u00a0<\/span><\/p>\n<p><span style=\"font-weight: 400; color: #000000;\">El abandono de un hijo, ya sea emocional o f\u00edsico, es una experiencia devastadora que deja cicatrices profundas. Los ni\u00f1os que son abandonados suelen enfrentar problemas de autoestima, inseguridad, y dificultades en establecer relaciones de confianza a lo largo de sus vidas.<\/span><\/p>\n<p><span style=\"font-weight: 400; color: #000000;\">\u201cEste paradigma es profundamente da\u00f1ino porque refuerza roles de g\u00e9nero obsoletos y carga a las madres con una responsabilidad injusta. Es fundamental que ambos padres sean considerados igualmente responsables en la crianza de los hijos\u201d, agrega la profesional psic\u00f3loga.\u00a0<\/span><\/p>\n<p><span style=\"font-weight: 400; color: #000000;\">Sin embargo, cuando se aborda el tema del abandono infantil, el foco se coloca casi exclusivamente sobre las madres. Se cuestiona su capacidad de cuidado, se analiza su estabilidad emocional, y se las juzga con severidad, mientras que los padres ausentes muchas veces escapan a la cr\u00edtica social.<\/span><\/p>\n<p><span style=\"color: #000000;\"><b>\u00bfPor qu\u00e9 se omite la discusi\u00f3n sobre la responsabilidad de los padres?\u00a0<\/b><\/span><\/p>\n<p><span style=\"font-weight: 400; color: #000000;\">\u00abLa construcci\u00f3n social del rol paterno como proveedor de recursos econ\u00f3micos para el hogar dej\u00f3 a los padres fuera del espectro emocional y del cuidado diario, lo que gener\u00f3 una brecha significativa en la percepci\u00f3n de su responsabilidad en el desarrollo infantil\u00bb, a\u00f1ade un estudio realizado por el Instituto Nacional de Antropolog\u00eda y Pensamiento Latinoamericano (INAPL).\u00a0<\/span><\/p>\n<p><span style=\"font-weight: 400; color: #000000;\">Este silencio puede estar arraigado en estereotipos de g\u00e9nero que hist\u00f3ricamente han asignado a las mujeres el rol principal en la crianza de los hijos. La figura del \u00abpadre proveedor\u00bb sigue profundamente arraigada en la cultura, relegando el cuidado emocional y f\u00edsico de los hijos a un segundo plano para los hombres.<\/span><\/p>\n<p><span style=\"font-weight: 400; color: #000000;\">La Asociaci\u00f3n Americana de Psicolog\u00eda (APA) sostiene que la participaci\u00f3n activa de los padres en la vida de sus hijos es fundamental para su bienestar emocional y desarrollo social. Sin embargo, la sociedad contin\u00faa subestimando la importancia de la figura paterna, lo que refuerza la idea de que la crianza es responsabilidad exclusiva de las madres.<\/span><\/p>\n<p><span style=\"font-weight: 400; color: #000000;\">No hablar del padre como parte de la responsabilidad en el abandono tiene consecuencias graves. Primero, perpet\u00faa la idea de que los hombres no son responsables del bienestar de sus hijos, lo que a su vez fomenta la irresponsabilidad y el desapego. Segundo, coloca una carga desproporcionada sobre las madres, quienes son dejadas a lidiar solas con las consecuencias del abandono, tanto en t\u00e9rminos emocionales como econ\u00f3micos.<\/span><\/p>\n<p><span style=\"color: #000000;\"><span style=\"font-weight: 400;\">El<\/span> <span style=\"font-weight: 400;\">Fondo de las Naciones Unidas para la Infancia, Unicef<\/span><i><span style=\"font-weight: 400;\">, <\/span><\/i><span style=\"font-weight: 400;\">advierte que la falta de una figura paterna activa y presente no solo afecta negativamente en el desarrollo emocional del ni\u00f1o, sino que tambi\u00e9n contribuye a perpetuar un ciclo de pobreza y exclusi\u00f3n social. Es fundamental que tanto las pol\u00edticas p\u00fablicas como la conciencia social se enfoquen en la corresponsabilidad de ambos padres.<\/span><\/span><\/p>\n<p><span style=\"font-weight: 400; color: #000000;\">Luego que un beb\u00e9 de pocos d\u00edas de nacido fuera abandonado en una oscura calle de la zona Alto Miraflores de La Paz, autoridades y expertos en materia de derecho de familia y derechos de los ni\u00f1os subrayan la urgencia de abordar esta problem\u00e1tica.<\/span><\/p>\n<p><span style=\"font-weight: 400; color: #000000;\">Este es el segundo caso reportado en menos de un mes en la urbe pace\u00f1a, lo que refleja una tendencia alarmante. El beb\u00e9, actualmente bajo el cuidado del Albergue Municipal Bicentenario, es atendido por un equipo multidisciplinario, y su estado de salud es estable.<\/span><\/p>\n<p><span style=\"font-weight: 400; color: #000000;\">Para romper con este ciclo, es crucial que las discusiones sobre el abandono infantil incluyan de manera equitativa la responsabilidad de los padres. La sociedad debe comenzar a cuestionar y desmontar los estereotipos de g\u00e9nero que limitan la participaci\u00f3n masculina en la crianza y exigir que los hombres asuman su rol en la vida de sus hijos.<\/span><\/p>\n<p><span style=\"color: #000000;\"><span style=\"font-weight: 400;\">\u00abEl fortalecimiento del rol paterno en la crianza no solo beneficia a los ni\u00f1os, sino que tambi\u00e9n contribuye al bienestar emocional de los padres, creando un entorno familiar m\u00e1s equilibrado y saludable\u00bb, se\u00f1ala la <\/span><i><span style=\"font-weight: 400;\">Organizaci\u00f3n Mundial de la Salud (OMS)<\/span><\/i><span style=\"font-weight: 400;\">.<\/span><\/span><\/p>\n<p><span style=\"font-weight: 400; color: #000000;\">Adem\u00e1s, las pol\u00edticas p\u00fablicas deben reforzar la responsabilidad paterna, no solo mediante sanciones legales, sino tambi\u00e9n a trav\u00e9s de programas educativos que promuevan la paternidad responsable. El abandono infantil no es solo una tragedia personal para quienes lo experimentan; es un reflejo de fallos estructurales y culturales que debemos enfrentar como sociedad.\u00a0\u00a0\u00a0\u00a0<\/span><\/p>","protected":false},"excerpt":{"rendered":"<p>Por Jorge L\u00f3pez En la narrativa social sobre el abandono infantil, rige un paradigma donde la figura materna es la que lleva el peso de la culpa y la cr\u00edtica, mientras que la responsabilidad paterna, en la mayor\u00eda de los casos, se diluye en un silencio preocupante.\u00a0 Aunque tambi\u00e9n existen casos donde la madre es &hellip; <a href=\"https:\/\/unifranz.edu.bo\/pt\/blog\/padres-ausentes-silencio-complice-de-la-sociedad-perpetua-la-irresponsabilidad-paterna\/\">Continued<\/a><\/p>","protected":false},"author":45,"featured_media":497252,"comment_status":"open","ping_status":"open","sticky":false,"template":"","format":"standard","meta":{"_acf_changed":false,"footnotes":""},"categories":[60,5152,3078,2194],"tags":[9859,1492,9861,7908,240,9857],"class_list":["post-497251","post","type-post","status-publish","format-standard","has-post-thumbnail","hentry","category-blog","category-familia","category-padres","category-psicologia","tag-abandono-de-hijos","tag-familia","tag-irresponsabilidad-paterna","tag-padre","tag-psicologia","tag-responsabilidad-paterna"],"acf":[],"_links":{"self":[{"href":"https:\/\/unifranz.edu.bo\/pt\/wp-json\/wp\/v2\/posts\/497251","targetHints":{"allow":["GET"]}}],"collection":[{"href":"https:\/\/unifranz.edu.bo\/pt\/wp-json\/wp\/v2\/posts"}],"about":[{"href":"https:\/\/unifranz.edu.bo\/pt\/wp-json\/wp\/v2\/types\/post"}],"author":[{"embeddable":true,"href":"https:\/\/unifranz.edu.bo\/pt\/wp-json\/wp\/v2\/users\/45"}],"replies":[{"embeddable":true,"href":"https:\/\/unifranz.edu.bo\/pt\/wp-json\/wp\/v2\/comments?post=497251"}],"version-history":[{"count":3,"href":"https:\/\/unifranz.edu.bo\/pt\/wp-json\/wp\/v2\/posts\/497251\/revisions"}],"predecessor-version":[{"id":507440,"href":"https:\/\/unifranz.edu.bo\/pt\/wp-json\/wp\/v2\/posts\/497251\/revisions\/507440"}],"wp:featuredmedia":[{"embeddable":true,"href":"https:\/\/unifranz.edu.bo\/pt\/wp-json\/wp\/v2\/media\/497252"}],"wp:attachment":[{"href":"https:\/\/unifranz.edu.bo\/pt\/wp-json\/wp\/v2\/media?parent=497251"}],"wp:term":[{"taxonomy":"category","embeddable":true,"href":"https:\/\/unifranz.edu.bo\/pt\/wp-json\/wp\/v2\/categories?post=497251"},{"taxonomy":"post_tag","embeddable":true,"href":"https:\/\/unifranz.edu.bo\/pt\/wp-json\/wp\/v2\/tags?post=497251"}],"curies":[{"name":"wp","href":"https:\/\/api.w.org\/{rel}","templated":true}]}}