{"id":478269,"date":"2024-09-07T18:16:13","date_gmt":"2024-09-07T22:16:13","guid":{"rendered":"https:\/\/unifranz.edu.bo\/?p=478269"},"modified":"2024-09-07T20:31:53","modified_gmt":"2024-09-08T00:31:53","slug":"santa-cruz-se-corona-como-campeon-del-intercolegial-de-padel-copa-unifranz-2024","status":"publish","type":"post","link":"https:\/\/unifranz.edu.bo\/pt\/blog\/santa-cruz-se-corona-como-campeon-del-intercolegial-de-padel-copa-unifranz-2024\/","title":{"rendered":"Santa Cruz se corona como campe\u00f3n del Intercolegial de P\u00e1del Copa Unifranz 2024"},"content":{"rendered":"<p><span style=\"color: #000000;\">La Copa Unifranz 2024 ya tiene un campe\u00f3n y es la dupla de Santa Cruz, conformada por Diego \u00c1lvarez y Leonardo L\u00f3pez, quienes se impusieron ante el equipo\u00a0de La Paz, representado por Leonardo Jofr\u00e9 y Sebasti\u00e1n Lijer\u00f3n, luego de una emocionante final llena de incertidumbre por el alto nivel de los jugadores.<\/span><\/p>\n<p><span style=\"color: #000000;\">Un partido \u00e9pico, as\u00ed fue definido el \u00faltimo duelo que dio una victoria muy re\u00f1ida al colegio Franco Boliviano. Tras el \u00faltimo silbatazo, el Campus Deportivo Unifranz, en la ciudad de Santa Cruz, se llen\u00f3 de aplausos y felicitaciones para los campeones, quienes se mostraron orgullosos del logro obtenido para su colegio y su regi\u00f3n. \u201cEstamos muy felices de haber ganado y con este triunfo queremos incentivar a que m\u00e1s j\u00f3venes sigan en el deporte\u201d, expres\u00f3 L\u00f3pez.<\/span><\/p>\n<p><span style=\"color: #000000;\">Por su parte, \u00c1lvarez manifest\u00f3 que \u201ces muy bonito representar a Santa Cruz\u201d e incentiv\u00f3 a los j\u00f3venes a sumarse al p\u00e1del y otros deportes. Es as\u00ed que el mayor t\u00edtulo del Torneo Intercolegial de P\u00e1del se queda en la capital cruce\u00f1a y, por segunda vez, con el Franco Boliviano. Jos\u00e9 Cuesta, coach del torneo, resalt\u00f3 que la clave de este triunfo fue que la dupla cruce\u00f1a supo estudiar al oponente y recuperarse de la derrota del primer enfrentamiento con el colegio Alem\u00e1n. \u201cPlantearon un juego diferente, m\u00e1s cauteloso, y les fue bien\u201d.<\/span><\/p>\n<p><span style=\"color: #000000;\">Leonardo Jofr\u00e9 y Sebasti\u00e1n Lijer\u00f3n, del colegio Alem\u00e1n de La Paz, ganaron el segundo lugar. Mientras que Santiago Lora y Sebasti\u00e1n Terrazas, del colegio Despertad de Cochabamba, quedaron en el tercer lugar del podio. Los seis estudiantes y campeones de sus departamentos recibieron las felicitaciones y los respectivos reconocimientos por sus logros y desempe\u00f1o en el torneo organizado por la Universidad Franz Tamayo, Unifranz.<\/span><\/p>\n<p><iframe loading=\"lazy\" title=\"YouTube video player\" src=\"https:\/\/www.youtube.com\/embed\/NWAvkAcYwlE?si=OkI_K3fb4vqOkiNQ\" width=\"560\" height=\"315\" frameborder=\"0\"><span style=\"color: #000000;\"><span data-mce-type=\"bookmark\" style=\"display: inline-block; width: 0px; overflow: hidden; line-height: 0;\" class=\"mce_SELRES_start\"><\/span><strong><b>Un torneo que integra al pa\u00ed<\/b><\/strong><strong style=\"letter-spacing: 0.02em;\"><b>s<\/b><\/strong><\/span><span style=\"color: #000000;\">La rectora de Unifranz, Ver\u00f3nica \u00c1greda, agradeci\u00f3 a los campeones y, en general, a las 76 duplas inscritas y a sus entrenadores por demostrar la unidad del pa\u00eds mediante el Torneo Intercolegial de P\u00e1del. Tambi\u00e9n destac\u00f3 la perseverancia y la coordinaci\u00f3n del flamante equipo campe\u00f3n, y anunci\u00f3 la realizaci\u00f3n de una tercera versi\u00f3n de la Copa Unifranz.<\/span><span style=\"color: #000000;\">\u201cEl deporte permite el desarrollo integral de las personas, permite que las personas tengan disciplina y que oxigenen las neuronas, lo que ayuda a un mejor proceso de ense\u00f1anza y aprendizaje; pero tambi\u00e9n se generan otros valores importantes: el trabajo en equipo, el esfuerzo, el aprendizaje de las ca\u00eddas y las derrotas, todo esto es importante para forjar el car\u00e1cter (\u2026) Para nosotros es muy importante generar estos espacios donde se promueve el deporte y se une al pa\u00eds\u201d, indic\u00f3 \u00c1greda.<\/span><span style=\"color: #000000;\">En tanto que Carlos Dabdoub, vicerrector de Unifranz Santa Cruz, resalt\u00f3 que este evento es un ejemplo de que \u201ca trav\u00e9s del deporte se puede hacer una integraci\u00f3n entre los pueblos y entre todos los bolivianos\u201d. \u201cNos sentimos muy complacidos de haber sido los anfitriones de este segundo Torneo Intercolegial de P\u00e1del\u201d, destac\u00f3.<\/span><\/p>\n<p><span style=\"color: #000000;\">El p\u00e1del es un deporte que crece cada vez m\u00e1s en el pa\u00eds y el mundo. La facilidad de su pr\u00e1ctica y su car\u00e1cter integrador hacen de \u00e9sta una disciplina \u00fanica, que hoy por hoy es promovida por Unifranz entre los m\u00e1s j\u00f3venes.<\/span><\/p>\n<figure id=\"attachment_478273\" aria-describedby=\"caption-attachment-478273\" style=\"width: 795px\" class=\"wp-caption aligncenter\"><img loading=\"lazy\" decoding=\"async\" class=\"wp-image-478273\" src=\"https:\/\/unifranz.edu.bo\/wp-content\/uploads\/2024\/09\/FINAL-PADEL2024-3BLOG-300x155.jpg\" alt=\"\" width=\"795\" height=\"411\" srcset=\"https:\/\/unifranz.edu.bo\/wp-content\/uploads\/2024\/09\/FINAL-PADEL2024-3BLOG-300x155.jpg 300w, https:\/\/unifranz.edu.bo\/wp-content\/uploads\/2024\/09\/FINAL-PADEL2024-3BLOG-1024x529.jpg 1024w, https:\/\/unifranz.edu.bo\/wp-content\/uploads\/2024\/09\/FINAL-PADEL2024-3BLOG-768x397.jpg 768w, https:\/\/unifranz.edu.bo\/wp-content\/uploads\/2024\/09\/FINAL-PADEL2024-3BLOG-18x9.jpg 18w, https:\/\/unifranz.edu.bo\/wp-content\/uploads\/2024\/09\/FINAL-PADEL2024-3BLOG.jpg 1200w\" sizes=\"auto, (max-width: 795px) 100vw, 795px\" \/><figcaption id=\"caption-attachment-478273\" class=\"wp-caption-text\"><em><span style=\"color: #000000;\">Los campeones de la Copa Unifranz 2024, Leonardo L\u00f3pez y Diego \u00c1lvarez, del colegio Franco Boliviano de Santa Cruz.<\/span><\/em><\/figcaption><\/figure>\n<p>&nbsp;<\/p>\n<p>&nbsp;<\/p>\n<p>&nbsp;<\/p>\n<p><\/iframe><\/p>\n<p><span style=\"color: #000000;\"><b>Un torneo que integra al pa\u00eds<\/b><\/span><\/p>\n<p><span style=\"font-weight: 400; color: #000000;\">La rectora de Unifranz, Ver\u00f3nica \u00c1greda, agradeci\u00f3 a los campeones y, en general, a las 76 duplas inscritas y a sus entrenadores por demostrar la unidad del pa\u00eds mediante el Torneo Intercolegial de P\u00e1del. Tambi\u00e9n destac\u00f3 la perseverancia y la coordinaci\u00f3n del flamante equipo campe\u00f3n, y anunci\u00f3 la realizaci\u00f3n de una tercera versi\u00f3n de la Copa Unifranz.<\/span><\/p>\n<p><span style=\"font-weight: 400; color: #000000;\">\u201cEl deporte permite el desarrollo integral de las personas, permite que las personas tengan disciplina y que oxigenen las neuronas, lo que ayuda a un mejor proceso de ense\u00f1anza y aprendizaje; pero tambi\u00e9n se generan otros valores importantes: el trabajo en equipo, el esfuerzo, el aprendizaje de las ca\u00eddas y las derrotas, todo esto es importante para forjar el car\u00e1cter (\u2026) Para nosotros es muy importante generar estos espacios donde se promueve el deporte y se une al pa\u00eds\u201d, indic\u00f3 \u00c1greda.\u00a0<\/span><\/p>\n<p><span style=\"font-weight: 400; color: #000000;\">En tanto que Carlos Dabdoub, vicerrector de Unifranz Santa Cruz, resalt\u00f3 que este evento es un ejemplo de que \u201ca trav\u00e9s del deporte se puede hacer una integraci\u00f3n entre los pueblos y entre todos los bolivianos\u201d. \u201cNos sentimos muy complacidos de haber sido los anfitriones de este segundo Torneo Intercolegial de P\u00e1del\u201d, destac\u00f3.<\/span><\/p>\n<p><span style=\"font-weight: 400; color: #000000;\">El p\u00e1del es un deporte que crece cada vez m\u00e1s en el pa\u00eds y el mundo. La facilidad de su pr\u00e1ctica y su car\u00e1cter integrador hacen de \u00e9sta una disciplina \u00fanica, que hoy por hoy es promovida por Unifranz entre los m\u00e1s j\u00f3venes.<\/span><\/p>\n<figure id=\"attachment_478337\" aria-describedby=\"caption-attachment-478337\" style=\"width: 939px\" class=\"wp-caption aligncenter\"><img loading=\"lazy\" decoding=\"async\" class=\"wp-image-478337\" src=\"https:\/\/unifranz.edu.bo\/wp-content\/uploads\/2024\/09\/FINAL-PADEL-2-MEDIOS-300x200.jpg\" alt=\"La Copa Unifranz 2024 ya tiene un campe\u00f3n y es la dupla de Santa Cruz, conformada por Diego \u00c1lvarez y Leonardo L\u00f3pez.\" width=\"939\" height=\"626\" srcset=\"https:\/\/unifranz.edu.bo\/wp-content\/uploads\/2024\/09\/FINAL-PADEL-2-MEDIOS-300x200.jpg 300w, https:\/\/unifranz.edu.bo\/wp-content\/uploads\/2024\/09\/FINAL-PADEL-2-MEDIOS-1024x683.jpg 1024w, https:\/\/unifranz.edu.bo\/wp-content\/uploads\/2024\/09\/FINAL-PADEL-2-MEDIOS-768x512.jpg 768w, https:\/\/unifranz.edu.bo\/wp-content\/uploads\/2024\/09\/FINAL-PADEL-2-MEDIOS-18x12.jpg 18w, https:\/\/unifranz.edu.bo\/wp-content\/uploads\/2024\/09\/FINAL-PADEL-2-MEDIOS.jpg 1200w\" sizes=\"auto, (max-width: 939px) 100vw, 939px\" \/><figcaption id=\"caption-attachment-478337\" class=\"wp-caption-text\"><em><span style=\"color: #000000;\">La Copa Unifranz 2024 ya tiene un campe\u00f3n y es la dupla de Santa Cruz, conformada por Diego \u00c1lvarez y Leonardo L\u00f3pez.<\/span><\/em><\/figcaption><\/figure>","protected":false},"excerpt":{"rendered":"<p>La Copa Unifranz 2024 ya tiene un campe\u00f3n y es la dupla de Santa Cruz, conformada por Diego \u00c1lvarez y Leonardo L\u00f3pez, quienes se impusieron ante el equipo\u00a0de La Paz, representado por Leonardo Jofr\u00e9 y Sebasti\u00e1n Lijer\u00f3n, luego de una emocionante final llena de incertidumbre por el alto nivel de los jugadores. Un partido \u00e9pico, &hellip; <a href=\"https:\/\/unifranz.edu.bo\/pt\/blog\/santa-cruz-se-corona-como-campeon-del-intercolegial-de-padel-copa-unifranz-2024\/\">Continued<\/a><\/p>","protected":false},"author":45,"featured_media":478272,"comment_status":"open","ping_status":"open","sticky":false,"template":"","format":"standard","meta":{"_acf_changed":false,"footnotes":""},"categories":[60,6741,6743,1782],"tags":[9698,9702,7800,416,9700,6747,1422,6619,9576,242],"class_list":["post-478269","post","type-post","status-publish","format-standard","has-post-thumbnail","hentry","category-blog","category-copa-unifranz-es","category-padel-es","category-unifranz","tag-aleman","tag-campeones","tag-colegio","tag-deporte","tag-despertad","tag-franco-boliviano","tag-innovacion-en-educacion","tag-padel","tag-torneo-intercolegial-de-padel-copa-unifranz-2024","tag-unifranz"],"acf":[],"_links":{"self":[{"href":"https:\/\/unifranz.edu.bo\/pt\/wp-json\/wp\/v2\/posts\/478269","targetHints":{"allow":["GET"]}}],"collection":[{"href":"https:\/\/unifranz.edu.bo\/pt\/wp-json\/wp\/v2\/posts"}],"about":[{"href":"https:\/\/unifranz.edu.bo\/pt\/wp-json\/wp\/v2\/types\/post"}],"author":[{"embeddable":true,"href":"https:\/\/unifranz.edu.bo\/pt\/wp-json\/wp\/v2\/users\/45"}],"replies":[{"embeddable":true,"href":"https:\/\/unifranz.edu.bo\/pt\/wp-json\/wp\/v2\/comments?post=478269"}],"version-history":[{"count":8,"href":"https:\/\/unifranz.edu.bo\/pt\/wp-json\/wp\/v2\/posts\/478269\/revisions"}],"predecessor-version":[{"id":478349,"href":"https:\/\/unifranz.edu.bo\/pt\/wp-json\/wp\/v2\/posts\/478269\/revisions\/478349"}],"wp:featuredmedia":[{"embeddable":true,"href":"https:\/\/unifranz.edu.bo\/pt\/wp-json\/wp\/v2\/media\/478272"}],"wp:attachment":[{"href":"https:\/\/unifranz.edu.bo\/pt\/wp-json\/wp\/v2\/media?parent=478269"}],"wp:term":[{"taxonomy":"category","embeddable":true,"href":"https:\/\/unifranz.edu.bo\/pt\/wp-json\/wp\/v2\/categories?post=478269"},{"taxonomy":"post_tag","embeddable":true,"href":"https:\/\/unifranz.edu.bo\/pt\/wp-json\/wp\/v2\/tags?post=478269"}],"curies":[{"name":"wp","href":"https:\/\/api.w.org\/{rel}","templated":true}]}}